{"id":966,"date":"2022-09-08T21:49:43","date_gmt":"2022-09-08T21:49:43","guid":{"rendered":"https:\/\/prahasobe.cz\/praha9sobe\/?p=966"},"modified":"2022-09-08T21:50:04","modified_gmt":"2022-09-08T21:50:04","slug":"mestsky-urad-ma-byt-pro-lidi-partner","status":"publish","type":"post","link":"https:\/\/prahasobe.cz\/praha9sobe\/2022\/09\/08\/mestsky-urad-ma-byt-pro-lidi-partner\/","title":{"rendered":"M\u011bstsk\u00fd \u00fa\u0159ad m\u00e1 b\u00fdt pro lidi partner"},"content":{"rendered":"\n<p>Jednoduch\u00fd a&nbsp;rychl\u00fd p\u0159\u00edstup ob\u010dan\u016f k&nbsp;informac\u00edm m\u00e1 p\u0159\u00edzniv\u00fd vliv na d\u016fv\u011bru v&nbsp;demokracii a&nbsp;na ochotu pod\u00edlet se na ve\u0159ejn\u00e9m \u017eivot\u011b. Ve\u0159ejn\u00e1 kontrola je d\u016fle\u017eitou zp\u011btnou vazbou a&nbsp;pojistkou proti zneu\u017eit\u00ed ve\u0159ejn\u00e9 moci. Mysl\u00edme si, \u017ee Praha 9 m\u00e1 v&nbsp;principech otev\u0159en\u00e9ho vl\u00e1dnut\u00ed co doh\u00e1n\u011bt:<\/p>\n\n\n\n<div style=\"height:10px\" aria-hidden=\"true\" class=\"wp-block-spacer\"><\/div>\n\n\n\n<p><strong>Interpelace<\/strong><\/p>\n\n\n\n<div style=\"height:10px\" aria-hidden=\"true\" class=\"wp-block-spacer\"><\/div>\n\n\n\n<p>D\u00edky na\u0161emu tlaku se a\u017e letos na ja\u0159e poda\u0159ilo prosadit, aby ob\u010dan\u00e9 mohli na jedn\u00e1n\u00ed zastupitelstva interpelovat tak\u00e9 v&nbsp;16.00, tud\u00ed\u017e si nemuseli na dopoledne br\u00e1t volno v&nbsp;pr\u00e1ci. St\u00e1le prosazujeme, aby byl z\u00e1znam z&nbsp;jedn\u00e1n\u00ed zastupitelstva m\u011bstsk\u00e9 \u010d\u00e1sti ve\u0159ejn\u011b dostupn\u00fd online.<\/p>\n\n\n\n<div style=\"height:10px\" aria-hidden=\"true\" class=\"wp-block-spacer\"><\/div>\n\n\n\n<p><strong>Web<\/strong><\/p>\n\n\n\n<div style=\"height:10px\" aria-hidden=\"true\" class=\"wp-block-spacer\"><\/div>\n\n\n\n<p>Je t\u0159eba p\u0159ed\u011blat u\u017eivatelsky nep\u0159\u00edv\u011btiv\u00fd a&nbsp;zastaral\u00fd web m\u011bstsk\u00e9 \u010d\u00e1sti, kde je dnes velmi slo\u017eit\u00e9 cokoli naj\u00edt. <\/p>\n\n\n\n<div style=\"height:10px\" aria-hidden=\"true\" class=\"wp-block-spacer\"><\/div>\n\n\n\n<p>Na webu m\u011bstsk\u00e9 \u010d\u00e1sti mus\u00ed b\u00fdt transparentn\u011b a&nbsp;snadno dostupn\u00e9 z\u00e1sadn\u00ed dokumenty jako strategick\u00fd pl\u00e1n, pravidla pro ud\u011blov\u00e1n\u00ed m\u011bstsk\u00fdch byt\u016f nebo t\u0159eba schv\u00e1len\u00e9 dotace z&nbsp;m\u011bstsk\u00e9ho rozpo\u010dtu apod. <\/p>\n\n\n\n<div style=\"height:10px\" aria-hidden=\"true\" class=\"wp-block-spacer\"><\/div>\n\n\n\n<p><strong>Rozpo\u010det<\/strong><\/p>\n\n\n\n<div style=\"height:10px\" aria-hidden=\"true\" class=\"wp-block-spacer\"><\/div>\n\n\n\n<p>Rozpo\u010det m\u011bstsk\u00e9 \u010d\u00e1sti v&nbsp;pdf dokumentu je v&nbsp;21.&nbsp;stolet\u00ed anachronismem. Nejlep\u0161\u00ed n\u00e1pravou by bylo zapojen\u00ed do vizualiza\u010dn\u00ed aplikace <strong>Cityvizor<\/strong>, kde jsou p\u0159ehledn\u011b vid\u011bt faktury za jednotliv\u00e9 slu\u017eby a&nbsp;majetek, co m\u011bstsk\u00e1 \u010d\u00e1st nakupuje.<\/p>\n\n\n\n<div style=\"height:10px\" aria-hidden=\"true\" class=\"wp-block-spacer\"><\/div>\n\n\n\n<p><strong>\u00da\u0159edn\u00ed deska<\/strong><\/p>\n\n\n\n<div style=\"height:10px\" aria-hidden=\"true\" class=\"wp-block-spacer\"><\/div>\n\n\n\n<p>Z\u00e1sadn\u00ed informace t\u00fdkaj\u00edc\u00ed se nap\u0159\u00edklad v\u00fdstavby se zobrazuj\u00ed pouze na \u00fa\u0159edn\u00ed desce, tak\u017ee pokud ji ob\u010dan pravideln\u011b nesleduje, nem\u00e1 \u0161anci se o&nbsp;nich dozv\u011bd\u011bt. Pomohlo by t\u0159eba propojen\u00ed s&nbsp;aplikac\u00ed <strong>mobiln\u00ed rozhlas<\/strong>, p\u0159es kterou se v&nbsp;sou\u010dasnosti ob\u010dan\u00e9 dozv\u00eddaj\u00ed t\u00e9m\u011b\u0159 jen o&nbsp;pozv\u00e1nk\u00e1ch na akce na \u00fazem\u00ed Prahy 9.&nbsp;\u00da\u0159edn\u00ed deska by m\u011bla obsahovat i&nbsp;&#8220;historii&#8221;, aby \u0161ly informace, kter\u00e9 nyn\u00ed po&nbsp;ur\u010dit\u00e9 lh\u016ft\u011b miz\u00ed, dohledat zp\u011btn\u011b.<\/p>\n\n\n\n<div style=\"height:10px\" aria-hidden=\"true\" class=\"wp-block-spacer\"><\/div>\n\n\n\n<p><strong>Radni\u010dn\u00ed zpravodaj<\/strong><\/p>\n\n\n\n<div style=\"height:10px\" aria-hidden=\"true\" class=\"wp-block-spacer\"><\/div>\n\n\n\n<p>Magaz\u00edn Dev\u00edtka vyd\u00e1van\u00fd m\u011bstskou \u010d\u00e1st\u00ed ka\u017ed\u00fd m\u011bs\u00edc by mohl p\u0159estat b\u00fdt PR&nbsp;n\u00e1strojem radn\u00edch bez snahy reflektovat kritick\u00e9 podn\u011bty, petice nebo iniciativy ob\u010dan\u016f. <\/p>\n","protected":false},"excerpt":{"rendered":"<p>Praha 9 m\u00e1 v&nbsp;principech otev\u0159en\u00e9ho vl\u00e1dnut\u00ed co doh\u00e1n\u011bt.<\/p>\n","protected":false},"author":10,"featured_media":819,"comment_status":"open","ping_status":"open","sticky":false,"template":"","format":"standard","meta":{"inline_featured_image":false},"categories":[4],"tags":[],"acf":[],"aioseo_notices":[],"_links":{"self":[{"href":"https:\/\/prahasobe.cz\/praha9sobe\/wp-json\/wp\/v2\/posts\/966"}],"collection":[{"href":"https:\/\/prahasobe.cz\/praha9sobe\/wp-json\/wp\/v2\/posts"}],"about":[{"href":"https:\/\/prahasobe.cz\/praha9sobe\/wp-json\/wp\/v2\/types\/post"}],"author":[{"embeddable":true,"href":"https:\/\/prahasobe.cz\/praha9sobe\/wp-json\/wp\/v2\/users\/10"}],"replies":[{"embeddable":true,"href":"https:\/\/prahasobe.cz\/praha9sobe\/wp-json\/wp\/v2\/comments?post=966"}],"version-history":[{"count":2,"href":"https:\/\/prahasobe.cz\/praha9sobe\/wp-json\/wp\/v2\/posts\/966\/revisions"}],"predecessor-version":[{"id":968,"href":"https:\/\/prahasobe.cz\/praha9sobe\/wp-json\/wp\/v2\/posts\/966\/revisions\/968"}],"wp:featuredmedia":[{"embeddable":true,"href":"https:\/\/prahasobe.cz\/praha9sobe\/wp-json\/wp\/v2\/media\/819"}],"wp:attachment":[{"href":"https:\/\/prahasobe.cz\/praha9sobe\/wp-json\/wp\/v2\/media?parent=966"}],"wp:term":[{"taxonomy":"category","embeddable":true,"href":"https:\/\/prahasobe.cz\/praha9sobe\/wp-json\/wp\/v2\/categories?post=966"},{"taxonomy":"post_tag","embeddable":true,"href":"https:\/\/prahasobe.cz\/praha9sobe\/wp-json\/wp\/v2\/tags?post=966"}],"curies":[{"name":"wp","href":"https:\/\/api.w.org\/{rel}","templated":true}]}}