{"id":939,"date":"2022-08-26T18:30:47","date_gmt":"2022-08-26T18:30:47","guid":{"rendered":"https:\/\/prahasobe.cz\/praha9sobe\/?p=939"},"modified":"2022-08-26T18:32:25","modified_gmt":"2022-08-26T18:32:25","slug":"resime-preplnene-ulice-a-tranzitni-dopravu","status":"publish","type":"post","link":"https:\/\/prahasobe.cz\/praha9sobe\/2022\/08\/26\/resime-preplnene-ulice-a-tranzitni-dopravu\/","title":{"rendered":"\u0158e\u0161\u00edme p\u0159epln\u011bn\u00e9 ulice a&nbsp;tranzitn\u00ed dopravu"},"content":{"rendered":"\n<p><strong>Tunel Hloub\u011bt\u00edn je prvn\u00edm krokem, uleh\u010den\u00ed pot\u0159ebuj\u00ed i&nbsp;Libe\u0148 a&nbsp;Vyso\u010dany<\/strong>.<\/p>\n\n\n\n<div style=\"height:10px\" aria-hidden=\"true\" class=\"wp-block-spacer\"><\/div>\n\n\n\n<p>Pr\u016fmyslov\u00fd polookruh tvo\u0159en\u00fd ulicemi Pr\u016fmyslov\u00e1 a&nbsp;Kbelsk\u00e1 dnes pln\u00ed funkci chyb\u011bj\u00edc\u00edch \u010d\u00e1st\u00ed okruh\u016f. Jsou zde jedny z\u00a0nejru\u0161n\u011bj\u0161\u00edch povrchov\u00fdch k\u0159i\u017eovatek v&nbsp;Praze. V&nbsp;tak d\u016fle\u017eit\u00e9m m\u00edst\u011b m\u00e1 doprava fungovat bezchybn\u011b. Zat\u00edm to tak bohu\u017eel nen\u00ed.<\/p>\n\n\n\n<div style=\"height:10px\" aria-hidden=\"true\" class=\"wp-block-spacer\"><\/div>\n\n\n\n<p>D\u00edky n\u00e1m\u011bstkovi pro dopravu Adamu Scheinherrovi schv\u00e1lila rada hlavn\u00edho m\u011bsta vyps\u00e1n\u00ed ve\u0159ejn\u00e9 zak\u00e1zky na projektanta nov\u00e9ho tunelu Hloub\u011bt\u00edn, \u00fapravy k\u0159i\u017eovatek Pr\u016fmyslov\u00e1 \u2013 Kbelsk\u00e1 x Pod\u011bbradsk\u00e1 i&nbsp;Kbelsk\u00e1 x Kolbenova a&nbsp;jejich okol\u00ed.<\/p>\n\n\n\n<div style=\"height:10px\" aria-hidden=\"true\" class=\"wp-block-spacer\"><\/div>\n\n\n\n<p>\u0158idi\u010di u\u017e za p\u00e1r let nebudou muset \u010dekat na k\u0159i\u017eovatk\u00e1ch a&nbsp;projedou pohodln\u011b bez zastaven\u00ed pod zem\u00ed. Z\u00e1rove\u0148 na povrchu vzniknou nov\u00e1 stromo\u0159ad\u00ed a&nbsp;kvalitn\u00ed cesty pro p\u011b\u0161\u00ed a&nbsp;cyklisty.<\/p>\n\n\n\n<div style=\"height:10px\" aria-hidden=\"true\" class=\"wp-block-spacer\"><\/div>\n\n\n\n<p>Prvn\u00ed pr\u00e1ce za\u010daly u\u017e letos \u00fapravou signalizac\u00ed a&nbsp;\u0159adic\u00edch pruh\u016f v\u010detn\u011b v\u00fdstavby dvou podchod\u016f pro p\u011b\u0161\u00ed pod \u017eelezni\u010dn\u00ed trat\u00ed pod\u00e9l Kbelsk\u00e9.<\/p>\n\n\n\n<div style=\"height:10px\" aria-hidden=\"true\" class=\"wp-block-spacer\"><\/div>\n\n\n\n<p>Zkapacitn\u011bn\u00ed Pr\u016fmyslov\u00e9ho polookruhu je jedna z\u00a0nejd\u016fle\u017eit\u011bj\u0161\u00edch silni\u010dn\u00edch staveb, kter\u00e9 mohou za\u010d\u00edt fungovat do konce dek\u00e1dy a&nbsp;v\u00fdrazn\u011b pomohou Dev\u00edtce i&nbsp;plynulosti dopravy ve m\u011bst\u011b.<\/p>\n\n\n\n<div style=\"height:10px\" aria-hidden=\"true\" class=\"wp-block-spacer\"><\/div>\n\n\n\n<p>Pod zem se v&nbsp;budoucnu d\u00edky postupu v&nbsp;pl\u00e1nov\u00e1n\u00ed, o&nbsp;kter\u00fd se zasadila PRAHA SOB\u011a, dostane i&nbsp;\u010d\u00e1st m\u011bstsk\u00e9ho okruhu navazuj\u00edc\u00ed na ulici Povltavsk\u00e1, co\u017e v\u00fdrazn\u011b zklidn\u00ed tak\u00e9 Libe\u0148 a&nbsp;Nov\u00e9 Vyso\u010dany. Zasad\u00edme se o&nbsp;to, aby i&nbsp;v&nbsp;t\u00e9to lokalit\u011b do\u0161lo v\u00a0souvislosti s&nbsp;realizac\u00ed akce k\u00a0v\u00fdznamn\u00fdm \u00faprav\u00e1m ve\u0159ejn\u00e9ho prostoru a&nbsp;re\u00e1ln\u00e9mu zklidn\u011bn\u00ed dopravy.<\/p>\n\n\n\n<div style=\"height:10px\" aria-hidden=\"true\" class=\"wp-block-spacer\"><\/div>\n\n\n\n<p><strong>M\u011bstsk\u00e1 \u010d\u00e1st mus\u00ed dohl\u00ed\u017eet na to, aby se tyto projekty neodsouvaly a&nbsp;aby v\u017edy obsahovaly kvalitn\u00ed \u00fapravu okol\u00ed dopravn\u00edch staveb.<\/strong><\/p>\n\n\n\n<div style=\"height:10px\" aria-hidden=\"true\" class=\"wp-block-spacer\"><\/div>\n\n\n\n<p>Jako sou\u010d\u00e1st \u0159e\u0161en\u00ed napln\u011bn\u00e9 kapacity komunikac\u00ed automobilovou dopravou podpo\u0159\u00edme tak\u00e9 ve\u0159ejnou a&nbsp;alternativn\u00ed p\u0159epravu.<\/p>\n\n\n\n<div style=\"height:30px\" aria-hidden=\"true\" class=\"wp-block-spacer\"><\/div>\n\n\n\n<p><\/p>\n\n\n<div id=\"ps-block_62596a55d9ac3\" class=\"section custom-bgc custom-bgc-regular outline outline-yellow rounded rounded-tl rounded-tr rounded-bl rounded-br\">\n\n\n<h4 class=\"wp-block-heading\">Podporujeme r\u016fzn\u00e9 druhy dopravy a&nbsp;prostupnost \u00fazem\u00ed<\/h4>\n\n\n\n<div style=\"height:10px\" aria-hidden=\"true\" class=\"wp-block-spacer\"><\/div>\n\n\n\n<p>Chceme, aby m\u011bsto pat\u0159ilo v\u0161em. \u0158idi\u010d\u016fm aut, cyklist\u016fm i&nbsp;p\u011b\u0161\u00edm a&nbsp;ve m\u011bst\u011b nemaj\u00ed b\u00fdt zbyte\u010dn\u00e9 p\u0159ek\u00e1\u017eky pro nikoho. M\u011bstsk\u00e1 \u010d\u00e1st mus\u00ed z\u00e1rove\u0148 db\u00e1t i&nbsp;na logick\u00e9 n\u00e1vaznosti na okoln\u00ed \u00fazem\u00ed v&nbsp;metropoli.<\/p>\n\n\n\n<p>Je\u0161t\u011b v\u00edc se d\u00e1 dos\u00e1hnout kvalitn\u00ed spoluprac\u00ed s&nbsp;m\u011bstem. V\u017edy ale z\u00e1le\u017e\u00ed i&nbsp;na p\u0159ipravenosti m\u00edstn\u00edch projekt\u016f a&nbsp;ochot\u011b poskytovat sou\u010dinnost. Na prvn\u00edm m\u00edst\u011b je pak schopnost a&nbsp;ochota vn\u00edmat probl\u00e9my jednotliv\u00fdch lokalit.<\/p>\n\n\n<\/div>\n\n\n<div style=\"height:20px\" aria-hidden=\"true\" class=\"wp-block-spacer\"><\/div>\n\n\n<div id=\"ps-block_6309109fe4402\" class=\"section custom-bgc custom-bgc-regular outline outline-yellow rounded rounded-tl rounded-tr rounded-bl rounded-br\">\n\n\n<h4 class=\"wp-block-heading\">Okru\u017en\u00ed metro O<\/h4>\n\n\n\n<div style=\"height:10px\" aria-hidden=\"true\" class=\"wp-block-spacer\"><\/div>\n\n\n\n<p>Metro O&nbsp;je sou\u010d\u00e1st\u00ed ucelen\u00e9 dopravn\u00ed vize pro Prahu. A&nbsp;je podle n\u00e1s nejvy\u0161\u0161\u00ed \u010das o&nbsp;n\u011bm zah\u00e1jit diskusi. Okru\u017en\u00ed metro by zkr\u00e1tilo t\u0159eba i&nbsp;cestu z&nbsp;Vyso\u010dan do Podol\u00ed na 18 minut a&nbsp;p\u0159ineslo by nov\u00e1 spojen\u00ed pro Prosek nebo Let\u0148any. Tento projekt podporujeme i&nbsp;proto, \u017ee lep\u0161\u00ed dopravn\u00ed spojen\u00ed novou trasou p\u0159isp\u011bje ke sn\u00ed\u017een\u00ed dopravy v&nbsp;ulic\u00edch Dev\u00edtky a&nbsp;spole\u010dn\u011b s&nbsp;p\u0159\u00edm\u011bstsk\u00fdmi vlaky pom\u016f\u017ee odleh\u010dit i&nbsp;od n\u011bkter\u00fdch parkuj\u00edc\u00edch aut, kter\u00e1 tu \u010dekaj\u00ed na sv\u00e9 majitele doj\u00ed\u017ed\u011bj\u00edc\u00ed do Prahy za prac\u00ed.<\/p>\n\n\n<\/div>\n\n\n<div style=\"height:20px\" aria-hidden=\"true\" class=\"wp-block-spacer\"><\/div>\n\n\n<div id=\"ps-block_630695f96084a\" class=\"section custom-bgc custom-bgc-yellow rounded rounded-tl rounded-tr rounded-bl rounded-br\">\n\n\n<h2 class=\"wp-block-heading\">Na\u0161e \u0159e\u0161en\u00ed dopravy<\/h2>\n\n\n\n<ul class=\"icon-list icon-list--arr wp-block-list\"><li>parkovac\u00ed z\u00f3ny zpoplatn\u00edme na m\u00edru lokalit\u011b, budeme usilovat o&nbsp;zaveden\u00ed parkov\u00e1n\u00ed zdarma o&nbsp;v\u00edkendech a&nbsp;tak\u00e9 st\u00e1tn\u00edch sv\u00e1tc\u00edch<\/li><li>sn\u00ed\u017een\u00ed tranzitn\u00ed automobilov\u00e9 dopravy je prioritou, samo o&nbsp;sob\u011b ale nesta\u010d\u00ed, je t\u0159eba zacelit jizvy, kter\u00e9 liniov\u00fdmi stavbami na Dev\u00edtce vznikly<\/li><li>dohl\u00e9dneme na revitalizaci okol\u00ed nov\u00e9ho n\u00e1dra\u017e\u00ed ve Vyso\u010danech<\/li><li>dotvo\u0159\u00edme s\u00ed\u0165 p\u00e1te\u0159n\u00edch cyklostezek i&nbsp;mimo odpo\u010dinkov\u00e9 z\u00f3ny<\/li><\/ul>\n\n\n\n<p><\/p>\n\n\n<\/div>\n\n\n<p><\/p>\n","protected":false},"excerpt":{"rendered":"<p>Podporujeme r\u016fzn\u00e9 druhy dopravy a&nbsp;prostupnost \u00fazem\u00ed.<\/p>\n","protected":false},"author":10,"featured_media":940,"comment_status":"open","ping_status":"open","sticky":false,"template":"","format":"standard","meta":{"_acf_changed":false,"inline_featured_image":false,"footnotes":""},"categories":[4],"tags":[],"class_list":["post-939","post","type-post","status-publish","format-standard","has-post-thumbnail","hentry","category-news"],"acf":[],"aioseo_notices":[],"distributor_meta":false,"distributor_terms":false,"distributor_media":false,"distributor_original_site_name":"Praha9Sob\u011b","distributor_original_site_url":"https:\/\/prahasobe.cz\/praha9sobe","push-errors":false,"_links":{"self":[{"href":"https:\/\/prahasobe.cz\/praha9sobe\/wp-json\/wp\/v2\/posts\/939","targetHints":{"allow":["GET"]}}],"collection":[{"href":"https:\/\/prahasobe.cz\/praha9sobe\/wp-json\/wp\/v2\/posts"}],"about":[{"href":"https:\/\/prahasobe.cz\/praha9sobe\/wp-json\/wp\/v2\/types\/post"}],"author":[{"embeddable":true,"href":"https:\/\/prahasobe.cz\/praha9sobe\/wp-json\/wp\/v2\/users\/10"}],"replies":[{"embeddable":true,"href":"https:\/\/prahasobe.cz\/praha9sobe\/wp-json\/wp\/v2\/comments?post=939"}],"version-history":[{"count":3,"href":"https:\/\/prahasobe.cz\/praha9sobe\/wp-json\/wp\/v2\/posts\/939\/revisions"}],"predecessor-version":[{"id":943,"href":"https:\/\/prahasobe.cz\/praha9sobe\/wp-json\/wp\/v2\/posts\/939\/revisions\/943"}],"wp:featuredmedia":[{"embeddable":true,"href":"https:\/\/prahasobe.cz\/praha9sobe\/wp-json\/wp\/v2\/media\/940"}],"wp:attachment":[{"href":"https:\/\/prahasobe.cz\/praha9sobe\/wp-json\/wp\/v2\/media?parent=939"}],"wp:term":[{"taxonomy":"category","embeddable":true,"href":"https:\/\/prahasobe.cz\/praha9sobe\/wp-json\/wp\/v2\/categories?post=939"},{"taxonomy":"post_tag","embeddable":true,"href":"https:\/\/prahasobe.cz\/praha9sobe\/wp-json\/wp\/v2\/tags?post=939"}],"curies":[{"name":"wp","href":"https:\/\/api.w.org\/{rel}","templated":true}]}}