{"id":914,"date":"2022-08-25T19:02:45","date_gmt":"2022-08-25T19:02:45","guid":{"rendered":"https:\/\/prahasobe.cz\/praha9sobe\/?p=914"},"modified":"2022-08-26T18:06:46","modified_gmt":"2022-08-26T18:06:46","slug":"co-uz-praha-sobe-na-devitce-dokazala","status":"publish","type":"post","link":"https:\/\/prahasobe.cz\/praha9sobe\/2022\/08\/25\/co-uz-praha-sobe-na-devitce-dokazala\/","title":{"rendered":"Co u\u017e PRAHA SOB\u011a na Dev\u00edtce dok\u00e1zala?"},"content":{"rendered":"\n<p>Sna\u017e\u00edme se d\u00edky pr\u00e1ci PRAHA SOB\u011a na Magistr\u00e1tu hlavn\u00edho m\u011bsta Prahy i&nbsp;d\u00edky ob\u010dansk\u00e9 aktivit\u011b ji\u017e nyn\u00ed d\u016fle\u017eit\u00e9 kroky prosazovat anebo jim napom\u00e1hat.<\/p>\n\n\n\n<div style=\"height:20px\" aria-hidden=\"true\" class=\"wp-block-spacer\"><\/div>\n\n\n\n<h4 class=\"wp-block-heading\">Z\u0160 a&nbsp;M\u0160 U&nbsp;Elektry<\/h4>\n\n\n\n<p>Velk\u00fdm investi\u010dn\u00edm \u0161kolsk\u00fdm projektem na Dev\u00edtce je v\u00fdstavba Z\u00e1kladn\u00ed a&nbsp;mate\u0159sk\u00e9 \u0161koly U&nbsp;Elektry. D\u00edky spolupr\u00e1ci n\u00e1m\u011bstka hl. m. Prahy pro finance Pavla Vyhn\u00e1nka (Praha Sob\u011b) byla v&nbsp;roce 2022 hlavn\u00edm m\u011bstem schv\u00e1lena dotace pro M\u010c ve v\u00fd\u0161i 180 milion\u016f K\u010d pr\u00e1v\u011b na tuto stavbu.<\/p>\n\n\n\n<div style=\"height:20px\" aria-hidden=\"true\" class=\"wp-block-spacer\"><\/div>\n\n\n\n<h4 class=\"wp-block-heading\">Dev\u00edtka, kter\u00e1 naslouch\u00e1<\/h4>\n\n\n\n<p>D\u00edky na\u0161emu tlaku se poda\u0159ilo prosadit, aby ob\u010dan\u00e9 mohli na jedn\u00e1n\u00ed zastupitelstva interpelovat tak\u00e9 v&nbsp;16.00, tud\u00ed\u017e si nemuseli na dopoledne br\u00e1t volno v&nbsp;pr\u00e1ci. Z\u00e1rove\u0148 d\u00e1le prosazujeme, aby z\u00e1znam z&nbsp;jedn\u00e1n\u00ed zastupitelstva M\u010c byl ve\u0159ejn\u011b dostupn\u00fd online.<\/p>\n\n\n\n<div style=\"height:18px\" aria-hidden=\"true\" class=\"wp-block-spacer\"><\/div>\n\n\n\n<h4 class=\"wp-block-heading\">\u0160kola a&nbsp;\u0161kolka v&nbsp;Hrdlo\u0159ez\u00edch<\/h4>\n\n\n\n<p>Hrdlo\u0159ezy, kde \u017eije 3&nbsp;000 lid\u00ed, nemaj\u00ed \u0161kolku ani \u0161kolu. Na ne\u00fanosnou situaci dlouhodob\u011b upozor\u0148uje Ond\u0159ej Kurz z&nbsp;na\u0161eho t\u00fdmu, kter\u00fd tak\u00e9 stoj\u00ed za petic\u00ed za vznik \u0161koly a&nbsp;\u0161kolky v&nbsp;Hrdlo\u0159ez\u00edch. Pod tu se letos na ja\u0159e podepsalo v\u00edce ne\u017e 1&nbsp;000&nbsp;lid\u00ed a&nbsp;m\u011bstsk\u00e1 \u010d\u00e1st se na z\u00e1klad\u011b na\u0161eho podn\u011btu za\u010d\u00edn\u00e1 situac\u00ed kone\u010dn\u011b zab\u00fdvat.<\/p>\n\n\n\n<div style=\"height:20px\" aria-hidden=\"true\" class=\"wp-block-spacer\"><\/div>\n\n\n\n<h4 class=\"wp-block-heading\">Data v&nbsp;metru i&nbsp;koncep\u010dn\u00ed opravy<\/h4>\n\n\n\n<p>Pln\u00edme sliby, kter\u00e9 Praha Sob\u011b dala p\u0159ed minul\u00fdmi komun\u00e1ln\u00edmi volbami. Stanice pra\u017esk\u00e9ho metra a&nbsp;p\u0159ilehl\u00e9 tunely pokr\u00fdt LTE i&nbsp;5G s\u00edt\u011bmi. Na Dev\u00edtce m\u016f\u017eete nov\u011b datovat na Vyso\u010dansk\u00e9, Kolbenov\u011b i&nbsp;na Hloub\u011bt\u00edn\u011b. Oprav silnic se neboj\u00edme. Kdy\u017e se n\u011bkde opravuje, d\u016fsledn\u011b dohl\u00ed\u017e\u00edme na koordinaci povrch\u016f i&nbsp;s\u00edt\u00ed, aby se na stejn\u00e9m m\u00edst\u011b nemusel provoz omezovat opakovan\u011b. Odpov\u011bdnost za pra\u017eskou dopravu m\u011bl v&nbsp;posledn\u00edch 4 letech radn\u00ed Adam Scheinherr (Praha Sob\u011b).<\/p>\n\n\n\n<div style=\"height:20px\" aria-hidden=\"true\" class=\"wp-block-spacer\"><\/div>\n\n\n\n<h4 class=\"wp-block-heading\">Spolu\u00fa\u010dast developer\u016f<\/h4>\n\n\n\n<p>Rada hlavn\u00edho m\u011bsta schv\u00e1lila metodiku spolu\u00fa\u010dasti investor\u016f na rozvoji \u00fazem\u00ed. Kl\u00ed\u010dov\u00fd materi\u00e1l pro dal\u0161\u00ed mo\u017en\u00fd rozvoj na\u0161\u00ed m\u011bstsk\u00e9 \u010d\u00e1sti. D\u00edky n\u00ed si m\u016f\u017ee m\u011bsto \/ m\u011bstsk\u00e1 \u010d\u00e1st ur\u010dovat, jak\u00fdmi \u010d\u00e1stkami se budou develope\u0159i pod\u00edlet na rozvoji dot\u010den\u00e9ho \u00fazem\u00ed. Bude tak v\u00edce pen\u011bz na v\u00fdstavbu \u0161koln\u00edch kapacit, v\u00fdznamn\u00fdch ve\u0159ejn\u00fdch prostranstv\u00ed, d\u016fle\u017eit\u00fdch komunika\u010dn\u00edch propojen\u00ed, m\u011bstsk\u00e9ho bydlen\u00ed apod. Investorovi se do ruky dost\u00e1vaj\u00ed transparentn\u00ed pravidla, kdy p\u0159i&nbsp;vstupu do nov\u00e9ho \u00fazem\u00ed si bude um\u011bt p\u0159esn\u011b spo\u010d\u00edtat, jak\u00e9 po\u017eadavky na n\u011bj m\u011bsto (a&nbsp;t\u00edm je my\u0161len jak magistr\u00e1t, tak m\u011bstsk\u00e9 \u010d\u00e1sti) bude m\u00edt.<\/p>\n\n\n\n<div style=\"height:20px\" aria-hidden=\"true\" class=\"wp-block-spacer\"><\/div>\n\n\n\n<h4 class=\"wp-block-heading\">Pravidla p\u00e9\u010de o&nbsp;seniory<\/h4>\n\n\n\n<p>D\u00edky aktivit\u00e1m radn\u00ed pro soci\u00e1ln\u00ed oblast a&nbsp;zdravotnictv\u00ed Mileny Johnov\u00e9 (Praha Sob\u011b) a&nbsp;M\u011bstsk\u00e9 \u010d\u00e1sti Praha 9 se vytvo\u0159ila pravidla, kter\u00e1 umo\u017en\u00ed zlep\u0161it p\u00e9\u010di o&nbsp;seniory v&nbsp;m\u00edst\u011b, kde \u017eij\u00ed. O&nbsp;jejich d\u016fsledn\u00e9 zav\u00e1d\u011bn\u00ed se na Dev\u00edtce postar\u00e1me.<\/p>\n\n\n\n<div style=\"height:20px\" aria-hidden=\"true\" class=\"wp-block-spacer\"><\/div>\n\n\n\n<h4 class=\"wp-block-heading\">Um\u011bn\u00ed pro Dev\u00edtku<\/h4>\n\n\n\n<p>V r\u00e1mci projektu Um\u011bn\u00ed pro m\u011bsto, kter\u00fd za\u0161ti\u0165uje radn\u00ed pro kulturu a&nbsp;cestovn\u00ed ruch Hanka T\u0159e\u0161t\u00edkov\u00e1 (Praha Sob\u011b), o\u017eivujeme ve\u0159ejn\u00fd prostor. Pro komunitn\u00ed centrum Knofl\u00edk vznikl nov\u00fd mural. V\u00fdtvarn\u00fd prvek je sou\u010d\u00e1st\u00ed zrevitalizovan\u00e9ho n\u00e1m\u011bst\u00ed\u010dka. A&nbsp;nyn\u00ed se chyst\u00e1 um\u011bleck\u00e9 d\u00edlo s&nbsp;vodn\u00edm prvkem do vyso\u010dansk\u00e9ho parku p\u0159ed polikliniku.<\/p>\n\n\n\n<div style=\"height:20px\" aria-hidden=\"true\" class=\"wp-block-spacer\"><\/div>\n\n\n\n<p>Co se je\u0161t\u011b poda\u0159ilo? V\u00edce se dozv\u00edte na <a href=\"https:\/\/prahasobe.cz\/pracujeme\/\" target=\"_blank\" rel=\"noopener\" title=\"WWW.PRAHASOBE.CZ\">WWW.PRAHASOBE.CZ<\/a><\/p>\n","protected":false},"excerpt":{"rendered":"<p>Sna\u017e\u00edme se d\u00edky pr\u00e1ci PRAHA SOB\u011a na Magistr\u00e1tu hl. m. Prahy i&nbsp;d\u00edky ob\u010dansk\u00e9 aktivit\u011b ji\u017e nyn\u00ed d\u016fle\u017eit\u00e9 kroky prosazovat anebo jim napom\u00e1hat.<\/p>\n","protected":false},"author":10,"featured_media":915,"comment_status":"open","ping_status":"open","sticky":false,"template":"","format":"standard","meta":{"_acf_changed":false,"inline_featured_image":false,"footnotes":""},"categories":[4],"tags":[],"class_list":["post-914","post","type-post","status-publish","format-standard","has-post-thumbnail","hentry","category-news"],"acf":[],"aioseo_notices":[],"distributor_meta":false,"distributor_terms":false,"distributor_media":false,"distributor_original_site_name":"Praha9Sob\u011b","distributor_original_site_url":"https:\/\/prahasobe.cz\/praha9sobe","push-errors":false,"_links":{"self":[{"href":"https:\/\/prahasobe.cz\/praha9sobe\/wp-json\/wp\/v2\/posts\/914","targetHints":{"allow":["GET"]}}],"collection":[{"href":"https:\/\/prahasobe.cz\/praha9sobe\/wp-json\/wp\/v2\/posts"}],"about":[{"href":"https:\/\/prahasobe.cz\/praha9sobe\/wp-json\/wp\/v2\/types\/post"}],"author":[{"embeddable":true,"href":"https:\/\/prahasobe.cz\/praha9sobe\/wp-json\/wp\/v2\/users\/10"}],"replies":[{"embeddable":true,"href":"https:\/\/prahasobe.cz\/praha9sobe\/wp-json\/wp\/v2\/comments?post=914"}],"version-history":[{"count":7,"href":"https:\/\/prahasobe.cz\/praha9sobe\/wp-json\/wp\/v2\/posts\/914\/revisions"}],"predecessor-version":[{"id":938,"href":"https:\/\/prahasobe.cz\/praha9sobe\/wp-json\/wp\/v2\/posts\/914\/revisions\/938"}],"wp:featuredmedia":[{"embeddable":true,"href":"https:\/\/prahasobe.cz\/praha9sobe\/wp-json\/wp\/v2\/media\/915"}],"wp:attachment":[{"href":"https:\/\/prahasobe.cz\/praha9sobe\/wp-json\/wp\/v2\/media?parent=914"}],"wp:term":[{"taxonomy":"category","embeddable":true,"href":"https:\/\/prahasobe.cz\/praha9sobe\/wp-json\/wp\/v2\/categories?post=914"},{"taxonomy":"post_tag","embeddable":true,"href":"https:\/\/prahasobe.cz\/praha9sobe\/wp-json\/wp\/v2\/tags?post=914"}],"curies":[{"name":"wp","href":"https:\/\/api.w.org\/{rel}","templated":true}]}}