{"id":887,"date":"2022-08-24T22:11:42","date_gmt":"2022-08-24T22:11:42","guid":{"rendered":"https:\/\/prahasobe.cz\/praha9sobe\/?p=887"},"modified":"2022-08-24T22:13:58","modified_gmt":"2022-08-24T22:13:58","slug":"kultura-a-sousedska-setkani-by-mely-byt-kazdodenni-soucasti-nasich-zivotu","status":"publish","type":"post","link":"https:\/\/prahasobe.cz\/praha9sobe\/2022\/08\/24\/kultura-a-sousedska-setkani-by-mely-byt-kazdodenni-soucasti-nasich-zivotu\/","title":{"rendered":"Kultura a&nbsp;sousedsk\u00e1 setk\u00e1n\u00ed by m\u011bly b\u00fdt ka\u017edodenn\u00ed sou\u010d\u00e1st\u00ed na\u0161ich \u017eivot\u016f"},"content":{"rendered":"\n<p>Pro n\u00e1s z&nbsp;Dev\u00edtky je pojem \u201ekultura\u201c v\u011bt\u0161inou definovan\u00fd divadlem Gong \u2013 p\u0159\u00edsp\u011bvkovou organizac\u00ed m\u011bstsk\u00e9 \u010d\u00e1sti \u2013 a&nbsp;akcemi po\u0159\u00e1dan\u00fdmi m\u011bstskou \u010d\u00e1st\u00ed. Ty jsou \u010dasto sp\u00ed\u0161 propagac\u00ed st\u00e1vaj\u00edc\u00edch radn\u00edch ne\u017e kulturn\u00edm programem.<\/p>\n\n\n\n<div style=\"height:10px\" aria-hidden=\"true\" class=\"wp-block-spacer\"><\/div>\n\n\n\n<p>Pro trochu zasv\u011bcen\u00e9 pak centrum dev\u00edtkov\u00e9 kultury reprezentuje nap\u0159\u00edklad Pragovka s\u00eddl\u00edc\u00ed v&nbsp;industri\u00e1ln\u00edch objektech pobl\u00ed\u017e metra Kolbenova.<\/p>\n\n\n\n<div style=\"height:10px\" aria-hidden=\"true\" class=\"wp-block-spacer\"><\/div>\n\n\n\n<p><strong>A p\u0159itom Dev\u00edtka m\u00e1 obrovsk\u00fd nevyu\u017eit\u00fd kulturn\u00ed potenci\u00e1l.<\/strong><\/p>\n\n\n\n<div style=\"height:10px\" aria-hidden=\"true\" class=\"wp-block-spacer\"><\/div>\n\n\n\n<p>V\u011bd\u011bli jste t\u0159eba o&nbsp;ateli\u00e9rov\u00e9m domu Pr\u00e1m, kde s\u00eddl\u00ed v\u00edce ne\u017e des\u00edtka v\u00fdtvarn\u00fdch um\u011blc\u016f, o&nbsp;ateli\u00e9rech Liebe\u0148 Art Contemporary v&nbsp;libe\u0148sk\u00e9m are\u00e1lu v&nbsp;ulici K&nbsp;\u017di\u017ekovu nebo Beseder Gallery?<\/p>\n\n\n\n<div style=\"height:30px\" aria-hidden=\"true\" class=\"wp-block-spacer\"><\/div>\n\n\n\n<figure class=\"wp-block-image size-large\"><img loading=\"lazy\" decoding=\"async\" width=\"1024\" height=\"768\" src=\"http:\/\/prahasobe.cz\/praha9sobe\/wp-content\/uploads\/sites\/4\/2022\/08\/IMG_20220618_1728341-1024x768.jpg\" alt=\"\" class=\"wp-image-888\" srcset=\"https:\/\/prahasobe.cz\/praha9sobe\/wp-content\/uploads\/sites\/4\/2022\/08\/IMG_20220618_1728341-1024x768.jpg 1024w, https:\/\/prahasobe.cz\/praha9sobe\/wp-content\/uploads\/sites\/4\/2022\/08\/IMG_20220618_1728341-300x225.jpg 300w, https:\/\/prahasobe.cz\/praha9sobe\/wp-content\/uploads\/sites\/4\/2022\/08\/IMG_20220618_1728341-768x576.jpg 768w, https:\/\/prahasobe.cz\/praha9sobe\/wp-content\/uploads\/sites\/4\/2022\/08\/IMG_20220618_1728341-1536x1152.jpg 1536w, https:\/\/prahasobe.cz\/praha9sobe\/wp-content\/uploads\/sites\/4\/2022\/08\/IMG_20220618_1728341-2048x1536.jpg 2048w\" sizes=\"auto, (max-width: 1024px) 100vw, 1024px\" \/><figcaption><em>Kamila Mat\u011bjkov\u00e1 s&nbsp;Barborou Val\u00e1\u0161kovou v&nbsp;atelierech Liebe\u0148 Art Contemporary<\/em><\/figcaption><\/figure>\n\n\n\n<div style=\"height:20px\" aria-hidden=\"true\" class=\"wp-block-spacer\"><\/div>\n\n\n\n<p>Praha 9 je nesm\u00edrn\u011b rozmanitou m\u011bstskou \u010d\u00e1st\u00ed, najdeme na n\u00ed klasick\u00e1 s\u00eddli\u0161t\u011b, rodinn\u00e9 domky, industri\u00e1ln\u00ed objekty, nov\u00e9 bytov\u00e9 domy i&nbsp;\u010din\u017eovn\u00ed z\u00e1stavbu z&nbsp;p\u0159edv\u00e1le\u010dn\u00e9ho obdob\u00ed. V\u0161ude tam jsou lid\u00e9, kte\u0159\u00ed cht\u011bj\u00ed na Dev\u00edtce nejen bydlet, ale i&nbsp;aktivn\u011b \u017e\u00edt.<\/p>\n\n\n\n<div style=\"height:10px\" aria-hidden=\"true\" class=\"wp-block-spacer\"><\/div>\n\n\n\n<p><strong>Kulturu ve v\u0161ech jej\u00edch podob\u00e1ch vn\u00edm\u00e1me jako neodd\u011blitelnou sou\u010d\u00e1st kvalitn\u00edho aktivn\u00edho \u017eivota<\/strong>. <strong>M\u00e1 b\u00fdt pr\u00e1v\u011b tam, kde jsou lid\u00e9. M\u00e1 p\u0159isp\u00edvat k&nbsp;presti\u017ei a&nbsp;atraktivnosti m\u011bstsk\u00e9 \u010d\u00e1sti, b\u00fdt sou\u010d\u00e1st\u00ed jej\u00edho udr\u017eiteln\u00e9ho rozvoje i&nbsp;sou\u010d\u00e1st\u00ed sousedsk\u00fdch vztah\u016f zdej\u0161\u00edch obyvatel.<\/strong><\/p>\n\n\n\n<div style=\"height:10px\" aria-hidden=\"true\" class=\"wp-block-spacer\"><\/div>\n\n\n\n<p>Kultura nemus\u00ed b\u00fdt v\u017edy subvencovan\u00e1, centr\u00e1ln\u011b pl\u00e1novan\u00e1 a&nbsp;nemus\u00ed b\u00fdt nutn\u011b ani profesion\u00e1ln\u00ed.<\/p>\n\n\n\n<div style=\"height:10px\" aria-hidden=\"true\" class=\"wp-block-spacer\"><\/div>\n\n\n\n<p>M\u00e1 vznikat z&nbsp;pot\u0159eby um\u011blc\u016f a&nbsp;um\u011bleck\u00fdch organizac\u00ed, ale i&nbsp;z&nbsp;aktivity soused\u016f, z&nbsp;p\u0159irozen\u00e9 pot\u0159eby tvo\u0159it a&nbsp;potk\u00e1vat se. Kultura neznamen\u00e1 pouze prezentovat tvorbu anebo kulturu p\u0159ij\u00edmat, ale m\u016f\u017ee b\u00fdt sou\u010d\u00e1st\u00ed m\u011bstotvorn\u00e9ho procesu.<\/p>\n\n\n\n<div style=\"height:10px\" aria-hidden=\"true\" class=\"wp-block-spacer\"><\/div>\n\n\n\n<p><strong>Komunitn\u00ed projekty mohou vypr\u00e1v\u011bt p\u0159\u00edb\u011bhy m\u00edsta, zlep\u0161ovat \u017eivotn\u00ed prost\u0159ed\u00ed, kultivovat ve\u0159ejn\u00fd prostor a&nbsp;dokonce p\u0159isp\u011bt i&nbsp;k&nbsp;soci\u00e1ln\u00ed soudr\u017enosti lokality.<\/strong><\/p>\n\n\n\n<div style=\"height:10px\" aria-hidden=\"true\" class=\"wp-block-spacer\"><\/div>\n\n\n\n<p><strong>Kultura a&nbsp;sousedsk\u00e9 aktivity by m\u011bly b\u00fdt ka\u017edodenn\u00ed sou\u010d\u00e1st\u00ed na\u0161ich \u017eivot\u016f.<\/strong><\/p>\n\n\n\n<div style=\"height:10px\" aria-hidden=\"true\" class=\"wp-block-spacer\"><\/div>\n\n\n\n<p><strong>Tak si je poj\u010fme na Dev\u00edtce u\u017e\u00edt!<\/strong><\/p>\n\n\n\n<div style=\"height:30px\" aria-hidden=\"true\" class=\"wp-block-spacer\"><\/div>\n\n\n<div id=\"ps-block_625aad1134277\" class=\"section custom-bgc custom-bgc-yellow rounded rounded-tl rounded-tr rounded-bl rounded-br\">\n\n\n<h2 class=\"wp-block-heading\">Na\u0161e \u0159e\u0161en\u00ed pro kulturu a&nbsp;komunity<\/h2>\n\n\n\n<ul class=\"icon-list icon-list--arr wp-block-list\"><li>podpo\u0159\u00edme kulturn\u00ed iniciativy m\u00edstn\u00edch ob\u010dan\u016f, kulturn\u00edch organizac\u00ed a&nbsp;vznik nov\u00fdch kulturn\u00edch a&nbsp;komunitn\u00edch center<\/li><li>p\u0159iprav\u00edme strategii rozvoje kultury<\/li><li>prost\u0159ednictv\u00edm um\u011bn\u00ed o\u017eiv\u00edme ve\u0159ejn\u00fd prostor a&nbsp;zv\u00fd\u0161\u00edme jeho kvalitu<\/li><li>budeme kl\u00e1st d\u016fraz na diverzifikaci kultury v&nbsp;Praze 9 a&nbsp;podporu nov\u00fdch kulturn\u00edch p\u0159\u00edle\u017eitost\u00ed<\/li><li>zasad\u00edme se o&nbsp;propojen\u00ed industri\u00e1ln\u00ed historie Prahy 9 s&nbsp;budoucnost\u00ed nov\u00fdch \u010dtvrt\u00ed<\/li><\/ul>\n\n\n\n<p><\/p>\n\n\n<\/div>\n\n\n<div style=\"height:10px\" aria-hidden=\"true\" class=\"wp-block-spacer\"><\/div>\n\n\n<div id=\"ps-block_630520df0b115\" class=\"section custom-bgc custom-bgc-yellow rounded rounded-tl rounded-tr rounded-bl rounded-br\">\n\n\n<h2 class=\"wp-block-heading\">Financov\u00e1n\u00ed kultury<\/h2>\n\n\n\n<ul class=\"icon-list icon-list--arr wp-block-list\"><li>do procesu rozhodov\u00e1n\u00ed p\u0159izveme odborn\u00edky i&nbsp;ve\u0159ejnost<\/li><li>\u017e\u00e1dosti o&nbsp;podporu budou transparentn\u011b posuzov\u00e1ny<\/li><li>zapoj\u00edme se do celopra\u017esk\u00fdch a&nbsp;celost\u00e1tn\u00edch projekt\u016f a&nbsp;budeme spolupracovat s&nbsp;magistr\u00e1tem i&nbsp;ministerstvem kultury a&nbsp;evropsk\u00fdmi fondy<\/li><\/ul>\n\n\n\n<p><\/p>\n\n\n<\/div>\n\n\n<p><em>Autorka: Kamila Mat\u011bjkov\u00e1<\/em><\/p>\n","protected":false},"excerpt":{"rendered":"<p>Kultura m\u00e1 p\u0159isp\u00edvat k&nbsp;presti\u017ei a&nbsp;atraktivnosti m\u011bstsk\u00e9 \u010d\u00e1sti, b\u00fdt sou\u010d\u00e1st\u00ed jej\u00edho udr\u017eiteln\u00e9ho rozvoje i&nbsp;sou\u010d\u00e1st\u00ed sousedsk\u00fdch vztah\u016f.<\/p>\n","protected":false},"author":10,"featured_media":888,"comment_status":"open","ping_status":"open","sticky":false,"template":"","format":"standard","meta":{"_acf_changed":false,"inline_featured_image":false,"footnotes":""},"categories":[4],"tags":[],"class_list":["post-887","post","type-post","status-publish","format-standard","has-post-thumbnail","hentry","category-news"],"acf":[],"aioseo_notices":[],"distributor_meta":false,"distributor_terms":false,"distributor_media":false,"distributor_original_site_name":"Praha9Sob\u011b","distributor_original_site_url":"https:\/\/prahasobe.cz\/praha9sobe","push-errors":false,"_links":{"self":[{"href":"https:\/\/prahasobe.cz\/praha9sobe\/wp-json\/wp\/v2\/posts\/887","targetHints":{"allow":["GET"]}}],"collection":[{"href":"https:\/\/prahasobe.cz\/praha9sobe\/wp-json\/wp\/v2\/posts"}],"about":[{"href":"https:\/\/prahasobe.cz\/praha9sobe\/wp-json\/wp\/v2\/types\/post"}],"author":[{"embeddable":true,"href":"https:\/\/prahasobe.cz\/praha9sobe\/wp-json\/wp\/v2\/users\/10"}],"replies":[{"embeddable":true,"href":"https:\/\/prahasobe.cz\/praha9sobe\/wp-json\/wp\/v2\/comments?post=887"}],"version-history":[{"count":4,"href":"https:\/\/prahasobe.cz\/praha9sobe\/wp-json\/wp\/v2\/posts\/887\/revisions"}],"predecessor-version":[{"id":894,"href":"https:\/\/prahasobe.cz\/praha9sobe\/wp-json\/wp\/v2\/posts\/887\/revisions\/894"}],"wp:featuredmedia":[{"embeddable":true,"href":"https:\/\/prahasobe.cz\/praha9sobe\/wp-json\/wp\/v2\/media\/888"}],"wp:attachment":[{"href":"https:\/\/prahasobe.cz\/praha9sobe\/wp-json\/wp\/v2\/media?parent=887"}],"wp:term":[{"taxonomy":"category","embeddable":true,"href":"https:\/\/prahasobe.cz\/praha9sobe\/wp-json\/wp\/v2\/categories?post=887"},{"taxonomy":"post_tag","embeddable":true,"href":"https:\/\/prahasobe.cz\/praha9sobe\/wp-json\/wp\/v2\/tags?post=887"}],"curies":[{"name":"wp","href":"https:\/\/api.w.org\/{rel}","templated":true}]}}