{"id":877,"date":"2022-08-24T21:24:20","date_gmt":"2022-08-24T21:24:20","guid":{"rendered":"https:\/\/prahasobe.cz\/praha9sobe\/?p=877"},"modified":"2022-08-24T21:48:58","modified_gmt":"2022-08-24T21:48:58","slug":"chceme-mestskou-cast-ktera-se-stara-o-sve-obyvatele-v-kazde-dobe","status":"publish","type":"post","link":"https:\/\/prahasobe.cz\/praha9sobe\/2022\/08\/24\/chceme-mestskou-cast-ktera-se-stara-o-sve-obyvatele-v-kazde-dobe\/","title":{"rendered":"Chceme m\u011bstskou \u010d\u00e1st, kter\u00e1 se star\u00e1 o&nbsp;sv\u00e9 obyvatele v&nbsp;ka\u017ed\u00e9 dob\u011b"},"content":{"rendered":"\n<div style=\"height:10px\" aria-hidden=\"true\" class=\"wp-block-spacer\"><\/div>\n\n\n\n<p>Chceme, aby Dev\u00edtka byla m\u011bstskou \u010d\u00e1st\u00ed, kter\u00e1 mysl\u00ed na v\u0161echny sv\u00e9 obyvatele. Na mlad\u00e9 rodiny, stejn\u011b jako na seniory. Senior m\u00e1 pr\u00e1vo \u017e\u00edt tam, kde str\u00e1vil cel\u00fd sv\u016fj \u017eivot.<\/p>\n\n\n\n<div style=\"height:10px\" aria-hidden=\"true\" class=\"wp-block-spacer\"><\/div>\n\n\n\n<p><strong>Chceme, aby lid\u00e9 ve vy\u0161\u0161\u00edm v\u011bku mohli v&nbsp;na\u0161\u00ed m\u011bstsk\u00e9 \u010d\u00e1sti \u017e\u00edt d\u016fstojn\u011b. Aby se mohli dostat do obchodu, k&nbsp;l\u00e9ka\u0159i nebo i&nbsp;za z\u00e1bavou. Aby mlad\u00e9 a&nbsp;star\u0161\u00ed lidi ned\u011blila neviditeln\u00e1 bari\u00e9ra. Proto\u017ee st\u00e1\u0159\u00ed pat\u0159\u00ed k&nbsp;\u017eivotu a&nbsp;proto\u017ee zku\u0161enosti, kter\u00e9 lidi v&nbsp;seniorsk\u00e9m v\u011bku maj\u00ed, jsou pro na\u0161i spole\u010dnost nenahraditeln\u00e9.<\/strong><\/p>\n\n\n\n<div style=\"height:10px\" aria-hidden=\"true\" class=\"wp-block-spacer\"><\/div>\n\n\n\n<p><strong>Chceme, aby senio\u0159i, pokud je to mo\u017en\u00e9 a&nbsp;p\u0159ej\u00ed si to, mohli z\u016fstat \u017e\u00edt tam, kde jsou zvykl\u00ed.<\/strong><\/p>\n\n\n\n<div style=\"height:10px\" aria-hidden=\"true\" class=\"wp-block-spacer\"><\/div>\n\n\n\n<p>Pro lidi ve star\u0161\u00edm v\u011bku je \u010dasto velk\u00fdm t\u00e9matem mobilita. Dostat se tam, kam pot\u0159ebuj\u00ed, je \u010dasto ne\u0159e\u0161iteln\u00fd probl\u00e9m.<\/p>\n\n\n\n<div style=\"height:20px\" aria-hidden=\"true\" class=\"wp-block-spacer\"><\/div>\n\n\n<div id=\"ps-block_630696b06084e\" class=\"section custom-bgc custom-bgc-regular outline outline-yellow rounded rounded-tl rounded-tr rounded-bl rounded-br\">\n\n\n<h4>60% senior\u016f trp\u00ed n\u011bjak\u00fdm omezen\u00edm pohybu. Pom\u016f\u017eeme.<\/h4>\n\n\n<\/div>\n\n\n<div style=\"height:10px\" aria-hidden=\"true\" class=\"wp-block-spacer\"><\/div>\n\n\n\n<p>A to chceme na Dev\u00edtce zm\u011bnit hned n\u011bkolika n\u00e1stroji. P\u0159edn\u011b podpo\u0159\u00edme vznik projektu senior taxi, kter\u00e9 takto pom\u00e1h\u00e1 senior\u016fm na mnoha jin\u00fdch m\u011bstsk\u00fdch \u010d\u00e1stech. Senior taxi bude snadno objednateln\u00e9, levn\u00e9, bezbari\u00e9rov\u00e9 a&nbsp;bude fungovat k&nbsp;tomu, aby se star\u00fd \u010dlov\u011bk mohl dostat nap\u0159\u00edklad k&nbsp;l\u00e9ka\u0159i nebo na n\u00e1kup.<\/p>\n\n\n\n<div style=\"height:10px\" aria-hidden=\"true\" class=\"wp-block-spacer\"><\/div>\n\n\n\n<p>Zavedeme rovn\u011b\u017e projekt &#8220;\u00fa\u0159ad dom\u016f&#8221;, kter\u00fd pom\u016f\u017ee lidem s&nbsp;omezenou mobilitou p\u0159i&nbsp;vy\u0159izov\u00e1n\u00ed nutn\u00fdch \u00fa\u0159edn\u00edch z\u00e1le\u017eitost\u00ed. Tam, kde je to mo\u017en\u00e9, nebude senior muset na \u00fa\u0159ad, ale \u00fa\u0159edn\u00edk p\u0159ijde k&nbsp;n\u011bmu dom\u016f. Takov\u00fd syst\u00e9m u\u017e velmi dob\u0159e funguje v\u00a0n\u011bkolika \u010desk\u00fdch m\u011bstech.<\/p>\n\n\n\n<div style=\"height:10px\" aria-hidden=\"true\" class=\"wp-block-spacer\"><\/div>\n\n\n\n<p>Z\u00e1rove\u0148 se p\u0159ipoj\u00edme k&nbsp;projektu t\u00eds\u0148ov\u00e9 p\u00e9\u010de (tak\u00e9 zn\u00e1m\u00fd jako SOS tla\u010d\u00edtko), kter\u00fd pom\u016f\u017ee star\u0161\u00edm lidem a&nbsp;lidem se zdravotn\u00edm handicapem c\u00edtit se ve sv\u00e9 dom\u00e1cnosti bezpe\u010dn\u011bji.<\/p>\n\n\n\n<div style=\"height:10px\" aria-hidden=\"true\" class=\"wp-block-spacer\"><\/div>\n\n\n\n<p>A nakonec se zasad\u00edme o&nbsp;odstran\u011bn\u00ed bari\u00e9r ve ve\u0159ejn\u00e9m prostoru. Zdrav\u00ed lid\u00e9 si toti\u017e \u010dasto neuv\u011bdomuj\u00ed, jak mohou b\u00fdt n\u011bkter\u00e1 m\u00edsta ve ve\u0159ejn\u00e9m prostoru obt\u00ed\u017en\u011b dosa\u017eiteln\u00e1 pro ty, kte\u0159\u00ed maj\u00ed r\u016fzn\u00e1 pohybov\u00e1 omezen\u00ed.<\/p>\n\n\n\n<div style=\"height:10px\" aria-hidden=\"true\" class=\"wp-block-spacer\"><\/div>\n\n\n\n<p>Podpo\u0159\u00edme tedy ve spolupr\u00e1ci s&nbsp;ob\u010dany vznik mapy bari\u00e9r ve ve\u0159ejn\u00e9m prostoru Prahy 9 a&nbsp;ve spolupr\u00e1ci s&nbsp;Magistr\u00e1tem hlavn\u00edho m\u011bsta Prahy zajist\u00edme jejich odstran\u011bn\u00ed.<\/p>\n\n\n\n<div style=\"height:10px\" aria-hidden=\"true\" class=\"wp-block-spacer\"><\/div>\n\n\n\n<p>Rovn\u011b\u017e provedeme revizi byt\u016f a&nbsp;nebytov\u00fdch prostor m\u011bstsk\u00e9 \u010d\u00e1sti v\u010detn\u011b radnice a&nbsp;za\u010dneme pracovat na jejich pln\u00e9 bezbari\u00e9rovosti.<\/p>\n\n\n\n<div style=\"height:30px\" aria-hidden=\"true\" class=\"wp-block-spacer\"><\/div>\n\n\n<div id=\"ps-block_625aad1134277\" class=\"section custom-bgc custom-bgc-yellow rounded rounded-tl rounded-tr rounded-bl rounded-br\">\n\n\n<h2>Na\u0161e \u0159e\u0161en\u00ed pro seniory<\/h2>\n\n\n\n<ul class=\"icon-list icon-list--arr\"><li>podpo\u0159\u00edme vznik senior taxi na Praze 9<\/li><li>zavedeme projekt &#8220;\u00fa\u0159ad dom\u016f&#8221;<\/li><li>zasad\u00edme se o&nbsp;odstra\u0148ov\u00e1n\u00ed bari\u00e9r<\/li><li>iniciujeme projekt sd\u00edlen\u00e9ho bydlen\u00ed pro seniory<\/li><li>p\u0159ipoj\u00edme se k&nbsp;projektu t\u00eds\u0148ov\u00e9 p\u00e9\u010de<\/li><\/ul>\n\n\n\n<p><\/p>\n\n\n<\/div>\n\n\n<div style=\"height:20px\" aria-hidden=\"true\" class=\"wp-block-spacer\"><\/div>\n\n\n<div id=\"ps-block_62596a55d9ac3\" class=\"section custom-bgc custom-bgc-regular outline outline-yellow rounded rounded-tl rounded-tr rounded-bl rounded-br\">\n\n\n<h4>SOCI\u00c1LN\u00cd FOND <strong>\u2013<\/strong> N\u00c1STROJ PRO \u0158E\u0160EN\u00cd KRIZE<\/h4>\n\n\n\n<div style=\"height:10px\" aria-hidden=\"true\" class=\"wp-block-spacer\"><\/div>\n\n\n\n<p>Pro mnoho rodin je a&nbsp;bude \u010d\u00edm d\u00e1l t\u011b\u017e\u0161\u00ed po\u0159\u00eddit d\u011btem pom\u016fcky do \u0161koly. Pro mnoho senior\u016f bude \u010d\u00edm d\u00e1l t\u011b\u017e\u0161\u00ed zaplatit pot\u0159ebn\u00e9 l\u00e9ky, kompenza\u010dn\u00ed pom\u016fcky a&nbsp;dal\u0161\u00ed pot\u0159eby k&nbsp;\u017eivotu. Doba je t\u011b\u017ek\u00e1.<\/p>\n\n\n\n<p>Z\u0159\u00edd\u00edme proto po&nbsp;vzoru jin\u00fdch m\u011bst soci\u00e1ln\u00ed fond, kter\u00fd bude pom\u00e1hat t\u011bm, kte\u0159\u00ed budou pot\u0159ebovat n\u00e1razov\u011b pokr\u00fdt ne\u010dekan\u00fd v\u00fddaj.<\/p>\n\n\n\n<p>Ka\u017ed\u00fd toti\u017e m\u016f\u017ee onemocn\u011bt nebo se dostat do t\u011b\u017ek\u00e9 situace. Po\u017e\u00e1dat si bude moct ka\u017ed\u00fd a&nbsp;z&nbsp;dobr\u00e9 praxe odjinud v\u00edme, \u017ee jednor\u00e1zov\u00e1 podpora m\u016f\u017ee \u010dasto zvr\u00e1tit upadnut\u00ed do dluhov\u00fdch spir\u00e1l.<\/p>\n\n\n\n<p>Zasad\u00edme se o&nbsp;to, abychom do fondu dostali prost\u0159edky ze soukrom\u00fdch zdroj\u016f. Mnoho lid\u00ed, kte\u0159\u00ed finance maj\u00ed, je dnes ochotno pom\u00e1hat. A&nbsp;m\u011bstsk\u00e1 \u010d\u00e1st se mus\u00ed zasadit o&nbsp;to, aby se tyto prost\u0159edky dostaly do t\u011bch spr\u00e1vn\u00fdch rukou.<\/p>\n\n\n<\/div>\n\n\n<div style=\"height:20px\" aria-hidden=\"true\" class=\"wp-block-spacer\"><\/div>\n\n\n<div id=\"ps-block_630696596084c\" class=\"section custom-bgc custom-bgc-regular outline outline-yellow rounded rounded-tl rounded-tr rounded-bl rounded-br\">\n\n\n<h4>JSME PRO RODINU<\/h4>\n\n\n\n<div style=\"height:10px\" aria-hidden=\"true\" class=\"wp-block-spacer\"><\/div>\n\n\n\n<p>Tam, kde to jde, podpo\u0159\u00edme flexibiln\u00ed \u00favazky a&nbsp;pr\u00e1ci z&nbsp;domova na \u00fa\u0159adu a&nbsp;v\u00a0organizac\u00edch m\u011bstsk\u00e9 \u010d\u00e1sti tak, aby pe\u010duj\u00edc\u00ed mohli l\u00e9pe vstupovat na pracovn\u00ed trh. Podpo\u0159\u00edme vznik a&nbsp;z\u00e1zem\u00ed d\u011btsk\u00fdch skupin na \u00fazem\u00ed m\u011bstsk\u00e9 \u010d\u00e1sti, zejm\u00e9na pak p\u0159i&nbsp;\u00fa\u0159adu a&nbsp;organizac\u00edch m\u011bstsk\u00e9 \u010d\u00e1sti.<\/p>\n\n\n<\/div>\n\n\n<div style=\"height:20px\" aria-hidden=\"true\" class=\"wp-block-spacer\"><\/div>\n\n\n<div id=\"ps-block_630695f96084a\" class=\"section custom-bgc custom-bgc-yellow rounded rounded-tl rounded-tr rounded-bl rounded-br\">\n\n\n<h2>Na\u0161e \u0159e\u0161en\u00ed pro soci\u00e1ln\u00ed oblast<\/h2>\n\n\n\n<ul class=\"icon-list icon-list--arr\"><li>podpo\u0159\u00edme takov\u00e1 \u0159e\u0161en\u00ed soci\u00e1ln\u00ed politiky, aby ohro\u017een\u00e9 rodiny mohly zvl\u00e1dnout slo\u017eit\u00e9 situace a&nbsp;d\u011bti v&nbsp;nich mohly d\u00e1l vyr\u016fstat<\/li><li>zalo\u017e\u00edme soci\u00e1ln\u00ed fond Prahy 9<\/li><li>podpo\u0159\u00edme soci\u00e1ln\u00ed zam\u011bstn\u00e1v\u00e1n\u00ed na \u00fa\u0159adu m\u011bstsk\u00e9 \u010d\u00e1sti<\/li><li>iniciujeme vznik n\u00edzkoprahov\u00fdch center a&nbsp;preventivn\u00edch program\u016f<\/li><li>podpo\u0159\u00edme projekty pro soci\u00e1ln\u011b vylou\u010den\u00e9 skupiny obyvatel<\/li><li>podpo\u0159\u00edme mo\u017enosti sla\u010fov\u00e1n\u00ed profesn\u00edho \u017eivota rodi\u010d\u016f s\u00a0pot\u0159ebami rodiny<\/li><\/ul>\n\n\n\n<p><\/p>\n\n\n<\/div>\n\n\n<div style=\"height:20px\" aria-hidden=\"true\" class=\"wp-block-spacer\"><\/div>\n\n\n\n<p> <em>Autor: Martin Freund<\/em> <\/p>\n","protected":false},"excerpt":{"rendered":"<p>Chceme, aby Dev\u00edtka byla m\u011bstskou \u010d\u00e1st\u00ed, kter\u00e1 mysl\u00ed na v\u0161echny sv\u00e9 obyvatele. Na mlad\u00e9 rodiny, stejn\u011b jako na seniory.<\/p>\n","protected":false},"author":10,"featured_media":884,"comment_status":"open","ping_status":"open","sticky":false,"template":"","format":"standard","meta":{"inline_featured_image":false},"categories":[4],"tags":[],"acf":[],"aioseo_notices":[],"_links":{"self":[{"href":"https:\/\/prahasobe.cz\/praha9sobe\/wp-json\/wp\/v2\/posts\/877"}],"collection":[{"href":"https:\/\/prahasobe.cz\/praha9sobe\/wp-json\/wp\/v2\/posts"}],"about":[{"href":"https:\/\/prahasobe.cz\/praha9sobe\/wp-json\/wp\/v2\/types\/post"}],"author":[{"embeddable":true,"href":"https:\/\/prahasobe.cz\/praha9sobe\/wp-json\/wp\/v2\/users\/10"}],"replies":[{"embeddable":true,"href":"https:\/\/prahasobe.cz\/praha9sobe\/wp-json\/wp\/v2\/comments?post=877"}],"version-history":[{"count":6,"href":"https:\/\/prahasobe.cz\/praha9sobe\/wp-json\/wp\/v2\/posts\/877\/revisions"}],"predecessor-version":[{"id":883,"href":"https:\/\/prahasobe.cz\/praha9sobe\/wp-json\/wp\/v2\/posts\/877\/revisions\/883"}],"wp:featuredmedia":[{"embeddable":true,"href":"https:\/\/prahasobe.cz\/praha9sobe\/wp-json\/wp\/v2\/media\/884"}],"wp:attachment":[{"href":"https:\/\/prahasobe.cz\/praha9sobe\/wp-json\/wp\/v2\/media?parent=877"}],"wp:term":[{"taxonomy":"category","embeddable":true,"href":"https:\/\/prahasobe.cz\/praha9sobe\/wp-json\/wp\/v2\/categories?post=877"},{"taxonomy":"post_tag","embeddable":true,"href":"https:\/\/prahasobe.cz\/praha9sobe\/wp-json\/wp\/v2\/tags?post=877"}],"curies":[{"name":"wp","href":"https:\/\/api.w.org\/{rel}","templated":true}]}}