{"id":870,"date":"2022-08-23T18:59:25","date_gmt":"2022-08-23T18:59:25","guid":{"rendered":"https:\/\/prahasobe.cz\/praha9sobe\/?p=870"},"modified":"2022-08-31T10:04:39","modified_gmt":"2022-08-31T10:04:39","slug":"kvalitni-skola-zacina-u-zrizovatele","status":"publish","type":"post","link":"https:\/\/prahasobe.cz\/praha9sobe\/2022\/08\/23\/kvalitni-skola-zacina-u-zrizovatele\/","title":{"rendered":"Kvalitn\u00ed \u0161kola za\u010d\u00edn\u00e1 u&nbsp;z\u0159izovatele"},"content":{"rendered":"\n<p><strong>Zat\u00edmco na jednu z\u00e1kladn\u00ed \u0161kolu chod\u00ed v&nbsp;\u010cesku pr\u016fm\u011brn\u011b 214 d\u011bt\u00ed a&nbsp;v&nbsp;Praze 352 d\u011bt\u00ed, u&nbsp;n\u00e1s na Praze 9, kde m\u00e1me p\u011bt s\u00eddli\u0161tn\u00edch \u0161kol, na jednu z\u00e1kladn\u00ed \u0161kolu p\u0159ipad\u00e1 dokonce 720 d\u011bt\u00ed!<\/strong><\/p>\n\n\n\n<div style=\"height:10px\" aria-hidden=\"true\" class=\"wp-block-spacer\"><\/div>\n\n\n\n<p>Otev\u0159en\u00ed nov\u00e9 \u0161koly U&nbsp;Elektry sice&nbsp; do\u010dasn\u011b zm\u00edrn\u00ed absolutn\u00ed nedostatek m\u00edst, ale nevy\u0159e\u0161\u00ed zdaleka v\u0161echny probl\u00e9my, kter\u00fdmi \u0161kolstv\u00ed na Dev\u00edtce trp\u00ed.<\/p>\n\n\n\n<div style=\"height:10px\" aria-hidden=\"true\" class=\"wp-block-spacer\"><\/div>\n\n\n\n<p>U\u0159\u00eddit tak ob\u0159\u00ed \u0161koly, z\u00edskat dostatek vyu\u010duj\u00edc\u00edch, profesn\u011b je rozv\u00edjet a&nbsp;motivovat, komunikovat s&nbsp;rodi\u010di a&nbsp;ve\u0159ejnost\u00ed a&nbsp;p\u0159edev\u0161\u00edm db\u00e1t na kvalitu v\u00fduky je v&nbsp;podm\u00ednk\u00e1ch \u0161koln\u00edch kolos\u016f opravdu t\u011b\u017ek\u00e9. P\u0159esto by na to z\u0159izovatel \u0161kol, kter\u00fdm je m\u011bstsk\u00e1 \u010d\u00e1st, nem\u011bl rezignovat.<\/p>\n\n\n\n<div style=\"height:10px\" aria-hidden=\"true\" class=\"wp-block-spacer\"><\/div>\n\n\n\n<p>\u00dakolem radnice je pom\u00e1hat \u0161kol\u00e1m vytv\u00e1\u0159et bezpe\u010dn\u00e9 prost\u0159ed\u00ed pro kvalitn\u00ed vzd\u011bl\u00e1v\u00e1n\u00ed a&nbsp;zajistit, aby v\u0161echny d\u011bti mohly chodit do \u0161koly tam, kde bydl\u00ed, a&nbsp;rodi\u010de neuva\u017eovali o&nbsp;doj\u00ed\u017ed\u011bn\u00ed za lep\u0161\u00ed \u0161kolou jinam.<\/p>\n\n\n\n<div style=\"height:10px\" aria-hidden=\"true\" class=\"wp-block-spacer\"><\/div>\n\n\n\n<p><strong>Jak na to? Dobrou \u0161kolu d\u011blaj\u00ed lid\u00e9, ne modern\u00ed vybaven\u00ed.<\/strong><\/p>\n\n\n\n<div style=\"height:10px\" aria-hidden=\"true\" class=\"wp-block-spacer\"><\/div>\n\n\n\n<p>U\u010ditelsk\u00fd sbor podpo\u0159\u00edme financemi na dal\u0161\u00ed vzd\u011bl\u00e1v\u00e1n\u00ed, supervize, odborn\u00e9 konzultace nebo hospitace. Prost\u0159edky najdeme i&nbsp;na zam\u011bstn\u00e1n\u00ed podp\u016frn\u00fdch pracovn\u00edk\u016f, jak\u00fdmi jsou nap\u0159\u00edklad soci\u00e1ln\u00ed a&nbsp;speci\u00e1ln\u00ed pedagogov\u00e9, \u0161koln\u00ed psychologov\u00e9 nebo rodil\u00ed mluv\u010d\u00ed na v\u00fduku ciz\u00edch jazyk\u016f. Pracovn\u00edk\u016fm ve \u0161kolstv\u00ed nab\u00eddneme obecn\u00ed byty nebo garantovan\u00e1 m\u00edsta pro jejich d\u011bti ve \u0161kolk\u00e1ch na Dev\u00edtce.<\/p>\n\n\n\n<div style=\"height:10px\" aria-hidden=\"true\" class=\"wp-block-spacer\"><\/div>\n\n\n\n<p>\u0160koly dnes nemaj\u00ed jenom vzd\u011bl\u00e1vac\u00ed funkci, ale tvo\u0159\u00ed p\u0159irozen\u00e1 kulturn\u011b-komunitn\u00ed centra sv\u00fdch \u010dtvrt\u00ed, kde nemus\u00ed prob\u00edhat jenom v\u00fduka, ale mohou se po\u0159\u00e1dat tak\u00e9 kulturn\u00ed p\u0159edstaven\u00ed, sportovn\u00ed akce nebo jin\u00e9 volno\u010dasov\u00e9 aktivity p\u0159\u00edstupn\u00e9 v\u0161em generac\u00edm.<\/p>\n\n\n\n<div style=\"height:10px\" aria-hidden=\"true\" class=\"wp-block-spacer\"><\/div>\n\n\n\n<p>Podporou komunitn\u00edho \u017eivota \u0161kol p\u0159isp\u011bjeme k&nbsp;dobr\u00fdm sousedsk\u00fdm vztah\u016fm, kter\u00e9 nejsou ve velk\u00e9 m\u011bstsk\u00e9 \u010d\u00e1sti, jakou Dev\u00edtka je, samoz\u0159ejmost\u00ed. Tam, kde lid\u00e9 tvo\u0159\u00ed komunitu, roste vz\u00e1jemn\u00e1 v\u0161\u00edmavost a&nbsp;ohleduplnost, co\u017e se pak projev\u00ed nejen na lep\u0161\u00ed atmosf\u00e9\u0159e ve \u0161kol\u00e1ch, ale t\u0159eba i&nbsp;na po\u0159\u00e1dku a&nbsp;bezpe\u010dnosti v&nbsp;ulic\u00edch.<\/p>\n\n\n\n<div style=\"height:25px\" aria-hidden=\"true\" class=\"wp-block-spacer\"><\/div>\n\n\n\n<p>N\u00e1\u0161 \u010dl\u00e1nek o&nbsp;chyb\u011bj\u00edc\u00edch kapacit\u00e1ch ve \u0161kolstv\u00ed na Praze 9 najdete <a href=\"https:\/\/prahasobe.cz\/praha9sobe\/2022\/08\/23\/marne-shaneni-mista-ve-skole-ci-skolce-musi-skoncit\/\" title=\"zde\">zde<\/a>.<\/p>\n\n\n\n<div style=\"height:20px\" aria-hidden=\"true\" class=\"wp-block-spacer\"><\/div>\n\n\n<div id=\"ps-block_625aad1134277\" class=\"section custom-bgc custom-bgc-yellow rounded rounded-tl rounded-tr rounded-bl rounded-br\">\n\n\n<h2>Na\u0161e \u0159e\u0161en\u00ed pro \u0161kolstv\u00ed<\/h2>\n\n\n\n<ul class=\"icon-list icon-list--arr\"><li>zasad\u00edme se o&nbsp;vznik nov\u00fdch \u0161kol<\/li><li>chceme nov\u00e9 \u0161koly men\u0161\u00ed a&nbsp;dob\u0159e dostupn\u00e9 ze v\u0161ech oblast\u00ed Prahy 9<\/li><li>sn\u00ed\u017e\u00edme po\u010det d\u011bt\u00ed ve t\u0159\u00edd\u00e1ch<\/li><li>zajist\u00edme dostate\u010dn\u00fd po\u010det p\u0159\u00edpravn\u00fdch a&nbsp;speci\u00e1ln\u00edch t\u0159\u00edd a&nbsp;tak\u00e9 rozmanitost nab\u00eddky z\u00e1kladn\u00edho vzd\u011bl\u00e1v\u00e1n\u00ed<\/li><li>soust\u0159ed\u00edme se na kvalitn\u00ed v\u00fduku na 2.&nbsp;stupni Z\u0160<\/li><li>roz\u0161\u00ed\u0159\u00edme na v\u0161echny \u0161koly modern\u00ed v\u00fduku angli\u010dtiny<\/li><\/ul>\n\n\n\n<p><\/p>\n\n\n<\/div>\n\n\n<div style=\"height:10px\" aria-hidden=\"true\" class=\"wp-block-spacer\"><\/div>\n\n\n<div id=\"ps-block_630520df0b115\" class=\"section custom-bgc custom-bgc-yellow rounded rounded-tl rounded-tr rounded-bl rounded-br\">\n\n\n<h2>Co je\u0161t\u011b cht\u011bj\u00ed rodi\u010de?<\/h2>\n\n\n\n<ul class=\"icon-list icon-list--arr\"><li>b<span style=\"color: initial\">udeme db\u00e1t na z\u00e1sadn\u00ed zlep\u0161en\u00ed stravov\u00e1n\u00ed ve \u0161koln\u00edch j\u00eddeln\u00e1ch<\/span><\/li><li>podpo\u0159\u00edme organizaci \u0161kol v&nbsp;p\u0159\u00edrod\u011b<\/li><li>nav\u00fd\u0161\u00edme po\u010det vzd\u011bl\u00e1vac\u00edch a&nbsp;dal\u0161\u00edch mimo\u0161koln\u00edch aktivit<\/li><li>u \u0161kol vybudujeme dostate\u010dn\u011b kapacitn\u00ed st\u00e1n\u00ed pro kola a&nbsp;kolob\u011b\u017eky<\/li><li>z\u0159\u00edd\u00edme venkovn\u00ed prostory pro v\u00fduku a&nbsp;dru\u017einu u&nbsp;ka\u017ed\u00e9 \u0161koly a&nbsp;budeme kl\u00e1st v\u011bt\u0161\u00ed d\u016fraz na kultivaci p\u0159ilehl\u00e9ho okol\u00ed \u0161koln\u00edch budov<\/li><\/ul>\n\n\n\n<p><\/p>\n\n\n<\/div>\n\n\n<p><em>Autorka: Vla\u010fka Mu\u0161\u00e1lkov\u00e1<\/em><\/p>\n","protected":false},"excerpt":{"rendered":"<p>Zat\u00edmco na jednu z\u00e1kladn\u00ed \u0161kolu chod\u00ed v&nbsp;\u010cesku pr\u016fm\u011brn\u011b 214 d\u011bt\u00ed a&nbsp;v&nbsp;Praze 352 d\u011bt\u00ed, u&nbsp;n\u00e1s na Praze 9 na jednu Z\u0160 p\u0159ipad\u00e1 dokonce 720 d\u011bt\u00ed!<\/p>\n","protected":false},"author":10,"featured_media":872,"comment_status":"open","ping_status":"open","sticky":false,"template":"","format":"standard","meta":{"inline_featured_image":false},"categories":[4],"tags":[],"acf":[],"aioseo_notices":[],"_links":{"self":[{"href":"https:\/\/prahasobe.cz\/praha9sobe\/wp-json\/wp\/v2\/posts\/870"}],"collection":[{"href":"https:\/\/prahasobe.cz\/praha9sobe\/wp-json\/wp\/v2\/posts"}],"about":[{"href":"https:\/\/prahasobe.cz\/praha9sobe\/wp-json\/wp\/v2\/types\/post"}],"author":[{"embeddable":true,"href":"https:\/\/prahasobe.cz\/praha9sobe\/wp-json\/wp\/v2\/users\/10"}],"replies":[{"embeddable":true,"href":"https:\/\/prahasobe.cz\/praha9sobe\/wp-json\/wp\/v2\/comments?post=870"}],"version-history":[{"count":6,"href":"https:\/\/prahasobe.cz\/praha9sobe\/wp-json\/wp\/v2\/posts\/870\/revisions"}],"predecessor-version":[{"id":954,"href":"https:\/\/prahasobe.cz\/praha9sobe\/wp-json\/wp\/v2\/posts\/870\/revisions\/954"}],"wp:featuredmedia":[{"embeddable":true,"href":"https:\/\/prahasobe.cz\/praha9sobe\/wp-json\/wp\/v2\/media\/872"}],"wp:attachment":[{"href":"https:\/\/prahasobe.cz\/praha9sobe\/wp-json\/wp\/v2\/media?parent=870"}],"wp:term":[{"taxonomy":"category","embeddable":true,"href":"https:\/\/prahasobe.cz\/praha9sobe\/wp-json\/wp\/v2\/categories?post=870"},{"taxonomy":"post_tag","embeddable":true,"href":"https:\/\/prahasobe.cz\/praha9sobe\/wp-json\/wp\/v2\/tags?post=870"}],"curies":[{"name":"wp","href":"https:\/\/api.w.org\/{rel}","templated":true}]}}