{"id":866,"date":"2022-08-23T18:52:16","date_gmt":"2022-08-23T18:52:16","guid":{"rendered":"https:\/\/prahasobe.cz\/praha9sobe\/?p=866"},"modified":"2022-08-31T10:05:57","modified_gmt":"2022-08-31T10:05:57","slug":"marne-shaneni-mista-ve-skole-ci-skolce-musi-skoncit","status":"publish","type":"post","link":"https:\/\/prahasobe.cz\/praha9sobe\/2022\/08\/23\/marne-shaneni-mista-ve-skole-ci-skolce-musi-skoncit\/","title":{"rendered":"Marn\u00e9 sh\u00e1n\u011bn\u00ed m\u00edsta ve \u0161kole \u010di&nbsp;\u0161kolce mus\u00ed skon\u010dit"},"content":{"rendered":"\n<p><strong>Praha 9 obsazuje dlouhodob\u011b p\u0159edn\u00ed p\u0159\u00ed\u010dky mezi pra\u017esk\u00fdmi m\u011bstsk\u00fdmi \u010d\u00e1stmi, kter\u00fdm chyb\u00ed nejv\u00edce m\u00edst v&nbsp;mate\u0159sk\u00fdch i&nbsp;z\u00e1kladn\u00edch \u0161kol\u00e1ch.<\/strong><\/p>\n\n\n\n<div style=\"height:10px\" aria-hidden=\"true\" class=\"wp-block-spacer\"><\/div>\n\n\n\n<p><strong>Situace se je\u0161t\u011b zhor\u0161\u00ed s&nbsp;p\u0159ib\u00fdvaj\u00edc\u00edm po\u010dtem obyvatel, kte\u0159\u00ed se nast\u011bhuj\u00ed do m\u00edst, kde u\u017e prob\u00edh\u00e1 bytov\u00e1 v\u00fdstavba.<\/strong><\/p>\n\n\n\n<div style=\"height:20px\" aria-hidden=\"true\" class=\"wp-block-spacer\"><\/div>\n\n\n<div id=\"ps-block_62596a55d9ac3\" class=\"section custom-bgc custom-bgc-regular outline outline-yellow rounded rounded-tl rounded-tr rounded-bl rounded-br\">\n\n\n<p><\/p>\n\n\n\n<h4>Do osmi let bude chyb\u011bt 2&nbsp;617 m\u00edst v&nbsp;z\u00e1kladn\u00edch \u0161kol\u00e1ch.<\/h4>\n\n\n\n<h4>Do osmi let bude chyb\u011bt minim\u00e1ln\u011b 500 m\u00edst ve \u0161kolk\u00e1ch.<\/h4>\n\n\n<\/div>\n\n\n<div style=\"height:20px\" aria-hidden=\"true\" class=\"wp-block-spacer\"><\/div>\n\n\n\n<p>Sledujeme sice mamut\u00ed projekt v\u00fdstavby Z\u0160 a&nbsp;M\u0160 U&nbsp;Elektry ve Vyso\u010danech, kter\u00e9 \u0161kolu a&nbsp;\u0161kolku zoufale pot\u0159ebuj\u00ed, i&nbsp;sou\u010dasn\u00e9 roz\u0161\u00ed\u0159en\u00ed kapacity \u0161koly na Balabence, ale jinak se nezd\u00e1, \u017ee by radnice probl\u00e9m brala dostate\u010dn\u011b v\u00e1\u017en\u011b.<\/p>\n\n\n\n<div style=\"height:10px\" aria-hidden=\"true\" class=\"wp-block-spacer\"><\/div>\n\n\n\n<p>U\u017e te\u010f v\u00edme, \u017ee jedna Elektra zdaleka nebude ve Vyso\u010danech a&nbsp;Hloub\u011bt\u00edn\u011b sta\u010dit, a&nbsp;stejn\u011b nal\u00e9hav\u011b sly\u0161\u00edme vol\u00e1n\u00ed po&nbsp;\u0161kole a&nbsp;\u0161kolce od rodi\u010d\u016f z&nbsp;Hrdlo\u0159ez, kter\u00fdm tak\u00e9 nikdo nenaslouch\u00e1. Dal\u0161\u00ed m\u00edsta pro \u0161kolkov\u00e9 d\u011bti sch\u00e1z\u00ed i&nbsp;na s\u00eddli\u0161ti Prosek.<\/p>\n\n\n\n<div style=\"height:10px\" aria-hidden=\"true\" class=\"wp-block-spacer\"><\/div>\n\n\n\n<p>Myslet mus\u00edme tak\u00e9 na d\u011bti se speci\u00e1ln\u00edmi vzd\u011bl\u00e1vac\u00edmi pot\u0159ebami, kter\u00e9 maj\u00ed v&nbsp;Praze 9 jen velmi omezenou mo\u017enost vzd\u011bl\u00e1v\u00e1n\u00ed a&nbsp;nedostate\u010dnou podporou v&nbsp;b\u011b\u017en\u00fdch z\u00e1kladn\u00edch \u0161kol\u00e1ch.<\/p>\n\n\n\n<div style=\"height:10px\" aria-hidden=\"true\" class=\"wp-block-spacer\"><\/div>\n\n\n\n<p><strong>Co s&nbsp;t\u00edm? Je t\u0159eba kone\u010dn\u011b p\u0159estat hledat d\u016fvody, pro\u010d dal\u0161\u00ed \u0161kolky a&nbsp;\u0161koly nelze otev\u00edrat!<\/strong><\/p>\n\n\n\n<div style=\"height:10px\" aria-hidden=\"true\" class=\"wp-block-spacer\"><\/div>\n\n\n\n<p>Opustit p\u0159edstavu, \u017ee nov\u00e9 \u0161koly a&nbsp;\u0161kolky mus\u00ed b\u00fdt velkokapacitn\u00ed, a&nbsp;d\u00e1t zelenou i&nbsp;men\u0161\u00edm instituc\u00edm rodinn\u00e9ho typu, do kter\u00fdch bude i&nbsp;snadn\u011bj\u0161\u00ed z\u00edskat person\u00e1l.<\/p>\n\n\n\n<div style=\"height:10px\" aria-hidden=\"true\" class=\"wp-block-spacer\"><\/div>\n\n\n\n<p><strong>Nesm\u00edme opakovat chyby minulosti, kdy se m\u011bstsk\u00e1 \u010d\u00e1st vzd\u00e1vala \u0161koln\u00edch budov, m\u00edsto aby je vyu\u017eila pro pot\u0159eby sv\u00fdch obyvatel. Je\u0161t\u011b v&nbsp;lo\u0148sk\u00e9m roce se Praha 9 takto nesmysln\u011b zbavila dvou \u0161koln\u00edch budov.<\/strong><\/p>\n\n\n\n<div style=\"height:10px\" aria-hidden=\"true\" class=\"wp-block-spacer\"><\/div>\n\n\n\n<figure class=\"wp-block-image size-large\"><img loading=\"lazy\" width=\"1024\" height=\"768\" src=\"http:\/\/prahasobe.cz\/praha9sobe\/wp-content\/uploads\/sites\/4\/2022\/08\/skola-vysocany-1024x768.jpg\" alt=\"\" class=\"wp-image-867\" srcset=\"https:\/\/prahasobe.cz\/praha9sobe\/wp-content\/uploads\/sites\/4\/2022\/08\/skola-vysocany-1024x768.jpg 1024w, https:\/\/prahasobe.cz\/praha9sobe\/wp-content\/uploads\/sites\/4\/2022\/08\/skola-vysocany-300x225.jpg 300w, https:\/\/prahasobe.cz\/praha9sobe\/wp-content\/uploads\/sites\/4\/2022\/08\/skola-vysocany-768x576.jpg 768w, https:\/\/prahasobe.cz\/praha9sobe\/wp-content\/uploads\/sites\/4\/2022\/08\/skola-vysocany-1536x1152.jpg 1536w, https:\/\/prahasobe.cz\/praha9sobe\/wp-content\/uploads\/sites\/4\/2022\/08\/skola-vysocany-2048x1536.jpg 2048w\" sizes=\"(max-width: 1024px) 100vw, 1024px\" \/><figcaption><em>Budovu b\u00fdval\u00e9 z\u00e1kladn\u00ed \u0161koly ve Vyso\u010danech ji\u017e nyn\u00ed vlastn\u00ed soukrom\u00e9 gymn\u00e1zium.<\/em><\/figcaption><\/figure>\n\n\n\n<div style=\"height:20px\" aria-hidden=\"true\" class=\"wp-block-spacer\"><\/div>\n\n\n\n<p>Mus\u00edme vytv\u00e1\u0159et kapacity \u0161kol&nbsp; z\u00e1rove\u0148 s&nbsp;v\u00fdstavbou nov\u00fdch byt\u016f.<\/p>\n\n\n\n<div style=\"height:10px\" aria-hidden=\"true\" class=\"wp-block-spacer\"><\/div>\n\n\n\n<p>S n\u011bkter\u00fdmi probl\u00e9my pomohou ale i&nbsp;drobn\u00e1 opat\u0159en\u00ed: alternativn\u00ed za\u0159\u00edzen\u00ed typu lesn\u00edch \u0161kolek, koncep\u010dn\u00ed podpora nov\u00fdch d\u011btsk\u00fdch skupin, mate\u0159sk\u00fdch a&nbsp;komunitn\u00edch center nebo pos\u00edlen\u00ed slu\u017eeb DDM Praha 9.<\/p>\n\n\n\n<div style=\"height:25px\" aria-hidden=\"true\" class=\"wp-block-spacer\"><\/div>\n\n\n\n<p>N\u00e1\u0161 \u010dl\u00e1nek o&nbsp;kvalit\u011b \u0161kolstv\u00ed na Praze 9 najdete <a href=\"https:\/\/prahasobe.cz\/praha9sobe\/2022\/08\/23\/kvalitni-skola-zacina-u-zrizovatele\/\">zde<\/a>.<\/p>\n\n\n\n<div style=\"height:20px\" aria-hidden=\"true\" class=\"wp-block-spacer\"><\/div>\n\n\n<div id=\"ps-block_625aad1134277\" class=\"section custom-bgc custom-bgc-yellow rounded rounded-tl rounded-tr rounded-bl rounded-br\">\n\n\n<h2>Na\u0161e \u0159e\u0161en\u00ed pro \u0161kolstv\u00ed<\/h2>\n\n\n\n<ul class=\"icon-list icon-list--arr\"><li>zasad\u00edme se o&nbsp;vznik nov\u00fdch \u0161kol<\/li><li>chceme nov\u00e9 \u0161koly men\u0161\u00ed a&nbsp;dob\u0159e dostupn\u00e9 ze v\u0161ech oblast\u00ed Prahy 9<\/li><li>sn\u00ed\u017e\u00edme po\u010det d\u011bt\u00ed ve t\u0159\u00edd\u00e1ch<\/li><li>zajist\u00edme dostate\u010dn\u00fd po\u010det p\u0159\u00edpravn\u00fdch a&nbsp;speci\u00e1ln\u00edch t\u0159\u00edd a&nbsp;tak\u00e9 rozmanitost nab\u00eddky z\u00e1kladn\u00edho vzd\u011bl\u00e1v\u00e1n\u00ed<\/li><li>soust\u0159ed\u00edme se na kvalitn\u00ed v\u00fduku na 2.&nbsp;stupni Z\u0160<\/li><li>roz\u0161\u00ed\u0159\u00edme na v\u0161echny \u0161koly modern\u00ed v\u00fduku angli\u010dtiny<\/li><\/ul>\n\n\n\n<p><\/p>\n\n\n<\/div>\n\n\n<div style=\"height:10px\" aria-hidden=\"true\" class=\"wp-block-spacer\"><\/div>\n\n\n<div id=\"ps-block_630520df0b115\" class=\"section custom-bgc custom-bgc-yellow rounded rounded-tl rounded-tr rounded-bl rounded-br\">\n\n\n<h2>Co je\u0161t\u011b cht\u011bj\u00ed rodi\u010de?<\/h2>\n\n\n\n<ul class=\"icon-list icon-list--arr\"><li>b<span style=\"color: initial\">udeme db\u00e1t na z\u00e1sadn\u00ed zlep\u0161en\u00ed stravov\u00e1n\u00ed ve \u0161koln\u00edch j\u00eddeln\u00e1ch<\/span><\/li><li>podpo\u0159\u00edme organizaci \u0161kol v&nbsp;p\u0159\u00edrod\u011b<\/li><li>nav\u00fd\u0161\u00edme po\u010det vzd\u011bl\u00e1vac\u00edch a&nbsp;dal\u0161\u00edch mimo\u0161koln\u00edch aktivit<\/li><li>u \u0161kol vybudujeme dostate\u010dn\u011b kapacitn\u00ed st\u00e1n\u00ed pro kola a&nbsp;kolob\u011b\u017eky<\/li><li>z\u0159\u00edd\u00edme venkovn\u00ed prostory pro v\u00fduku a&nbsp;dru\u017einu u&nbsp;ka\u017ed\u00e9 \u0161koly a&nbsp;budeme kl\u00e1st v\u011bt\u0161\u00ed d\u016fraz na kultivaci p\u0159ilehl\u00e9ho okol\u00ed \u0161koln\u00edch budov<\/li><\/ul>\n\n\n\n<p><\/p>\n\n\n<\/div>\n\n\n<p><em>Autorka: Vla\u010fka Mu\u0161\u00e1lkov\u00e1<\/em><\/p>\n","protected":false},"excerpt":{"rendered":"<p>Praha 9 obsazuje dlouhodob\u011b p\u0159edn\u00ed p\u0159\u00ed\u010dky mezi pra\u017esk\u00fdmi m\u011bstsk\u00fdmi \u010d\u00e1stmi, kter\u00fdm chyb\u00ed nejv\u00edce m\u00edst v\u00a0mate\u0159sk\u00fdch i&nbsp;z\u00e1kladn\u00edch \u0161kol\u00e1ch.<\/p>\n","protected":false},"author":10,"featured_media":867,"comment_status":"open","ping_status":"open","sticky":false,"template":"","format":"standard","meta":{"inline_featured_image":false},"categories":[4],"tags":[],"acf":[],"aioseo_notices":[],"_links":{"self":[{"href":"https:\/\/prahasobe.cz\/praha9sobe\/wp-json\/wp\/v2\/posts\/866"}],"collection":[{"href":"https:\/\/prahasobe.cz\/praha9sobe\/wp-json\/wp\/v2\/posts"}],"about":[{"href":"https:\/\/prahasobe.cz\/praha9sobe\/wp-json\/wp\/v2\/types\/post"}],"author":[{"embeddable":true,"href":"https:\/\/prahasobe.cz\/praha9sobe\/wp-json\/wp\/v2\/users\/10"}],"replies":[{"embeddable":true,"href":"https:\/\/prahasobe.cz\/praha9sobe\/wp-json\/wp\/v2\/comments?post=866"}],"version-history":[{"count":3,"href":"https:\/\/prahasobe.cz\/praha9sobe\/wp-json\/wp\/v2\/posts\/866\/revisions"}],"predecessor-version":[{"id":956,"href":"https:\/\/prahasobe.cz\/praha9sobe\/wp-json\/wp\/v2\/posts\/866\/revisions\/956"}],"wp:featuredmedia":[{"embeddable":true,"href":"https:\/\/prahasobe.cz\/praha9sobe\/wp-json\/wp\/v2\/media\/867"}],"wp:attachment":[{"href":"https:\/\/prahasobe.cz\/praha9sobe\/wp-json\/wp\/v2\/media?parent=866"}],"wp:term":[{"taxonomy":"category","embeddable":true,"href":"https:\/\/prahasobe.cz\/praha9sobe\/wp-json\/wp\/v2\/categories?post=866"},{"taxonomy":"post_tag","embeddable":true,"href":"https:\/\/prahasobe.cz\/praha9sobe\/wp-json\/wp\/v2\/tags?post=866"}],"curies":[{"name":"wp","href":"https:\/\/api.w.org\/{rel}","templated":true}]}}