{"id":830,"date":"2022-08-18T19:16:11","date_gmt":"2022-08-18T19:16:11","guid":{"rendered":"https:\/\/prahasobe.cz\/praha9sobe\/?p=830"},"modified":"2022-08-18T19:18:03","modified_gmt":"2022-08-18T19:18:03","slug":"revitalizace-namesti-osn-musi-zacit-prave-ted","status":"publish","type":"post","link":"https:\/\/prahasobe.cz\/praha9sobe\/2022\/08\/18\/revitalizace-namesti-osn-musi-zacit-prave-ted\/","title":{"rendered":"Revitalizace n\u00e1m\u011bst\u00ed OSN mus\u00ed za\u010d\u00edt pr\u00e1v\u011b te\u010f"},"content":{"rendered":"\n<p>Revitalizace n\u00e1m\u011bst\u00ed OSN m\u00e1 pro n\u00e1s prioritu. Budeme prosazovat realizaci projektu dle <a href=\"https:\/\/iprpraha.cz\/projekt\/21\/namesti-osn\" target=\"_blank\" rel=\"noopener\">nez\u00e1vazn\u00e9 existuj\u00edc\u00ed studie<\/a> Institutu pl\u00e1nov\u00e1n\u00ed a&nbsp;rozvoje hlavn\u00edho m\u011bsta Prahy. Tu je t\u0159eba p\u0159ev\u00e9st do projektov\u00e9 dokumentace a&nbsp;do roku 2026 za\u010d\u00edt realizovat.<\/p>\n\n\n\n<div style=\"height:10px\" aria-hidden=\"true\" class=\"wp-block-spacer\"><\/div>\n\n\n\n<p>Za\u010d\u00edt se d\u00e1 ale i&nbsp;drobn\u00fdmi zm\u011bnami. Za\u010dneme bezodkladn\u011b kultivovat ve\u0159ejn\u00fd prostor v&nbsp;okol\u00ed metra Vyso\u010dansk\u00e1 u&nbsp;zast\u00e1vek autobus\u016f a&nbsp;v&nbsp;ulici Pod Pek\u00e1rnami, kter\u00e1 nemus\u00ed b\u00fdt jen parkovi\u0161t\u011bm. Zm\u011bny prov\u00e1\u017eeme s&nbsp;v\u00fdstavbou v&nbsp;are\u00e1lu pek\u00e1ren Odkolek.<\/p>\n\n\n\n<div style=\"height:10px\" aria-hidden=\"true\" class=\"wp-block-spacer\"><\/div>\n\n\n\n<p><em>Autorka: Kamila Mat\u011bjkov\u00e1<\/em><\/p>\n","protected":false},"excerpt":{"rendered":"<p>Za\u010dneme bezodkladn\u011b kultivovat ve\u0159ejn\u00fd prostor v&nbsp;okol\u00ed metra Vyso\u010dansk\u00e1 u&nbsp;zast\u00e1vek autobus\u016f.<\/p>\n","protected":false},"author":10,"featured_media":831,"comment_status":"open","ping_status":"open","sticky":false,"template":"","format":"standard","meta":{"inline_featured_image":false},"categories":[4],"tags":[],"acf":[],"aioseo_notices":[],"_links":{"self":[{"href":"https:\/\/prahasobe.cz\/praha9sobe\/wp-json\/wp\/v2\/posts\/830"}],"collection":[{"href":"https:\/\/prahasobe.cz\/praha9sobe\/wp-json\/wp\/v2\/posts"}],"about":[{"href":"https:\/\/prahasobe.cz\/praha9sobe\/wp-json\/wp\/v2\/types\/post"}],"author":[{"embeddable":true,"href":"https:\/\/prahasobe.cz\/praha9sobe\/wp-json\/wp\/v2\/users\/10"}],"replies":[{"embeddable":true,"href":"https:\/\/prahasobe.cz\/praha9sobe\/wp-json\/wp\/v2\/comments?post=830"}],"version-history":[{"count":2,"href":"https:\/\/prahasobe.cz\/praha9sobe\/wp-json\/wp\/v2\/posts\/830\/revisions"}],"predecessor-version":[{"id":833,"href":"https:\/\/prahasobe.cz\/praha9sobe\/wp-json\/wp\/v2\/posts\/830\/revisions\/833"}],"wp:featuredmedia":[{"embeddable":true,"href":"https:\/\/prahasobe.cz\/praha9sobe\/wp-json\/wp\/v2\/media\/831"}],"wp:attachment":[{"href":"https:\/\/prahasobe.cz\/praha9sobe\/wp-json\/wp\/v2\/media?parent=830"}],"wp:term":[{"taxonomy":"category","embeddable":true,"href":"https:\/\/prahasobe.cz\/praha9sobe\/wp-json\/wp\/v2\/categories?post=830"},{"taxonomy":"post_tag","embeddable":true,"href":"https:\/\/prahasobe.cz\/praha9sobe\/wp-json\/wp\/v2\/tags?post=830"}],"curies":[{"name":"wp","href":"https:\/\/api.w.org\/{rel}","templated":true}]}}