{"id":732,"date":"2022-08-17T14:41:29","date_gmt":"2022-08-17T14:41:29","guid":{"rendered":"https:\/\/prahasobe.cz\/praha9sobe\/?p=732"},"modified":"2022-08-26T18:32:38","modified_gmt":"2022-08-26T18:32:38","slug":"vize-pro-devitku","status":"publish","type":"post","link":"https:\/\/prahasobe.cz\/praha9sobe\/2022\/08\/17\/vize-pro-devitku\/","title":{"rendered":"Vize pro Dev\u00edtku"},"content":{"rendered":"\n<p>Vydali jsme volebn\u00ed noviny s&nbsp;vizemi pro m\u011bsto, ve kter\u00e9m je radost \u017e\u00edt 365&nbsp;dn\u00ed v&nbsp;roce. P\u0159ejeme p\u0159\u00edjemn\u00e9 a&nbsp;inspirativn\u00ed \u010dten\u00ed.<\/p>\n\n\n\n<div style=\"height:10px\" aria-hidden=\"true\" class=\"wp-block-spacer\"><\/div>\n\n\n\n<p>Noviny jsou rozd\u011bleny do dvou \u010d\u00e1st\u00ed &#8211; viz\u00ed s&nbsp;texty a&nbsp;mapy s&nbsp;konkr\u00e9tn\u00edmi zlep\u0161en\u00edmi.<\/p>\n\n\n\n<div style=\"height:20px\" aria-hidden=\"true\" class=\"wp-block-spacer\"><\/div>\n\n\n\n<div class=\"wp-block-buttons is-layout-flex wp-block-buttons-is-layout-flex\">\n<div class=\"wp-block-button\"><a class=\"wp-block-button__link\" href=\"http:\/\/prahasobe.cz\/praha9sobe\/wp-content\/uploads\/sites\/4\/2022\/08\/P9S_Noviny_Final_DD.pdf\" target=\"_blank\" rel=\"noreferrer noopener\">VIZE PRO DEV\u00cdTKU ke sta\u017een\u00ed<\/a><\/div>\n\n\n\n<div class=\"wp-block-button\"><a class=\"wp-block-button__link\" href=\"http:\/\/prahasobe.cz\/praha9sobe\/wp-content\/uploads\/sites\/4\/2022\/08\/P9S_Noviny_Final_s4_a_5_DD.pdf\" target=\"_blank\" rel=\"noreferrer noopener\">MAPA LEP\u0160\u00cd BUDOUCNOSTI PRAHY 9 KE STA\u017dEN\u00cd<\/a><\/div>\n<\/div>\n\n\n\n<div style=\"height:20px\" aria-hidden=\"true\" class=\"wp-block-spacer\"><\/div>\n\n\n\n<p>Rozcestn\u00edk jednotliv\u00fdch text\u016f z&nbsp;novin:<\/p>\n\n\n\n<div style=\"height:10px\" aria-hidden=\"true\" class=\"wp-block-spacer\"><\/div>\n\n\n\n<ul class=\"wp-block-list\"><li><a href=\"https:\/\/prahasobe.cz\/praha9sobe\/2022\/08\/16\/30-000-novych-obyvatel-30-000-duvodu-proc-volit-zmenu\/\">30&nbsp;000 nov\u00fdch obyvatel, 30&nbsp;000 d\u016fvod\u016f, pro\u010d volit zm\u011bnu + na\u0161e \u0159e\u0161en\u00ed v&nbsp;oblasti \u00fazemn\u00edho rozvoje + na\u0161e \u0159e\u0161en\u00ed pro ve\u0159ejn\u00fd prostor<\/a><\/li><li><a href=\"https:\/\/prahasobe.cz\/praha9sobe\/nas-pribeh\/\">N\u00e1\u0161 p\u0159\u00edb\u011bh<\/a><\/li><li><a href=\"https:\/\/prahasobe.cz\/praha9sobe\/2022\/08\/18\/nase-reseni-pro-sidliste\/\">Na\u0161e \u0159e\u0161en\u00ed pro s\u00eddli\u0161t\u011b<\/a><\/li><li><a href=\"https:\/\/prahasobe.cz\/praha9sobe\/2022\/08\/18\/revitalizace-namesti-osn-musi-zacit-prave-ted\/\">Revitalizace n\u00e1m\u011bst\u00ed OSN mus\u00ed za\u010d\u00edt pr\u00e1v\u011b te\u010f<\/a><\/li><li><a href=\"https:\/\/prahasobe.cz\/praha9sobe\/2022\/08\/16\/odpovedne-investice-a-sprava-majetku-znamenaji-lepsi-budoucnost-pro-vsechny\/\">Odpov\u011bdn\u00e9 investice a&nbsp;spr\u00e1va majetku znamenaj\u00ed lep\u0161\u00ed budoucnost pro v\u0161echny + na\u0161e \u0159e\u0161en\u00ed financ\u00ed<\/a><\/li><li><a href=\"https:\/\/prahasobe.cz\/praha9sobe\/2022\/08\/23\/marne-shaneni-mista-ve-skole-ci-skolce-musi-skoncit\/\">Marn\u00e9 sh\u00e1n\u011bn\u00ed m\u00edsta ve \u0161kole \u010di&nbsp;\u0161kolce mus\u00ed skon\u010dit<\/a><\/li><li><a href=\"https:\/\/prahasobe.cz\/praha9sobe\/2022\/08\/23\/kvalitni-skola-zacina-u-zrizovatele\/\">Kvalitn\u00ed \u0161kola za\u010d\u00edn\u00e1 u&nbsp;z\u0159izovatele + na\u0161e \u0159e\u0161en\u00ed pro \u0161kolstv\u00ed<\/a><\/li><li><a href=\"https:\/\/prahasobe.cz\/praha9sobe\/2022\/08\/19\/mestske-byty-mohou-pomoci-rodinam-seniorum-a-dalsim-ohrozenym-nepadnout-na-dno-a-take-mohou-prilakat-potrebne-profese\/\">M\u011bstsk\u00e9 byty mohou pomoci rodin\u00e1m, senior\u016fm a&nbsp;dal\u0161\u00edm ohro\u017een\u00fdm nepadnout na dno a&nbsp;tak\u00e9 mohou p\u0159il\u00e1kat pot\u0159ebn\u00e9 profese + na\u0161e \u0159e\u0161en\u00ed bydlen\u00ed<\/a><\/li><li><a href=\"https:\/\/prahasobe.cz\/praha9sobe\/2022\/06\/08\/nas-pribeh-kamila-matejkova\/\"><span style=\"color: initial\">Kdy\u017e se spoj\u00ed soused\u00e9, dok\u00e1\u017eou velk\u00e9 v\u011bci<\/span><\/a><\/li><li><a href=\"https:\/\/prahasobe.cz\/praha9sobe\/2022\/08\/25\/co-uz-praha-sobe-na-devitce-dokazala\/\">Co u\u017e Praha Sob\u011b na Dev\u00edtce dok\u00e1zala?<\/a><\/li><li><a href=\"https:\/\/prahasobe.cz\/praha9sobe\/2022\/08\/24\/kultura-a-sousedska-setkani-by-mely-byt-kazdodenni-soucasti-nasich-zivotu\/\">Kultura a&nbsp;sousedsk\u00e1 setk\u00e1n\u00ed by m\u011bly b\u00fdt ka\u017edodenn\u00ed sou\u010d\u00e1st\u00ed na\u0161ich \u017eivot\u016f + na\u0161e \u0159e\u0161en\u00ed pro kulturu a&nbsp;komunity<\/a><\/li><li><a href=\"https:\/\/prahasobe.cz\/praha9sobe\/2022\/08\/24\/chceme-mestskou-cast-ktera-se-stara-o-sve-obyvatele-v-kazde-dobe\/\">Chceme m\u011bstskou \u010d\u00e1st, kter\u00e1 se star\u00e1 o&nbsp;sv\u00e9 obyvatele v&nbsp;ka\u017ed\u00e9 dob\u011b + na\u0161e \u0159e\u0161en\u00ed pro soci\u00e1ln\u00ed oblast<\/a><\/li><li>Jen dob\u0159e spravovan\u00e9 m\u011bsto i&nbsp;m\u011bstsk\u00e1 \u010d\u00e1st budou znamenat skute\u010dnou zm\u011bnu<\/li><li><a href=\"https:\/\/prahasobe.cz\/praha9sobe\/2022\/08\/26\/resime-preplnene-ulice-a-tranzitni-dopravu\/\">\u0158e\u0161\u00edme p\u0159epln\u011bn\u00e9 ulice a&nbsp;tranzitn\u00ed dopravu + na\u0161e \u0159e\u0161en\u00ed dopravy<\/a><\/li><li><a href=\"https:\/\/prahasobe.cz\/praha9sobe\/2022\/08\/25\/reseni-sudoku\/\">\u0158e\u0161en\u00ed sudoku<\/a><\/li><\/ul>\n","protected":false},"excerpt":{"rendered":"<p>P\u0159e\u010dt\u011bte si na\u0161e volebn\u00ed noviny s&nbsp;vizemi pro m\u011bsto, ve kter\u00e9m je radost \u017e\u00edt 365&nbsp;dn\u00ed v&nbsp;roce.<\/p>\n","protected":false},"author":10,"featured_media":67,"comment_status":"open","ping_status":"open","sticky":false,"template":"","format":"standard","meta":{"_acf_changed":false,"inline_featured_image":false,"footnotes":""},"categories":[4],"tags":[],"class_list":["post-732","post","type-post","status-publish","format-standard","has-post-thumbnail","hentry","category-news"],"acf":[],"aioseo_notices":[],"distributor_meta":false,"distributor_terms":false,"distributor_media":false,"distributor_original_site_name":"Praha9Sob\u011b","distributor_original_site_url":"https:\/\/prahasobe.cz\/praha9sobe","push-errors":false,"_links":{"self":[{"href":"https:\/\/prahasobe.cz\/praha9sobe\/wp-json\/wp\/v2\/posts\/732","targetHints":{"allow":["GET"]}}],"collection":[{"href":"https:\/\/prahasobe.cz\/praha9sobe\/wp-json\/wp\/v2\/posts"}],"about":[{"href":"https:\/\/prahasobe.cz\/praha9sobe\/wp-json\/wp\/v2\/types\/post"}],"author":[{"embeddable":true,"href":"https:\/\/prahasobe.cz\/praha9sobe\/wp-json\/wp\/v2\/users\/10"}],"replies":[{"embeddable":true,"href":"https:\/\/prahasobe.cz\/praha9sobe\/wp-json\/wp\/v2\/comments?post=732"}],"version-history":[{"count":16,"href":"https:\/\/prahasobe.cz\/praha9sobe\/wp-json\/wp\/v2\/posts\/732\/revisions"}],"predecessor-version":[{"id":944,"href":"https:\/\/prahasobe.cz\/praha9sobe\/wp-json\/wp\/v2\/posts\/732\/revisions\/944"}],"wp:featuredmedia":[{"embeddable":true,"href":"https:\/\/prahasobe.cz\/praha9sobe\/wp-json\/wp\/v2\/media\/67"}],"wp:attachment":[{"href":"https:\/\/prahasobe.cz\/praha9sobe\/wp-json\/wp\/v2\/media?parent=732"}],"wp:term":[{"taxonomy":"category","embeddable":true,"href":"https:\/\/prahasobe.cz\/praha9sobe\/wp-json\/wp\/v2\/categories?post=732"},{"taxonomy":"post_tag","embeddable":true,"href":"https:\/\/prahasobe.cz\/praha9sobe\/wp-json\/wp\/v2\/tags?post=732"}],"curies":[{"name":"wp","href":"https:\/\/api.w.org\/{rel}","templated":true}]}}