{"id":692,"date":"2022-08-16T17:12:24","date_gmt":"2022-08-16T17:12:24","guid":{"rendered":"https:\/\/prahasobe.cz\/praha9sobe\/?p=692"},"modified":"2022-08-17T17:25:43","modified_gmt":"2022-08-17T17:25:43","slug":"30-000-novych-obyvatel-30-000-duvodu-proc-volit-zmenu","status":"publish","type":"post","link":"https:\/\/prahasobe.cz\/praha9sobe\/2022\/08\/16\/30-000-novych-obyvatel-30-000-duvodu-proc-volit-zmenu\/","title":{"rendered":"30&nbsp;000 nov\u00fdch obyvatel, 30&nbsp;000 d\u016fvod\u016f, pro\u010d volit zm\u011bnu"},"content":{"rendered":"\n<div style=\"height:10px\" aria-hidden=\"true\" class=\"wp-block-spacer\"><\/div>\n\n\n\n<p><strong>Praha 9 je m\u011bstskou \u010d\u00e1st\u00ed, na jej\u00edm\u017e \u00fazem\u00ed se nach\u00e1z\u00ed jedno z&nbsp;nejv\u011bt\u0161\u00edch rozvojov\u00fdch \u00fazem\u00ed v&nbsp;Praze. Zdej\u0161\u00ed pr\u016fmyslov\u00e9 are\u00e1ly se staly vyhled\u00e1van\u00fdmi developersk\u00fdmi lokalitami a&nbsp;nov\u00e1 v\u00fdstavba postupn\u011b m\u011bn\u00ed charakter a&nbsp;funkci \u00fazem\u00ed.<\/strong><\/p>\n\n\n\n<div style=\"height:10px\" aria-hidden=\"true\" class=\"wp-block-spacer\"><\/div>\n\n\n\n<p>Kv\u016fli trestuhodn\u00e9mu rozprod\u00e1v\u00e1n\u00ed strategick\u00fdch pozemk\u016f, lehkov\u00e1\u017en\u00fdm zm\u011bn\u00e1m \u00fazemn\u00edho pl\u00e1nu nadb\u00edhaj\u00edc\u00edm developer\u016fm a&nbsp;p\u0159edev\u0161\u00edm kv\u016fli chyb\u011bj\u00edc\u00ed vizi rozvoje m\u00e1 m\u011bstsk\u00e1 \u010d\u00e1st dnes minim\u00e1ln\u00ed kontrolu nad t\u00edm, jak se tyto lokality rozv\u00edjej\u00ed.<\/p>\n\n\n\n<div style=\"height:10px\" aria-hidden=\"true\" class=\"wp-block-spacer\"><\/div>\n\n\n\n<p>Nezaj\u00edmalo to v&nbsp;minulosti dosavadn\u00ed veden\u00ed m\u011bstsk\u00e9 \u010d\u00e1sti, ale, up\u0159\u00edmn\u011b, ani sou\u010dasn\u00e9 obyvatele Dev\u00edtky. Domn\u00edvali se, \u017ee se jich to vlastn\u011b net\u00fdk\u00e1. Nov\u00e9 projekty v\u0161ak st\u00e1le p\u0159ib\u00fdvaj\u00ed a&nbsp;postupn\u011b n\u00e1s doh\u00e1n\u00ed h\u0159\u00edchy minulosti.<\/p>\n\n\n\n<div style=\"height:10px\" aria-hidden=\"true\" class=\"wp-block-spacer\"><\/div>\n\n\n\n<p>V mnoha ohledech je situace na Dev\u00edtce ji\u017e nyn\u00ed hrani\u010dn\u00ed.<\/p>\n\n\n\n<div style=\"height:20px\" aria-hidden=\"true\" class=\"wp-block-spacer\"><\/div>\n\n\n<div id=\"ps-block_62596a55d9ac3\" class=\"section custom-bgc custom-bgc-regular outline outline-yellow rounded rounded-tl rounded-tr rounded-bl rounded-br\">\n\n\n<h4>Pokud m\u011bstsk\u00e1 \u010d\u00e1st nebude efektivn\u011b reagovat na pot\u0159eby nov\u00e9ho po\u010dtu obyvatel, zmiz\u00ed Praha 9, jak ji zn\u00e1me.<\/h4>\n\n\n\n<div style=\"height:10px\" aria-hidden=\"true\" class=\"wp-block-spacer\"><\/div>\n\n\n\n<h4>V Hloub\u011bt\u00edn\u011b a&nbsp;Vyso\u010danech je dnes v&nbsp;r\u016fzn\u00e9m stadiu p\u0159\u00edprav mnoho developersk\u00fdch projekt\u016f a&nbsp;nov\u00e9 st\u00e1le p\u0159ib\u00fdvaj\u00ed. Kv\u016fli tomu se zde v&nbsp;budoucnu usad\u00ed v\u00edc ne\u017e 30 tis\u00edc nov\u00fdch obyvatel.<\/h4>\n\n\n\n<div style=\"height:10px\" aria-hidden=\"true\" class=\"wp-block-spacer\"><\/div>\n\n\n\n<h4>P\u0159edstavte si, jak se zv\u00fd\u0161\u00ed z\u00e1t\u011b\u017e ve\u0159ejn\u00e9 infrastruktury, kdy\u017e se na Dev\u00edtku p\u0159est\u011bhuje tolik obyvatel, kolik m\u00e1 nap\u0159\u00edklad cel\u00fd P\u00edsek nebo P\u0159\u00edbram? <\/h4>\n\n\n\n<div style=\"height:10px\" aria-hidden=\"true\" class=\"wp-block-spacer\"><\/div>\n\n\n\n<p><\/p>\n\n\n<\/div>\n\n\n<div style=\"height:20px\" aria-hidden=\"true\" class=\"wp-block-spacer\"><\/div>\n\n\n\n<p>Masivn\u00ed rozvoj Dev\u00edtky ovlivn\u00ed \u017eivoty n\u00e1s v\u0161ech a&nbsp;my se nutn\u011b mus\u00edme pt\u00e1t: Jak\u00fd je pl\u00e1n m\u011bstsk\u00e9 \u010d\u00e1sti? Pro leto\u0161n\u00ed volby je rozvoj m\u011bstsk\u00e9 \u010d\u00e1sti hlavn\u00edm t\u00e9matem.<\/p>\n\n\n\n<div style=\"height:10px\" aria-hidden=\"true\" class=\"wp-block-spacer\"><\/div>\n\n\n\n<p><strong>Napl\u00e1novan\u00e9 projekty u\u017e zastavit neum\u00edme. Ale m\u00e1me vizi, strategii a&nbsp;m\u00e1me n\u00e1stroje, d\u00edky nim\u017e zajist\u00edme, \u017ee bude rozvoj v&nbsp;na\u0161\u00ed m\u011bstsk\u00e9 \u010d\u00e1sti smyslupln\u00fd, p\u0159edv\u00eddateln\u00fd a&nbsp;ve prosp\u011bch zdej\u0161\u00edch obyvatel.<\/strong> <strong>Nebudeme jen lepit z\u00e1platy, kdy\u017e si obyvatel\u00e9 ji\u017e za\u010dnou st\u011b\u017eovat, ale budeme uva\u017eovat i&nbsp;dop\u0159edu.<\/strong> <strong>Pokud ve volb\u00e1ch usp\u011bjeme, budeme tuto zm\u011bnu prosazovat nejsiln\u011bji, jak jen n\u00e1m to dovol\u00ed n\u00e1\u0161 mand\u00e1t.<\/strong><\/p>\n\n\n\n<div style=\"height:10px\" aria-hidden=\"true\" class=\"wp-block-spacer\"><\/div>\n\n\n\n<p><strong>Co je pro n\u00e1s z\u00e1sadn\u00ed?<\/strong><\/p>\n\n\n\n<div style=\"height:10px\" aria-hidden=\"true\" class=\"wp-block-spacer\"><\/div>\n\n\n\n<p><span style=\"font-size: revert;color: initial\">Zasad\u00edme se o&nbsp;zaji\u0161t\u011bn\u00ed dostate\u010dn\u00e9ho po\u010dtu m\u00edst v&nbsp;mate\u0159sk\u00fdch a&nbsp;z\u00e1kladn\u00edch \u0161kol\u00e1ch, v\u010detn\u011b z\u0159izov\u00e1n\u00ed nov\u00fdch \u0161kol.<\/span><\/p>\n\n\n\n<div style=\"height:10px\" aria-hidden=\"true\" class=\"wp-block-spacer\"><\/div>\n\n\n\n<p>P\u00e9\u010d\u00ed o&nbsp;kvalitu v\u00fduky zabr\u00e1n\u00edme sp\u00e1dov\u00e9 turistice. <\/p>\n\n\n\n<div style=\"height:10px\" aria-hidden=\"true\" class=\"wp-block-spacer\"><\/div>\n\n\n\n<p>Budeme bojovat o&nbsp;dostate\u010dnou dostupnost zdravotn\u00ed p\u00e9\u010de tak, aby v&nbsp;budoucnu m\u00edstn\u00ed nemuseli doj\u00ed\u017ed\u011bt za praktick\u00fdm l\u00e9ka\u0159em, pediatrem nebo zuba\u0159em mimo Prahu 9.<\/p>\n\n\n\n<div style=\"height:10px\" aria-hidden=\"true\" class=\"wp-block-spacer\"><\/div>\n\n\n\n<p><span style=\"font-size: revert;color: initial\">Vytvo\u0159\u00edme pob\u00eddky pro d\u016fle\u017eit\u00e1 povol\u00e1n\u00ed, kter\u00e1 budou na Dev\u00edtce v&nbsp;budoucnu pot\u0159eba<\/span>.<\/p>\n\n\n\n<div style=\"height:10px\" aria-hidden=\"true\" class=\"wp-block-spacer\"><\/div>\n\n\n\n<p><span style=\"font-size: revert;color: initial\">Budeme se zab\u00fdvat budoucnost\u00ed dopravy a&nbsp;myslet na chyb\u011bj\u00edc\u00ed parkovac\u00ed m\u00edsta, ale i&nbsp;vytv\u00e1\u0159en\u00ed odpov\u00eddaj\u00edc\u00edch podm\u00ednek pro nemotorovou dopravu i&nbsp;prostor pro p\u011b\u0161\u00ed.<\/span> <\/p>\n\n\n\n<div style=\"height:10px\" aria-hidden=\"true\" class=\"wp-block-spacer\"><\/div>\n\n\n\n<p><span style=\"font-size: revert;color: initial\">Vytvo\u0159\u00edme pl\u00e1n pro \u00fadr\u017ebu, revitalizaci a&nbsp;ochranu zelen\u00fdch ploch k&nbsp;tr\u00e1ven\u00ed voln\u00e9ho \u010dasu, kter\u00e9 ji\u017e nyn\u00ed o&nbsp;v\u00edkendech praskaj\u00ed ve \u0161vech i&nbsp;mimo centr\u00e1ln\u00ed parky<\/span> <\/p>\n\n\n\n<p><\/p>\n\n\n\n<div style=\"height:31px\" aria-hidden=\"true\" class=\"wp-block-spacer\"><\/div>\n\n\n\n<figure class=\"wp-block-image size-large is-style-default\"><img loading=\"lazy\" width=\"1024\" height=\"768\" src=\"https:\/\/prahasobe.cz\/praha9sobe\/wp-content\/uploads\/sites\/4\/2022\/08\/Kolbenova-1024x768.jpg\" alt=\"\" class=\"wp-image-693\" srcset=\"https:\/\/prahasobe.cz\/praha9sobe\/wp-content\/uploads\/sites\/4\/2022\/08\/Kolbenova-1024x768.jpg 1024w, https:\/\/prahasobe.cz\/praha9sobe\/wp-content\/uploads\/sites\/4\/2022\/08\/Kolbenova-300x225.jpg 300w, https:\/\/prahasobe.cz\/praha9sobe\/wp-content\/uploads\/sites\/4\/2022\/08\/Kolbenova-768x576.jpg 768w, https:\/\/prahasobe.cz\/praha9sobe\/wp-content\/uploads\/sites\/4\/2022\/08\/Kolbenova-1536x1152.jpg 1536w, https:\/\/prahasobe.cz\/praha9sobe\/wp-content\/uploads\/sites\/4\/2022\/08\/Kolbenova.jpg 1920w\" sizes=\"(max-width: 1024px) 100vw, 1024px\" \/><figcaption><em>Nov\u00e1 v\u00fdstavba u&nbsp;stanice metra Kolbenova<\/em><\/figcaption><\/figure>\n\n\n\n<div style=\"height:20px\" aria-hidden=\"true\" class=\"wp-block-spacer\"><\/div>\n\n\n\n<p>A jak to za\u0159\u00edd\u00edme? Budeme pl\u00e1novat tak, aby celek d\u00e1val smysl.<\/p>\n\n\n\n<div style=\"height:10px\" aria-hidden=\"true\" class=\"wp-block-spacer\"><\/div>\n\n\n\n<p>M\u011bsto je slo\u017eit\u00fd organismus a&nbsp;p\u0159i&nbsp;jeho pl\u00e1nov\u00e1n\u00ed je t\u0159eba br\u00e1t v&nbsp;potaz vz\u00e1jemn\u00e9 souvislosti. Nelze stav\u011bt cel\u00e9 \u010dtvrti bez vnit\u0159n\u00ed logiky a&nbsp;urbanistick\u00e9 n\u00e1vaznosti na okol\u00ed. Je t\u0159eba p\u0159em\u00fd\u0161let nad dopadem na ob\u010dana tak, aby m\u011bl v&nbsp;doch\u00e1zkov\u00e9 vzd\u00e1lenosti pot\u0159ebn\u00e9 slu\u017eby, mo\u017enost sportovn\u00edho, kulturn\u00edho a&nbsp;rekrea\u010dn\u00edho vy\u017eit\u00ed. <\/p>\n\n\n\n<div style=\"height:10px\" aria-hidden=\"true\" class=\"wp-block-spacer\"><\/div>\n\n\n\n<p>Vedle metropolitn\u00edho pl\u00e1nu je t\u0159eba m\u00edt podrobn\u011bj\u0161\u00ed dokumentaci, jako jsou \u00fazemn\u00ed studie \u010di&nbsp;regula\u010dn\u00ed pl\u00e1ny. A&nbsp;pokud se ji\u017e stav\u00ed, tak tak\u00e9 pl\u00e1n etapizace v\u00fdstavby, aby nevznikaly kusy m\u011bsta, kde vznikne park a\u017e za deset let.<\/p>\n\n\n\n<div style=\"height:10px\" aria-hidden=\"true\" class=\"wp-block-spacer\"><\/div>\n\n\n\n<p><strong>M\u011bsto nesm\u00ed nechat rozhodovat jen majitele pozemk\u016f, ale mus\u00ed zajistit vhodn\u00e9 podm\u00ednky pro st\u00e1vaj\u00edc\u00ed i&nbsp;budouc\u00ed obyvatele. Podrobn\u011bj\u0161\u00ed \u00fazemn\u00ed dokumentaci budeme prosazovat pro rozvojov\u00e1, ale i&nbsp;pro stabilizovan\u00e1 \u00fazem\u00ed.<\/strong><\/p>\n\n\n\n<div style=\"height:10px\" aria-hidden=\"true\" class=\"wp-block-spacer\"><\/div>\n\n\n\n<p><strong>Z\u0159\u00edd\u00edme pozici architekta m\u011bstsk\u00e9 \u010d\u00e1sti. Jedna z&nbsp;nejv\u00edce rozvojov\u00fdch m\u011bstsk\u00fdch \u010d\u00e1st\u00ed toti\u017e nutn\u011b pot\u0159ebuje odborn\u00edka, p\u0159\u00edpadn\u011b t\u00fdm, kter\u00fd rozum\u00ed urbanismu a&nbsp;jeho\u017e prac\u00ed bude koordinovat a&nbsp;prosazovat z\u00e1jmy m\u011bstsk\u00e9 \u010d\u00e1sti a&nbsp;jej\u00edch st\u00e1vaj\u00edc\u00edch i&nbsp;nov\u00fdch obyvatel sm\u011brem k&nbsp;jednotliv\u00fdm projekt\u016fm.<\/strong><\/p>\n\n\n\n<div style=\"height:10px\" aria-hidden=\"true\" class=\"wp-block-spacer\"><\/div>\n\n\n\n<p>Architekt m\u011bstsk\u00e9 \u010d\u00e1sti bude prosazovat funk\u010dn\u00ed a&nbsp;urbanisticky spr\u00e1vn\u00e1 \u0159e\u0161en\u00ed. Souvislosti jsou toti\u017e vid\u011bt jen p\u0159i&nbsp;hl\u00edd\u00e1n\u00ed vz\u00e1jemn\u00e9 n\u00e1vaznosti jednotliv\u00fdch projekt\u016f. Bude db\u00e1t na to, aby rozvoj byl p\u0159edv\u00eddateln\u00fd i&nbsp;pro developery a&nbsp;aby m\u00edstn\u00ed org\u00e1ny postupovaly kompetentn\u011b.<\/p>\n\n\n\n<div style=\"height:10px\" aria-hidden=\"true\" class=\"wp-block-spacer\"><\/div>\n\n\n\n<p><strong>Dal\u0161\u00edm d\u016fle\u017eit\u00fdm &#8220;n\u00e1strojem&#8221; jste vy, ob\u010dan\u00e9 Dev\u00edtky. Chceme v\u00e1s zapojit do proces\u016f pl\u00e1nov\u00e1n\u00ed. Chceme zn\u00e1t v\u00e1\u0161 n\u00e1zor, v\u00e9st otev\u0159en\u00fd dialog. A&nbsp;vyu\u017eijeme pro to zn\u00e1m\u00e9 funguj\u00edc\u00ed mechanismy participativn\u00edho pl\u00e1nov\u00e1n\u00ed.<\/strong><\/p>\n\n\n\n<div style=\"height:10px\" aria-hidden=\"true\" class=\"wp-block-spacer\"><\/div>\n\n\n\n<p>Zasad\u00edme se tak\u00e9 o&nbsp;zapojen\u00ed samotn\u00fdch developer\u016f do v\u00fdstavby m\u011bstsk\u00fdch byt\u016f, \u0161kol a&nbsp;dal\u0161\u00ed d\u016fle\u017eit\u00e9 infrastruktury. To n\u00e1m umo\u017e\u0148uj\u00ed kontribu\u010dn\u00ed pravidla, kter\u00e1 u\u017e PRAHA SOB\u011a na magistr\u00e1tu pomohla prosadit. Tato pravidla umo\u017e\u0148uj\u00ed finan\u010dn\u00ed spolu\u00fa\u010dast developer\u016f na syst\u00e9mov\u00e9m rozvoji \u00fazem\u00ed, aby nebylo jen m\u011bstem duch\u016f, kde se v\u0161ichni r\u00e1no posad\u00ed do auta a&nbsp;ve\u010der se p\u0159ijedou vyspat.<\/p>\n\n\n\n<div style=\"height:10px\" aria-hidden=\"true\" class=\"wp-block-spacer\"><\/div>\n\n\n\n<p>Nestav\u00edme vzdu\u0161n\u00e9 z\u00e1mky, rozum\u00edme praktick\u00fdm aspekt\u016fm pl\u00e1nov\u00e1n\u00ed v\u00fdstavby. A&nbsp;hlavn\u011b se neboj\u00edme vyhrnout si ruk\u00e1vy a&nbsp;vyjedn\u00e1vat.<\/p>\n\n\n\n<div style=\"height:10px\" aria-hidden=\"true\" class=\"wp-block-spacer\"><\/div>\n\n\n\n<p><strong>Chceme kompaktn\u00ed, ale pr\u016fchodn\u00e9 m\u011bsto s&nbsp;p\u0159\u00edjemn\u00fdm ve\u0159ejn\u00fdm prostorem a&nbsp;bohatou zelen\u00ed, kvalitn\u011b obslou\u017een\u00e9 ve\u0159ejnou dopravou, s&nbsp;\u017eiv\u00fdmi ulicemi a&nbsp;vyv\u00e1\u017een\u00fdm mixem funkc\u00ed. M\u011bsto kr\u00e1tk\u00fdch vzd\u00e1lenost\u00ed, kter\u00e9 je pl\u00e1nov\u00e1no s&nbsp;ohledem na v\u00edcegenera\u010dn\u00ed, soci\u00e1ln\u00ed a&nbsp;ekologickou udr\u017eitelnost. V&nbsp;t\u011bchto sm\u011brech chceme, aby m\u011bstsk\u00e1 \u010d\u00e1st h\u00e1jila z\u00e1jmy v\u0161ech sv\u00fdch obyvatel. A\u0165 bydl\u00ed na s\u00eddli\u0161ti, v&nbsp;nov\u011b vznikaj\u00edc\u00edch obytn\u00fdch komplexech, v&nbsp;tradi\u010dn\u00ed z\u00e1stavb\u011b, nebo v&nbsp;okrajov\u00fdch \u010d\u00e1stech.<\/strong><\/p>\n\n\n\n<div style=\"height:10px\" aria-hidden=\"true\" class=\"wp-block-spacer\"><\/div>\n\n\n\n<p>N\u00e1sleduj\u00edc\u00ed roky tedy z\u00e1sadn\u011b ovlivn\u00ed podobu m\u011bsta, ve kter\u00e9m spole\u010dn\u011b \u017eijeme. Konec Dev\u00edtky, jak ji zn\u00e1me. To nemus\u00ed b\u00fdt jen varov\u00e1n\u00edm p\u0159ed neveselou budoucnost\u00ed. M\u016f\u017ee b\u00fdt i&nbsp;nad\u011bj\u00ed, \u017ee se v&nbsp;budoucnu bude dob\u0159e \u017e\u00edt na cel\u00e9m \u00fazem\u00ed m\u011bstsk\u00e9 \u010d\u00e1sti. O&nbsp;tom do velk\u00e9 m\u00edry rozhodujete vy pr\u00e1v\u011b v&nbsp;nadch\u00e1zej\u00edc\u00edch komun\u00e1ln\u00edch volb\u00e1ch.<\/p>\n\n\n\n<div style=\"height:20px\" aria-hidden=\"true\" class=\"wp-block-spacer\"><\/div>\n\n\n<div id=\"ps-block_625aad1134277\" class=\"section custom-bgc custom-bgc-yellow rounded rounded-tl rounded-tr rounded-bl rounded-br\">\n\n\n<h2>Na\u0161e \u0159e\u0161en\u00ed v&nbsp;oblasti \u00fazemn\u00edho rozvoje<\/h2>\n\n\n\n<ul class=\"icon-list icon-list--arr\"><li>prosad\u00edme vznik institutu hlavn\u00edho architekta, kter\u00fd bude koordinovat urbanistick\u00fd rozvoj Dev\u00edtky v\u00a0souladu s&nbsp;pot\u0159ebami obyvatel a&nbsp;n\u00e1zory odborn\u00edk\u016f<\/li><li>dopracujeme strategick\u00fd pl\u00e1n a&nbsp;navazuj\u00edc\u00ed \u00fazemn\u00ed studie a&nbsp;regula\u010dn\u00ed pl\u00e1ny umo\u017e\u0148uj\u00edc\u00ed opravdov\u00e9 pl\u00e1nov\u00e1n\u00ed rozvoje<\/li><li>transparentn\u00ed pravidla a&nbsp;vize umo\u017en\u00ed p\u0159edv\u00eddatelnost chov\u00e1n\u00ed m\u011bstsk\u00e9 \u010d\u00e1sti, a&nbsp;t\u00edm i&nbsp;snaz\u0161\u00ed spolupr\u00e1ci se soukrom\u00fdm sektorem<\/li><li>budeme vyjedn\u00e1vat o&nbsp;\u00fa\u010dasti developer\u016f na v\u00fdstavb\u011b nutn\u00e9 infrastruktury, v\u010detn\u011b m\u011bstsk\u00fdch byt\u016f a&nbsp;\u0161kol, uplatn\u00edme kontribuce<\/li><li>budeme pr\u016fb\u011b\u017en\u011b a&nbsp;otev\u0159en\u011b komunikovat s&nbsp;ob\u010dany, kter\u00fdch se nov\u00e9 projekty dotknou<\/li><li>chceme, aby vznikaly funk\u010dn\u00ed \u010dtvrti a&nbsp;m\u011bsto kr\u00e1tk\u00fdch vzd\u00e1lenost\u00ed<\/li><\/ul>\n\n\n\n<p><\/p>\n\n\n<\/div>\n\n\n<div style=\"height:10px\" aria-hidden=\"true\" class=\"wp-block-spacer\"><\/div>\n\n\n<div id=\"ps-block_62fd1d20dc1ab\" class=\"section custom-bgc custom-bgc-yellow rounded rounded-tl rounded-tr rounded-bl rounded-br\">\n\n\n<h2>Na\u0161e \u0159e\u0161en\u00ed pro ve\u0159ejn\u00fd prostor<\/h2>\n\n\n\n<ul class=\"icon-list icon-list--arr\"><li><span style=\"color: initial\">zv\u00fd\u0161\u00edme po\u010dty lavi\u010dek a&nbsp;odpadkov\u00fdch ko\u0161\u016f, zlep\u0161\u00edme jejich \u00fadr\u017ebu<\/span><\/li><li>obnov\u00edme odpo\u010dinkov\u00e9 z\u00f3ny i&nbsp;na zapomenut\u00fdch m\u00edstech<\/li><li>budeme bojovat proti vizu\u00e1ln\u00edmu smogu v\u010detn\u011b odstra\u0148ov\u00e1n\u00ed neleg\u00e1ln\u00ed reklamy a&nbsp;graffiti<\/li><li>z\u0159\u00edd\u00edme p\u00edtka a&nbsp;ml\u017e\u00edtka v&nbsp;parc\u00edch a&nbsp;u&nbsp;d\u011btsk\u00fdch h\u0159i\u0161\u0165<\/li><\/ul>\n\n\n\n<p><\/p>\n\n\n<\/div>\n\n\n<div style=\"height:20px\" aria-hidden=\"true\" class=\"wp-block-spacer\"><\/div>\n\n\n\n<p><em>Autorka: Kamila Mat\u011bjkov\u00e1<\/em><\/p>\n\n\n\n<div style=\"height:10px\" aria-hidden=\"true\" class=\"wp-block-spacer\"><\/div>\n","protected":false},"excerpt":{"rendered":"<p>Pokud m\u011bstsk\u00e1 \u010d\u00e1st nebude efektivn\u011b reagovat na pot\u0159eby nov\u00e9ho po\u010dtu obyvatel, zmiz\u00ed Praha 9, jak ji zn\u00e1me.<\/p>\n","protected":false},"author":10,"featured_media":693,"comment_status":"open","ping_status":"open","sticky":true,"template":"","format":"standard","meta":{"inline_featured_image":false},"categories":[4],"tags":[],"acf":[],"aioseo_notices":[],"_links":{"self":[{"href":"https:\/\/prahasobe.cz\/praha9sobe\/wp-json\/wp\/v2\/posts\/692"}],"collection":[{"href":"https:\/\/prahasobe.cz\/praha9sobe\/wp-json\/wp\/v2\/posts"}],"about":[{"href":"https:\/\/prahasobe.cz\/praha9sobe\/wp-json\/wp\/v2\/types\/post"}],"author":[{"embeddable":true,"href":"https:\/\/prahasobe.cz\/praha9sobe\/wp-json\/wp\/v2\/users\/10"}],"replies":[{"embeddable":true,"href":"https:\/\/prahasobe.cz\/praha9sobe\/wp-json\/wp\/v2\/comments?post=692"}],"version-history":[{"count":23,"href":"https:\/\/prahasobe.cz\/praha9sobe\/wp-json\/wp\/v2\/posts\/692\/revisions"}],"predecessor-version":[{"id":821,"href":"https:\/\/prahasobe.cz\/praha9sobe\/wp-json\/wp\/v2\/posts\/692\/revisions\/821"}],"wp:featuredmedia":[{"embeddable":true,"href":"https:\/\/prahasobe.cz\/praha9sobe\/wp-json\/wp\/v2\/media\/693"}],"wp:attachment":[{"href":"https:\/\/prahasobe.cz\/praha9sobe\/wp-json\/wp\/v2\/media?parent=692"}],"wp:term":[{"taxonomy":"category","embeddable":true,"href":"https:\/\/prahasobe.cz\/praha9sobe\/wp-json\/wp\/v2\/categories?post=692"},{"taxonomy":"post_tag","embeddable":true,"href":"https:\/\/prahasobe.cz\/praha9sobe\/wp-json\/wp\/v2\/tags?post=692"}],"curies":[{"name":"wp","href":"https:\/\/api.w.org\/{rel}","templated":true}]}}