{"id":673,"date":"2022-08-16T15:08:40","date_gmt":"2022-08-16T15:08:40","guid":{"rendered":"https:\/\/prahasobe.cz\/praha9sobe\/?p=673"},"modified":"2022-08-17T14:56:21","modified_gmt":"2022-08-17T14:56:21","slug":"odpovedne-investice-a-sprava-majetku-znamenaji-lepsi-budoucnost-pro-vsechny","status":"publish","type":"post","link":"https:\/\/prahasobe.cz\/praha9sobe\/2022\/08\/16\/odpovedne-investice-a-sprava-majetku-znamenaji-lepsi-budoucnost-pro-vsechny\/","title":{"rendered":"Odpov\u011bdn\u00e9 investice a&nbsp;spr\u00e1va majetku znamenaj\u00ed lep\u0161\u00ed budoucnost pro v\u0161echny"},"content":{"rendered":"\n<div class=\"wp-block-group\"><div class=\"wp-block-group__inner-container is-layout-flow wp-block-group-is-layout-flow\">\n<div class=\"wp-block-group\"><div class=\"wp-block-group__inner-container is-layout-flow wp-block-group-is-layout-flow\">\n<p><strong>Finan\u010dn\u00ed situace Prahy 9 je na rozd\u00edl nap\u0159\u00edklad od sousedn\u00ed m\u011bstsk\u00e9 \u010d\u00e1sti Prahy 8 stabiln\u00ed, to ale neznamen\u00e1, \u017ee zde nen\u00ed prostor pro zlep\u0161en\u00ed.<\/strong> <\/p>\n<\/div><\/div>\n<\/div><\/div>\n\n\n\n<div style=\"height:10px\" aria-hidden=\"true\" class=\"wp-block-spacer\"><\/div>\n\n\n\n<p>Je pot\u0159eba pokra\u010dovat v&nbsp;trendu nezadlu\u017eov\u00e1n\u00ed kv\u016fli v\u00fddaj\u016fm na b\u011b\u017en\u00fd provoz, z\u00e1rove\u0148 je pot\u0159eba jasn\u011b a&nbsp;transparentn\u011b vy\u010d\u00edslit \u00faspory, kter\u00e9 m\u00e1 m\u011bstsk\u00e1 \u010d\u00e1st Praha 9 na investice. Tato \u010d\u00e1stka dnes zn\u00e1m\u00e1 nen\u00ed. P\u0159itom se zde bude stav\u011bt m\u011bsto pro v\u00edce ne\u017e 30&nbsp;000 nov\u00fdch soused\u016f a&nbsp;m\u011bstsk\u00e1 \u010d\u00e1st se bude muset pod\u00edlet na financov\u00e1n\u00ed souvisej\u00edc\u00edch infrastrukturn\u00edch investic.<\/p>\n\n\n\n<div style=\"height:20px\" aria-hidden=\"true\" class=\"wp-block-spacer\"><\/div>\n\n\n<div id=\"ps-block_62596a55d9ac3\" class=\"section custom-bgc custom-bgc-regular outline outline-yellow rounded rounded-tl rounded-tr rounded-bl rounded-br\">\n\n\n<h4 class=\"wp-block-heading\">Co pot\u0159ebuje 30&nbsp;000 nov\u00fdch obyvatel? Minim\u00e1ln\u011b \u010dty\u0159i \u0161kolky, \u010dty\u0159i \u0161koly, dv\u011b policejn\u00ed slu\u017eebny, hasi\u010de a&nbsp;polikliniku. Dohromady investice za p\u011bt miliard korun.<\/h4>\n\n\n<\/div>\n\n\n<div style=\"height:10px\" aria-hidden=\"true\" class=\"wp-block-spacer\"><\/div>\n\n\n\n<p><strong>Jak se Praha 9 rozv\u00edj\u00ed stavebn\u011b, mus\u00ed se rozv\u00edjet i&nbsp;finan\u010dn\u011b.<\/strong><\/p>\n\n\n\n<div style=\"height:10px\" aria-hidden=\"true\" class=\"wp-block-spacer\"><\/div>\n\n\n\n<p>Praha 9 mus\u00ed intenzivn\u011b spolupracovat s&nbsp;magistr\u00e1tem a&nbsp;b\u00fdt efektivn\u00ed p\u0159i&nbsp;z\u00edsk\u00e1v\u00e1n\u00ed investi\u010dn\u00edch prost\u0159edk\u016f do rozvoje m\u011bstsk\u00e9 \u010d\u00e1sti ze strany hlavn\u00edho m\u011bsta, st\u00e1tu i&nbsp;Evropsk\u00e9 unie.<\/p>\n\n\n\n<div style=\"height:10px\" aria-hidden=\"true\" class=\"wp-block-spacer\"><\/div>\n\n\n\n<p>Rozpo\u010det m\u011bstsk\u00e9 \u010d\u00e1sti mus\u00ed b\u00fdt sestavov\u00e1n realisticky, na z\u00e1klad\u011b re\u00e1ln\u00fdch provozn\u00edch pot\u0159eb a&nbsp;transparentn\u00edho investi\u010dn\u00edho pl\u00e1nu.<\/p>\n\n\n\n<div style=\"height:10px\" aria-hidden=\"true\" class=\"wp-block-spacer\"><\/div>\n\n\n\n<p><strong>Nejlep\u0161\u00edm zp\u016fsobem, jak m\u016f\u017ee Praha 9 u\u010dinit sv\u00e9 finance transparentn\u00ed, je pak zapojen\u00ed do<\/strong> <strong>vizualiza\u010dn\u00ed aplikace Cityvizor.<\/strong><\/p>\n\n\n\n<div style=\"height:10px\" aria-hidden=\"true\" class=\"wp-block-spacer\"><\/div>\n\n\n\n<p>Zde jsou p\u0159ehledn\u011b vid\u011bt faktury za jednotliv\u00e9 slu\u017eby a&nbsp;majetek, co m\u011bstsk\u00e1 \u010d\u00e1st nakupuje. V&nbsp;sou\u010dasn\u00e9 dob\u011b nejsou informace o&nbsp;hospoda\u0159en\u00ed Prahy 9 p\u0159ehledn\u00e9, nejsou tud\u00ed\u017e transparentn\u00ed. Toto je pot\u0159eba zm\u011bnit.<\/p>\n\n\n\n<div style=\"height:10px\" aria-hidden=\"true\" class=\"wp-block-spacer\"><\/div>\n\n\n\n<p><strong>Kde nen\u00ed mo\u017enost kontroly, nikdy nem\u016f\u017ee b\u00fdt d\u016fv\u011bra.<\/strong><\/p>\n\n\n\n<div style=\"height:10px\" aria-hidden=\"true\" class=\"wp-block-spacer\"><\/div>\n\n\n\n<p><strong>Majetek m\u011bstsk\u00e9 \u010d\u00e1sti budeme spravovat transparentn\u011b.<\/strong><\/p>\n\n\n\n<div style=\"height:10px\" aria-hidden=\"true\" class=\"wp-block-spacer\"><\/div>\n\n\n\n<p>Soust\u0159ed\u00edme se na \u0159\u00e1dnou evidenci a&nbsp;inventuru majetku, aby bylo jasn\u00e9, kde kolik a&nbsp;\u010deho Praha 9 m\u00e1 a&nbsp;\u017ee je majetek vyu\u017e\u00edv\u00e1n efektivn\u011b. P\u0159iprav\u00edme transparentn\u00ed pl\u00e1n \u00fadr\u017eby, oprav a&nbsp;investic m\u011bstsk\u00e9 \u010d\u00e1sti.<\/p>\n\n\n\n<div style=\"height:10px\" aria-hidden=\"true\" class=\"wp-block-spacer\"><\/div>\n\n\n\n<p><strong>Tato opat\u0159en\u00ed povedou nejen k&nbsp;lep\u0161\u00edmu hospoda\u0159en\u00ed, ale z\u00e1rove\u0148 maxim\u00e1ln\u011b sn\u00ed\u017e\u00ed prostor pro korupci a&nbsp;klientelismus.<\/strong><\/p>\n\n\n\n<div style=\"height:10px\" aria-hidden=\"true\" class=\"wp-block-spacer\"><\/div>\n\n\n\n<p>Provedeme revizi n\u00e1jemn\u00edch smluv u&nbsp;majetku, kter\u00fd Praha 9 pronaj\u00edm\u00e1, jestli se z&nbsp;pron\u00e1jmu dosahuje o\u010dek\u00e1van\u00e9ho ve\u0159ejn\u00e9ho u\u017eitku nebo finan\u010dn\u00edho prosp\u011bchu pro m\u011bstskou \u010d\u00e1st. Na prvn\u00edm m\u00edst\u011b mus\u00ed b\u00fdt op\u011bt z\u00e1jem obyvatel.<\/p>\n\n\n\n<div style=\"height:10px\" aria-hidden=\"true\" class=\"wp-block-spacer\"><\/div>\n\n\n\n<p>O stavebn\u00edch investic\u00edch a&nbsp;ve\u0159ejn\u00fdch zak\u00e1zk\u00e1ch budeme informovat nejen na v\u00fdv\u011bsce, jak p\u0159ikazuje z\u00e1kon, ale prost\u0159ednictv\u00edm dal\u0161\u00edch, snadno dostupn\u00fdch kan\u00e1l\u016f. Ka\u017ed\u00fd ob\u010dan m\u00e1 pr\u00e1vo na jasn\u00e9 informace o&nbsp;tom, co jeho m\u011bstsk\u00e1 \u010d\u00e1st pl\u00e1nuje stav\u011bt, opravit nebo koupit d\u0159\u00edve, ne\u017e je o&nbsp;tom rozhodnuto.<\/p>\n\n\n\n<div style=\"height:10px\" aria-hidden=\"true\" class=\"wp-block-spacer\"><\/div>\n\n\n\n<p><strong>Skon\u010d\u00edme s&nbsp;\u017eivelnou privatizac\u00ed m\u011bstsk\u00fdch byt\u016f a&nbsp;za\u010dneme obnovovat bytov\u00fd fond. <\/strong>Zajist\u00edme t\u00edm dlouhodob\u00fd udr\u017eiteln\u00fd p\u0159\u00edjem do m\u011bstsk\u00e9ho rozpo\u010dtu p\u0159i&nbsp;zachov\u00e1n\u00ed mo\u017enosti realizace vlastn\u00ed bytov\u00e9 politiky.<\/p>\n\n\n\n<div style=\"height:10px\" aria-hidden=\"true\" class=\"wp-block-spacer\"><\/div>\n\n\n\n<p><strong>Budeme prosazovat \u0159\u00e1dnou p\u00e9\u010di, opravy a&nbsp;\u00fadr\u017ebu i&nbsp;u&nbsp;dal\u0161\u00edho majetku m\u011bstsk\u00e9 \u010d\u00e1sti, v\u010detn\u011b toho drobn\u00e9ho a&nbsp;v\u010detn\u011b m\u011bstsk\u00e9ho mobili\u00e1\u0159e.<\/strong><\/p>\n\n\n\n<div style=\"height:20px\" aria-hidden=\"true\" class=\"wp-block-spacer\"><\/div>\n\n\n<div id=\"ps-block_625aad1134277\" class=\"section custom-bgc custom-bgc-yellow rounded rounded-tl rounded-tr rounded-bl rounded-br\">\n\n\n<h2 class=\"wp-block-heading\">Na\u0161e \u0159e\u0161en\u00ed financ\u00ed<\/h2>\n\n\n\n<ul class=\"icon-list icon-list--arr wp-block-list\"><li><span style=\"color: initial\">p\u0159iprav\u00edme jasn\u00fd pl\u00e1n investic do infrastruktury, \u0161kolstv\u00ed a&nbsp;kultivace ve\u0159ejn\u00e9ho prostoru<\/span><\/li><li>zajist\u00edme transparentn\u00ed rozpo\u010det p\u0159\u00edstupn\u00fd v\u0161em ob\u010dan\u016fm v&nbsp;aplikaci Cityvizor<\/li><li>budeme l\u00e9pe spravovat majetek v\u010detn\u011b bytov\u00e9ho fondu<\/li><li>provedeme revizi smluvn\u00edch vztah\u016f a&nbsp;nev\u00fdhodn\u00e9 smlouvy ukon\u010d\u00edme<\/li><\/ul>\n\n\n\n<p><\/p>\n\n\n<\/div>\n\n\n<div style=\"height:10px\" aria-hidden=\"true\" class=\"wp-block-spacer\"><\/div>\n\n\n\n<p><em>Autor: Tom\u00e1\u0161 Vyhn\u00e1nek<\/em><\/p>\n","protected":false},"excerpt":{"rendered":"<p>Finan\u010dn\u00ed situace Prahy 9 je na rozd\u00edl nap\u0159\u00edklad od sousedn\u00ed m\u011bstsk\u00e9 \u010d\u00e1sti Prahy 8 stabiln\u00ed, to ale neznamen\u00e1, \u017ee zde nen\u00ed prostor pro zlep\u0161en\u00ed.<\/p>\n","protected":false},"author":10,"featured_media":741,"comment_status":"open","ping_status":"open","sticky":false,"template":"","format":"standard","meta":{"_acf_changed":false,"inline_featured_image":false,"footnotes":""},"categories":[4],"tags":[],"class_list":["post-673","post","type-post","status-publish","format-standard","has-post-thumbnail","hentry","category-news"],"acf":[],"aioseo_notices":[],"distributor_meta":false,"distributor_terms":false,"distributor_media":false,"distributor_original_site_name":"Praha9Sob\u011b","distributor_original_site_url":"https:\/\/prahasobe.cz\/praha9sobe","push-errors":false,"_links":{"self":[{"href":"https:\/\/prahasobe.cz\/praha9sobe\/wp-json\/wp\/v2\/posts\/673","targetHints":{"allow":["GET"]}}],"collection":[{"href":"https:\/\/prahasobe.cz\/praha9sobe\/wp-json\/wp\/v2\/posts"}],"about":[{"href":"https:\/\/prahasobe.cz\/praha9sobe\/wp-json\/wp\/v2\/types\/post"}],"author":[{"embeddable":true,"href":"https:\/\/prahasobe.cz\/praha9sobe\/wp-json\/wp\/v2\/users\/10"}],"replies":[{"embeddable":true,"href":"https:\/\/prahasobe.cz\/praha9sobe\/wp-json\/wp\/v2\/comments?post=673"}],"version-history":[{"count":13,"href":"https:\/\/prahasobe.cz\/praha9sobe\/wp-json\/wp\/v2\/posts\/673\/revisions"}],"predecessor-version":[{"id":743,"href":"https:\/\/prahasobe.cz\/praha9sobe\/wp-json\/wp\/v2\/posts\/673\/revisions\/743"}],"wp:featuredmedia":[{"embeddable":true,"href":"https:\/\/prahasobe.cz\/praha9sobe\/wp-json\/wp\/v2\/media\/741"}],"wp:attachment":[{"href":"https:\/\/prahasobe.cz\/praha9sobe\/wp-json\/wp\/v2\/media?parent=673"}],"wp:term":[{"taxonomy":"category","embeddable":true,"href":"https:\/\/prahasobe.cz\/praha9sobe\/wp-json\/wp\/v2\/categories?post=673"},{"taxonomy":"post_tag","embeddable":true,"href":"https:\/\/prahasobe.cz\/praha9sobe\/wp-json\/wp\/v2\/tags?post=673"}],"curies":[{"name":"wp","href":"https:\/\/api.w.org\/{rel}","templated":true}]}}