{"id":642,"date":"2022-08-10T20:38:50","date_gmt":"2022-08-10T20:38:50","guid":{"rendered":"https:\/\/prahasobe.cz\/praha9sobe\/?p=642"},"modified":"2022-08-10T21:00:32","modified_gmt":"2022-08-10T21:00:32","slug":"jdeme-do-voleb-s-cislem-1","status":"publish","type":"post","link":"https:\/\/prahasobe.cz\/praha9sobe\/2022\/08\/10\/jdeme-do-voleb-s-cislem-1\/","title":{"rendered":"Jdeme do voleb s&nbsp;\u010d\u00edslem 1"},"content":{"rendered":"\n<div class=\"wp-block-columns is-layout-flex wp-container-core-columns-is-layout-9d6595d7 wp-block-columns-is-layout-flex\">\n<div class=\"wp-block-column is-layout-flow wp-block-column-is-layout-flow\" style=\"flex-basis:100%\"><\/div>\n<\/div>\n\n\n\n<div class=\"wp-block-group\"><div class=\"wp-block-group__inner-container is-layout-flow wp-block-group-is-layout-flow\">\n<p>V \u010dervenci jsme na \u00fa\u0159ad M\u011bstsk\u00e9 \u010d\u00e1sti Praha 9 odevzdali t\u00e9m\u011b\u0159 5&nbsp;500 podpis\u016f ob\u010dan\u016f a&nbsp;ob\u010danek Prahy 9, podporuj\u00edc\u00edch kandidaturu sdru\u017een\u00ed nez\u00e1visl\u00fdch kandid\u00e1t\u016f PRAHA 9 SOB\u011a na radnici Prahy 9. Komun\u00e1ln\u00ed volby letos prob\u011bhnou 23.&nbsp;a&nbsp;24.&nbsp;z\u00e1\u0159\u00ed.<\/p>\n<\/div><\/div>\n\n\n\n<h5 class=\"wp-block-heading\"><\/h5>\n\n\n\n<div class=\"wp-block-group\"><div class=\"wp-block-group__inner-container is-layout-flow wp-block-group-is-layout-flow\">\n<p>D\u011bkujeme v\u00e1m v\u0161em, kte\u0159\u00ed jste n\u00e1m sv\u00fdm podpisem dali \u0161anci uch\u00e1zet se o&nbsp;va\u0161e hlasy ve volb\u00e1ch. D\u011bkujeme tak\u00e9 v\u0161em dobrovoln\u00edk\u016fm a&nbsp;podporovatel\u016fm, kte\u0159\u00ed n\u00e1m pom\u00e1haj\u00ed. T\u011b\u0161\u00ed n\u00e1s, \u017ee politika, kterou PRAHA SOB\u011a p\u0159in\u00e1\u0161\u00ed, je d\u016fvodem, pro\u010d vystoupit ze sv\u00e9 komfortn\u00ed z\u00f3ny, a&nbsp;d\u00e1v\u00e1 n\u00e1m nad\u011bji, \u017ee zm\u011bna je mo\u017en\u00e1 i&nbsp;tam, kde j\u00ed nikdo nev\u011b\u0159il.<\/p>\n\n\n\n<h5 class=\"wp-block-heading\"><\/h5>\n<\/div><\/div>\n\n\n\n<div class=\"wp-block-group\"><div class=\"wp-block-group__inner-container is-layout-flow wp-block-group-is-layout-flow\">\n<p>Po schv\u00e1len\u00ed na\u0161\u00ed kandidatury i&nbsp;kandid\u00e1tky jsme dostali p\u0159id\u011bleno volebn\u00ed \u010d\u00edslo 1. <\/p>\n<\/div><\/div>\n\n\n\n<h5 class=\"wp-block-heading\"><\/h5>\n\n\n\n<div class=\"wp-block-group\"><div class=\"wp-block-group__inner-container is-layout-flow wp-block-group-is-layout-flow\">\n<p>T\u011b\u0161\u00edme se na setk\u00e1n\u00ed s&nbsp;v\u00e1mi v&nbsp;pr\u016fb\u011bhu srpna a&nbsp;z\u00e1\u0159\u00ed v&nbsp;ulic\u00edch Dev\u00edtky.<\/p>\n<\/div><\/div>\n","protected":false},"excerpt":{"rendered":"<p>V \u010dervenci jsme odevzdali t\u00e9m\u011b\u0159 5&nbsp;500 podpis\u016f podporuj\u00edc\u00edch kandidaturu sdru\u017een\u00ed nez\u00e1visl\u00fdch kandid\u00e1t\u016f PRAHA 9 SOB\u011a na radnici Prahy 9. <\/p>\n","protected":false},"author":10,"featured_media":644,"comment_status":"open","ping_status":"open","sticky":false,"template":"","format":"standard","meta":{"_acf_changed":false,"inline_featured_image":false,"footnotes":""},"categories":[4],"tags":[],"class_list":["post-642","post","type-post","status-publish","format-standard","has-post-thumbnail","hentry","category-news"],"acf":[],"aioseo_notices":[],"distributor_meta":false,"distributor_terms":false,"distributor_media":false,"distributor_original_site_name":"Praha9Sob\u011b","distributor_original_site_url":"https:\/\/prahasobe.cz\/praha9sobe","push-errors":false,"_links":{"self":[{"href":"https:\/\/prahasobe.cz\/praha9sobe\/wp-json\/wp\/v2\/posts\/642","targetHints":{"allow":["GET"]}}],"collection":[{"href":"https:\/\/prahasobe.cz\/praha9sobe\/wp-json\/wp\/v2\/posts"}],"about":[{"href":"https:\/\/prahasobe.cz\/praha9sobe\/wp-json\/wp\/v2\/types\/post"}],"author":[{"embeddable":true,"href":"https:\/\/prahasobe.cz\/praha9sobe\/wp-json\/wp\/v2\/users\/10"}],"replies":[{"embeddable":true,"href":"https:\/\/prahasobe.cz\/praha9sobe\/wp-json\/wp\/v2\/comments?post=642"}],"version-history":[{"count":15,"href":"https:\/\/prahasobe.cz\/praha9sobe\/wp-json\/wp\/v2\/posts\/642\/revisions"}],"predecessor-version":[{"id":666,"href":"https:\/\/prahasobe.cz\/praha9sobe\/wp-json\/wp\/v2\/posts\/642\/revisions\/666"}],"wp:featuredmedia":[{"embeddable":true,"href":"https:\/\/prahasobe.cz\/praha9sobe\/wp-json\/wp\/v2\/media\/644"}],"wp:attachment":[{"href":"https:\/\/prahasobe.cz\/praha9sobe\/wp-json\/wp\/v2\/media?parent=642"}],"wp:term":[{"taxonomy":"category","embeddable":true,"href":"https:\/\/prahasobe.cz\/praha9sobe\/wp-json\/wp\/v2\/categories?post=642"},{"taxonomy":"post_tag","embeddable":true,"href":"https:\/\/prahasobe.cz\/praha9sobe\/wp-json\/wp\/v2\/tags?post=642"}],"curies":[{"name":"wp","href":"https:\/\/api.w.org\/{rel}","templated":true}]}}