{"id":535,"date":"2022-06-08T21:33:16","date_gmt":"2022-06-08T21:33:16","guid":{"rendered":"https:\/\/prahasobe.cz\/praha9sobe\/?p=535"},"modified":"2022-08-25T18:32:08","modified_gmt":"2022-08-25T18:32:08","slug":"nas-pribeh-kamila-matejkova","status":"publish","type":"post","link":"https:\/\/prahasobe.cz\/praha9sobe\/2022\/06\/08\/nas-pribeh-kamila-matejkova\/","title":{"rendered":"Kdy\u017e se spoj\u00ed soused\u00e9, dok\u00e1\u017eou velk\u00e9 v\u011bci"},"content":{"rendered":"\n<div class=\"wp-block-columns is-layout-flex wp-container-core-columns-is-layout-9d6595d7 wp-block-columns-is-layout-flex\">\n<div class=\"wp-block-column is-layout-flow wp-block-column-is-layout-flow\" style=\"flex-basis:100%\">\n<h5 class=\"wp-block-heading\">Medailonek zakladatelky Praha 9 Sob\u011b Kamily Mat\u011bjkov\u00e9, divadeln\u00ed produk\u010dn\u00ed, vedouc\u00ed kancel\u00e1\u0159e radn\u00ed hlavn\u00edho m\u011bsta Prahy pro oblast kultury, v\u00fdstavnictv\u00ed a&nbsp;cestovn\u00edho ruchu a&nbsp;p\u0159edsedkyn\u011b spolku Pro NOV\u00c9 Vyso\u010dany.<\/h5>\n<\/div>\n<\/div>\n\n\n\n<div class=\"wp-block-columns is-layout-flex wp-container-core-columns-is-layout-9d6595d7 wp-block-columns-is-layout-flex\">\n<div class=\"wp-block-column is-layout-flow wp-block-column-is-layout-flow\" style=\"flex-basis:100%\">\n<div class=\"wp-block-group\"><div class=\"wp-block-group__inner-container is-layout-flow wp-block-group-is-layout-flow\">\n<p>V Nov\u00fdch Vyso\u010danech \u017eiji u\u017e v\u00edce ne\u017e dvacet let, v&nbsp;podstat\u011b cel\u00fd sv\u016fj dosp\u011bl\u00fd \u017eivot. V\u017edycky to pro m\u011b bylo sp\u00ed\u0161 m\u00edsto, kam chod\u00edm p\u0159esp\u00e1vat, a&nbsp;v\u0161echny na\u0161e rodinn\u00e9 aktivity se odehr\u00e1valy jinde. Dev\u00edtka n\u00e1m v&nbsp;m\u00edst\u011b, kde bydl\u00edme, nem\u011bla co nab\u00eddnout.<\/p>\n\n\n\n<div style=\"height:10px\" aria-hidden=\"true\" class=\"wp-block-spacer\"><\/div>\n\n\n\n<p>Kdy\u017e jsem p\u0159ed sedmi lety nastoupila na radnici Prahy 7, byla jsem zasko\u010den\u00e1 t\u00edm, jak se tak\u00e9 d\u00e1 d\u011blat komun\u00e1ln\u00ed politika.<\/p>\n\n\n\n<div style=\"height:10px\" aria-hidden=\"true\" class=\"wp-block-spacer\"><\/div>\n\n\n\n<p>Nejen \u017ee se na n\u00e1s na ka\u017edodenn\u00ed b\u00e1zi obraceli ob\u010dan\u00e9 se sv\u00fdmi probl\u00e9my a&nbsp;podn\u011bty, ale veden\u00ed radnice o&nbsp;nich p\u0159em\u00fd\u0161lelo a&nbsp;\u0159e\u0161ilo je.<\/p>\n\n\n\n<div style=\"height:10px\" aria-hidden=\"true\" class=\"wp-block-spacer\"><\/div>\n\n\n\n<p>A nav\u00edc m\u011blo i&nbsp;p\u0159edstavu, jak dos\u00e1hnout syst\u00e9mov\u011b toho, aby se v\u0161em na Letn\u00e9 i&nbsp;v\u00a0Hole\u0161ovic\u00edch l\u00e9pe \u017eilo.<\/p>\n\n\n\n<div style=\"height:10px\" aria-hidden=\"true\" class=\"wp-block-spacer\"><\/div>\n\n\n\n<p>Do t\u00e9 doby m\u011b nikdy nenapadlo napsat na radnici, \u017ee je v&nbsp;okol\u00ed rozbit\u00e1 lavi\u010dka, rozl\u00e9tan\u00e9 odpadky na ulici nebo uschl\u00fd strom. Nau\u010dila jsem se daleko l\u00e9pe si v\u0161\u00edmat sv\u00e9ho okol\u00ed. A&nbsp;u&nbsp;n\u00e1s doma poka\u017ed\u00e9, kdy\u017e jsme narazili na n\u011bjak\u00fd probl\u00e9m v&nbsp;ulici, se za\u010dalo \u0159\u00edkat: <em>to by se na Sedmi\u010dce nikdy nestalo<\/em>.<\/p>\n\n\n\n<div style=\"height:10px\" aria-hidden=\"true\" class=\"wp-block-spacer\"><\/div>\n\n\n\n<p>M\u00fdm c\u00edlem je tuhle politickou kulturu p\u0159in\u00e9st i&nbsp;k&nbsp;n\u00e1m na Dev\u00edtku. P\u0159ed \u010dty\u0159mi lety jsem zjistila, \u017ee stejnou touhu sd\u00edl\u00ed v&nbsp;na\u0161\u00ed m\u011bstsk\u00e9 \u010d\u00e1sti v\u00edce lid\u00ed. Proto jsme se s&nbsp;p\u0159\u00e1teli, sousedy a&nbsp;rodinou rozhodli p\u0159esv\u011bd\u010dit i&nbsp;ostatn\u00ed, \u017ee i&nbsp;ve Vyso\u010danech, na Proseku, v&nbsp;Hloub\u011bt\u00edn\u011b, Nov\u00fdch Vyso\u010danech, Libni \u010di&nbsp;na St\u0159\u00ed\u017ekov\u011b je zm\u011bna mo\u017en\u00e1, \u017ee si to Dev\u00edtka zaslou\u017e\u00ed. Chceme, abychom mohli \u0159\u00edkat:\u00a0<em>to by se na Dev\u00edtce nestalo<\/em>.<\/p>\n\n\n\n<div style=\"height:10px\" aria-hidden=\"true\" class=\"wp-block-spacer\"><\/div>\n\n\n\n<p>Kdy\u017e se pak za\u010dala formovat PRAHA SOB\u011a, bylo naprosto jasn\u00e9, \u017ee u&nbsp;toho mus\u00edm b\u00fdt. A&nbsp;tak jsme st\u00e1li dlouh\u00e9 m\u011bs\u00edce na ulic\u00edch a&nbsp;p\u0159esv\u011bd\u010dovali lidi o&nbsp;tom, \u017ee v\u00edme, jak spravovat na\u0161e m\u011bsto tak, aby v&nbsp;n\u011bm v\u0161em bylo dob\u0159e.<\/p>\n\n\n\n<div style=\"height:10px\" aria-hidden=\"true\" class=\"wp-block-spacer\"><\/div>\n\n\n\n<p>Te\u010f se d\u00edky tomu aktivn\u011b pod\u00edl\u00edm na fungov\u00e1n\u00ed hlavn\u00edho m\u011bsta na magistr\u00e1tu. Spolu s\u00a0Hankou T\u0159e\u0161t\u00edkovou se v\u011bnujeme t\u00e9matu kultury, jej\u00ed dostupnosti i&nbsp;mimo centrum metropole pro seniory, rodiny s&nbsp;d\u011btmi nebo lidi s&nbsp;posti\u017een\u00edm. Podporujeme komunity, o\u017eivujeme nen\u00e1padn\u00e1 nevyu\u017eit\u00e1 m\u00edsta v&nbsp;lokalit\u00e1ch a&nbsp;zam\u011b\u0159ujeme se tak\u00e9 na kultivaci cestovn\u00edho ruchu.<\/p>\n\n\n\n<div style=\"height:10px\" aria-hidden=\"true\" class=\"wp-block-spacer\"><\/div>\n\n\n\n<p><strong>Jako mana\u017eerka m\u00e1m r\u00e1da jasn\u00e9 \u00fakoly a&nbsp;hmatateln\u00e9 v\u00fdsledky, co\u017e se n\u00e1m da\u0159\u00ed.<\/strong><\/p>\n\n\n\n<div style=\"height:10px\" aria-hidden=\"true\" class=\"wp-block-spacer\"><\/div>\n\n\n\n<p><strong>Kdy\u017e vid\u00edm, kolik se toho d\u00e1 zm\u011bnit, rozhodla jsem se je\u0161t\u011b v\u00edce energie a&nbsp;\u010dasu v\u011bnovat sv\u00e9 domovsk\u00e9 Dev\u00edtce. S&nbsp;t\u00fdmem, kter\u00fd v\u00e1m p\u0159edstavuji, chceme prom\u011bnit na\u0161i m\u011bstskou \u010d\u00e1st.<\/strong><\/p>\n\n\n\n<div style=\"height:10px\" aria-hidden=\"true\" class=\"wp-block-spacer\"><\/div>\n\n\n\n<p><strong>Kdy\u017e se spoj\u00ed soused\u00e9, dok\u00e1\u017eou velk\u00e9 v\u011bci.<\/strong><\/p>\n\n\n\n<div style=\"height:10px\" aria-hidden=\"true\" class=\"wp-block-spacer\"><\/div>\n\n\n\n<p>P\u0159esv\u011bd\u010dte se, \u017ee v\u00e1m m\u00e1me <a href=\"https:\/\/prahasobe.cz\/praha9sobe\/nas-pribeh\/\">co nab\u00eddnout<\/a> a&nbsp;v\u00edme, jak na to. V\u00edme, \u017ee je mo\u017en\u00e9 spravovat m\u011bsto s&nbsp;viz\u00ed, a&nbsp;i&nbsp;kdy\u017e spoustu z&nbsp;toho, co chci zm\u011bnit, ocen\u00ed a\u017e na\u0161e d\u011bti, v\u00edm, \u017ee z\u00e1rove\u0148 se d\u00e1 okam\u017eit\u011b za\u010d\u00edt napravovat mnoho drobnost\u00ed, kter\u00e9 ovliv\u0148uj\u00ed kvalitu na\u0161eho \u017eivota pr\u00e1v\u011b te\u010f.<\/p>\n\n\n\n<div style=\"height:10px\" aria-hidden=\"true\" class=\"wp-block-spacer\"><\/div>\n\n\n\n<p><\/p>\n<\/div><\/div>\n<\/div>\n<\/div>\n\n\n<div id=\"ps-block_630696b06084e\" class=\"section custom-bgc custom-bgc-regular outline outline-yellow rounded rounded-tl rounded-tr rounded-bl rounded-br\">\n\n\n<h4 class=\"wp-block-heading\"><strong>Kamila Mat\u011bjkov\u00e1 (46 let)<\/strong><\/h4>\n\n\n\n<div style=\"height:10px\" aria-hidden=\"true\" class=\"wp-block-spacer\"><\/div>\n\n\n\n<p>Kamila vystudovala divadeln\u00ed management na pra\u017esk\u00e9 DAMU, za\u010d\u00ednala jako report\u00e9rka publicistick\u00fdch a&nbsp;investigativn\u00edch televizn\u00edch po\u0159ad\u016f a&nbsp;v\u011bnovala se divadeln\u00ed produkci. Jako mana\u017eerka pracovala v&nbsp;Nadaci rozvoje ob\u010dansk\u00e9 spole\u010dnosti, na projektu Pomozte d\u011btem a&nbsp;v&nbsp;rodinn\u00e9m a&nbsp;kulturn\u00edm centru Nov\u00e1 Trojka. Ke komun\u00e1ln\u00ed politice se dostala d\u00edky p\u016fsoben\u00ed v&nbsp;odd\u011blen\u00ed komunikace na radnici Prahy 7 a&nbsp;v\u00a0t\u00e9 dob\u011b p\u0159ed posledn\u00edmi komun\u00e1ln\u00edmi volbami se tak\u00e9 pod\u00edlela na vzniku PRAHY SOB\u011a. V&nbsp;roce 2022 kandiduje za PRAHU SOB\u011a tak\u00e9 do zastupitelstva hlavn\u00edho m\u011bsta Prahy. Krom\u011b oblasti kultury se dlouhodob\u011b v\u011bnuje rodinn\u00e9 politice a&nbsp;podpo\u0159e komunitn\u00edho \u017eivota v&nbsp;metropoli. Kamila je p\u0159edsedkyn\u00ed Spolku pro NOV\u00c9 Vyso\u010dany. M\u00e1 r\u00e1da kulturu, cestov\u00e1n\u00ed, plav\u00e1n\u00ed a\u00a0ke 45.&nbsp;narozenin\u00e1m dostala \u0161ic\u00ed stroj. Je 23 let vdan\u00e1 a&nbsp;je maminkou t\u0159\u00ed d\u011bt\u00ed. Roz\u00e1lie (21 let), Dorotky (15 let) a&nbsp;Prokopa (14 let).<\/p>\n\n\n<\/div>\n\n\n<p><\/p>\n","protected":false},"excerpt":{"rendered":"<p>Medailonek zakladatelky Praha 9 Sob\u011b Kamily Mat\u011bjkov\u00e9.<\/p>\n","protected":false},"author":10,"featured_media":265,"comment_status":"closed","ping_status":"open","sticky":false,"template":"","format":"standard","meta":{"_acf_changed":false,"inline_featured_image":false,"footnotes":""},"categories":[4],"tags":[],"class_list":["post-535","post","type-post","status-publish","format-standard","has-post-thumbnail","hentry","category-news"],"acf":[],"aioseo_notices":[],"distributor_meta":false,"distributor_terms":false,"distributor_media":false,"distributor_original_site_name":"Praha9Sob\u011b","distributor_original_site_url":"https:\/\/prahasobe.cz\/praha9sobe","push-errors":false,"_links":{"self":[{"href":"https:\/\/prahasobe.cz\/praha9sobe\/wp-json\/wp\/v2\/posts\/535","targetHints":{"allow":["GET"]}}],"collection":[{"href":"https:\/\/prahasobe.cz\/praha9sobe\/wp-json\/wp\/v2\/posts"}],"about":[{"href":"https:\/\/prahasobe.cz\/praha9sobe\/wp-json\/wp\/v2\/types\/post"}],"author":[{"embeddable":true,"href":"https:\/\/prahasobe.cz\/praha9sobe\/wp-json\/wp\/v2\/users\/10"}],"replies":[{"embeddable":true,"href":"https:\/\/prahasobe.cz\/praha9sobe\/wp-json\/wp\/v2\/comments?post=535"}],"version-history":[{"count":26,"href":"https:\/\/prahasobe.cz\/praha9sobe\/wp-json\/wp\/v2\/posts\/535\/revisions"}],"predecessor-version":[{"id":907,"href":"https:\/\/prahasobe.cz\/praha9sobe\/wp-json\/wp\/v2\/posts\/535\/revisions\/907"}],"wp:featuredmedia":[{"embeddable":true,"href":"https:\/\/prahasobe.cz\/praha9sobe\/wp-json\/wp\/v2\/media\/265"}],"wp:attachment":[{"href":"https:\/\/prahasobe.cz\/praha9sobe\/wp-json\/wp\/v2\/media?parent=535"}],"wp:term":[{"taxonomy":"category","embeddable":true,"href":"https:\/\/prahasobe.cz\/praha9sobe\/wp-json\/wp\/v2\/categories?post=535"},{"taxonomy":"post_tag","embeddable":true,"href":"https:\/\/prahasobe.cz\/praha9sobe\/wp-json\/wp\/v2\/tags?post=535"}],"curies":[{"name":"wp","href":"https:\/\/api.w.org\/{rel}","templated":true}]}}