{"id":155,"date":"2021-06-03T17:03:00","date_gmt":"2021-06-03T15:03:00","guid":{"rendered":"http:\/\/prahasobe.cz\/?p=1331"},"modified":"2021-10-25T08:28:59","modified_gmt":"2021-10-25T08:28:59","slug":"setkani-na-stvanici-zaciname-sbirat-podpisy-do-voleb-2022","status":"publish","type":"post","link":"https:\/\/prahasobe.cz\/praha9sobe\/2021\/06\/03\/setkani-na-stvanici-zaciname-sbirat-podpisy-do-voleb-2022\/","title":{"rendered":"Setk\u00e1n\u00ed na \u0160tvanici: Za\u010d\u00edn\u00e1me sb\u00edrat podpisy do voleb 2022"},"content":{"rendered":"\n<p>&#8211; <strong>Facebookov\u00e1 ud\u00e1lost <a rel=\"noreferrer noopener\" href=\"https:\/\/www.facebook.com\/events\/290068216129967\/?acontext=%7B%22event_action_history%22%3A[%7B%22extra_data%22%3A%22%22%2C%22mechanism%22%3A%22surface%22%2C%22surface%22%3A%22create_dialog%22%7D%2C%7B%22extra_data%22%3A%22%22%2C%22mechanism%22%3A%22surface%22%2C%22surface%22%3A%22permalink%22%7D%2C%7B%22extra_data%22%3A%22%22%2C%22mechanism%22%3A%22surface%22%2C%22surface%22%3A%22edit_dialog%22%7D]%7D\" target=\"_blank\">ZDE<\/a><\/strong> <strong>&#8211;<\/strong><\/p>\n\n\n\n<p>P\u0159ij\u010fte na \u0160tvanici! Praha se po&nbsp;dlouh\u00e9 nadvl\u00e1d\u011b Kolib\u0159\u00edk\u016f, Maz\u00e1nk\u016f a&nbsp;Falt\u00fdnk\u016f kone\u010dn\u011b nadechla. D\u00edky v\u00e1m jsme po&nbsp;minul\u00fdch volb\u00e1ch odst\u0159ihli m\u011bsto od kmotr\u016f a&nbsp;kamar\u00e1d\u00ed\u010dk\u016f, <strong>\u0159\u00edd\u00edme ho bez korup\u010dn\u00edch skand\u00e1l\u016f a&nbsp;rozjeli jsme investice, kter\u00e9 na\u0161e metropole pot\u0159ebuje pro budoucnost.<\/strong><\/p>\n\n\n\n<p>V\u0161echny tyto zm\u011bny chceme spole\u010dn\u011b s&nbsp;v\u00e1mi dokon\u010dit. Proto do toho jdeme znovu! <strong>Chceme kandidovat ve volb\u00e1ch na magistr\u00e1t v&nbsp;roce 2022 a&nbsp;tentokr\u00e1t i&nbsp;na radnice n\u011bkolika m\u011bstsk\u00fdch \u010d\u00e1st\u00ed.<\/strong><\/p>\n\n\n\n<p><strong>V\u011b\u0159\u00edme v&nbsp;s\u00edlu nez\u00e1visl\u00fdch kandid\u00e1t\u016f,<\/strong> znovu n\u00e1s tedy ke kandidatu\u0159e \u010dek\u00e1 cesta odspodu, bez politick\u00e9 strany. A&nbsp;tak\u00e9 <strong>cesta 100 tis\u00edc podpis\u016f, kter\u00e9 za\u010d\u00edn\u00e1me spole\u010dn\u011b sb\u00edrat pr\u00e1v\u011b te\u010f.<\/strong><\/p>\n\n\n\n<p><strong>Na \u0160tvanici na\u0161i misi v&nbsp;\u00fater\u00fd 22.&nbsp;\u010dervna od 17 hodin symbolicky odstartujeme. <\/strong>Poj\u010fme u&nbsp;toho b\u00fdt spole\u010dn\u011b! Zveme v\u0161echny, kte\u0159\u00ed se cht\u011bj\u00ed do sb\u011bru podpis\u016f a&nbsp;prom\u011bny Prahy zapojit.<\/p>\n\n\n\n<p>T\u011b\u0161\u00edme se na v\u00e1s!<\/p>\n\n\n\n<p>Jan \u010ci\u017einsk\u00fd<br>Hanka T\u0159e\u0161t\u00edkov\u00e1<br>Adam Scheinherr<br>Milena Johnov\u00e1<br>Pavel Vyhn\u00e1nek<br>Petr Zeman<br>Mariana \u010capkov\u00e1<br>Pavel Sv\u011btl\u00edk<br>Kamila Mat\u011bjkov\u00e1<br>a cel\u00fd t\u00fdm PRAHA SOB\u011a<\/p>\n\n\n\n<p><\/p>\n\n\n\n<h1 class=\"wp-block-heading\" id=\"peticedownload\">Petice ke sta\u017een\u00ed<\/h1>\n\n\n\n<h2 class=\"petice-direct-download wp-block-heading\">magistr\u00e1t<\/h2>\n\n\n\n<h2 class=\"petice-direct-download wp-block-heading\"><a href=\"http:\/\/prahasobe.cz\/wp-content\/uploads\/2021\/08\/PS-2022-petice-magistrat.pdf\">petice<\/a>    <a href=\"http:\/\/prahasobe.cz\/wp-content\/uploads\/2021\/08\/PS-2022-letak-magistrat.pdf\">let\u00e1k<\/a><\/h2>\n\n\n\n<div style=\"height:16px\" aria-hidden=\"true\" class=\"wp-block-spacer\"><\/div>\n\n\n\n<h2 class=\"petice-direct-download wp-block-heading\">Praha 1 a&nbsp;magistr\u00e1t<\/h2>\n\n\n\n<h2 class=\"petice-direct-download wp-block-heading\"><a href=\"http:\/\/prahasobe.cz\/wp-content\/uploads\/2021\/08\/P1S-2022-petice.pdf\">petice<\/a><\/h2>\n\n\n\n<div style=\"height:16px\" aria-hidden=\"true\" class=\"wp-block-spacer\"><\/div>\n\n\n\n<h2 class=\"petice-direct-download wp-block-heading\">Praha 5 a&nbsp;magistr\u00e1t<\/h2>\n\n\n\n<h2 class=\"petice-direct-download wp-block-heading\"><a href=\"http:\/\/prahasobe.cz\/wp-content\/uploads\/2021\/08\/P5S-2022-petice.pdf\">petice<\/a><\/h2>\n\n\n\n<div style=\"height:16px\" aria-hidden=\"true\" class=\"wp-block-spacer\"><\/div>\n\n\n\n<h2 class=\"petice-direct-download wp-block-heading\">Praha 6 a&nbsp;magistr\u00e1t<\/h2>\n\n\n\n<h2 class=\"petice-direct-download wp-block-heading\"><a href=\"http:\/\/prahasobe.cz\/wp-content\/uploads\/2021\/08\/P6S-2022-petice.pdf\">petice<\/a>    <a href=\"http:\/\/prahasobe.cz\/wp-content\/uploads\/2021\/08\/P6S-2022-letak.pdf\">let\u00e1k<\/a><\/h2>\n\n\n\n<div style=\"height:16px\" aria-hidden=\"true\" class=\"wp-block-spacer\"><\/div>\n\n\n\n<h2 class=\"petice-direct-download wp-block-heading\">Praha 7 a&nbsp;magistr\u00e1t<\/h2>\n\n\n\n<h2 class=\"petice-direct-download wp-block-heading\"><a href=\"http:\/\/prahasobe.cz\/wp-content\/uploads\/2021\/08\/P7S-2022-petice.pdf\">petice<\/a><\/h2>\n\n\n\n<div style=\"height:16px\" aria-hidden=\"true\" class=\"wp-block-spacer\"><\/div>\n\n\n\n<h2 class=\"petice-direct-download wp-block-heading\">Praha 9 a&nbsp;magistr\u00e1t<\/h2>\n\n\n\n<h2 class=\"petice-direct-download wp-block-heading\"><a href=\"http:\/\/prahasobe.cz\/wp-content\/uploads\/2021\/08\/P9S-2022-petice.pdf\">petice<\/a>    <a href=\"http:\/\/prahasobe.cz\/wp-content\/uploads\/2021\/08\/P9S-2022-letak.pdf\">let\u00e1k<\/a><\/h2>\n\n\n\n<div style=\"height:16px\" aria-hidden=\"true\" class=\"wp-block-spacer\"><\/div>\n\n\n\n<h2 class=\"petice-direct-download wp-block-heading\">Praha 11 a&nbsp;magistr\u00e1t<\/h2>\n\n\n\n<h2 class=\"petice-direct-download wp-block-heading\"><a href=\"http:\/\/prahasobe.cz\/wp-content\/uploads\/2021\/08\/P11S-2022-petice.pdf\">petice<\/a><\/h2>\n\n\n\n<div style=\"height:16px\" aria-hidden=\"true\" class=\"wp-block-spacer\"><\/div>\n\n\n\n<h2 class=\"petice-direct-download wp-block-heading\">Praha 14 a&nbsp;magistr\u00e1t<\/h2>\n\n\n\n<h2 class=\"petice-direct-download wp-block-heading\"><a href=\"http:\/\/prahasobe.cz\/wp-content\/uploads\/2021\/08\/P14S-2022-petice.pdf\">petice<\/a>     <a href=\"http:\/\/prahasobe.cz\/wp-content\/uploads\/2021\/08\/P14S-2022-letak.pdf\">let\u00e1k<\/a><\/h2>\n\n\n\n<p><strong>Poj\u010fme spole\u010dn\u011b dokon\u010dit prom\u011bnu Prahy!<\/strong><\/p>\n","protected":false},"excerpt":{"rendered":"<p>&#8211; Facebookov\u00e1 ud\u00e1lost ZDE &#8211; P\u0159ij\u010fte na \u0160tvanici! Praha se po&nbsp;dlouh\u00e9 nadvl\u00e1d\u011b Kolib\u0159\u00edk\u016f, Maz\u00e1nk\u016f a&nbsp;Falt\u00fdnk\u016f kone\u010dn\u011b nadechla. D\u00edky v\u00e1m jsme po&nbsp;minul\u00fdch volb\u00e1ch odst\u0159ihli m\u011bsto od kmotr\u016f a&nbsp;kamar\u00e1d\u00ed\u010dk\u016f, \u0159\u00edd\u00edme ho bez korup\u010dn\u00edch skand\u00e1l\u016f a&nbsp;rozjeli jsme investice, kter\u00e9 na\u0161e metropole pot\u0159ebuje pro budoucnost. V\u0161echny tyto zm\u011bny chceme spole\u010dn\u011b s&nbsp;v\u00e1mi dokon\u010dit. Proto do toho jdeme znovu! Chceme kandidovat [&hellip;]<\/p>\n","protected":false},"author":2,"featured_media":156,"comment_status":"open","ping_status":"open","sticky":false,"template":"","format":"standard","meta":{"_acf_changed":false,"inline_featured_image":false,"footnotes":""},"categories":[4,5],"tags":[],"class_list":["post-155","post","type-post","status-publish","format-standard","has-post-thumbnail","hentry","category-news","category-aktuality-zapojit-se"],"acf":[],"aioseo_notices":[],"distributor_meta":false,"distributor_terms":false,"distributor_media":false,"distributor_original_site_name":"Praha9Sob\u011b","distributor_original_site_url":"https:\/\/prahasobe.cz\/praha9sobe","push-errors":false,"_links":{"self":[{"href":"https:\/\/prahasobe.cz\/praha9sobe\/wp-json\/wp\/v2\/posts\/155","targetHints":{"allow":["GET"]}}],"collection":[{"href":"https:\/\/prahasobe.cz\/praha9sobe\/wp-json\/wp\/v2\/posts"}],"about":[{"href":"https:\/\/prahasobe.cz\/praha9sobe\/wp-json\/wp\/v2\/types\/post"}],"author":[{"embeddable":true,"href":"https:\/\/prahasobe.cz\/praha9sobe\/wp-json\/wp\/v2\/users\/2"}],"replies":[{"embeddable":true,"href":"https:\/\/prahasobe.cz\/praha9sobe\/wp-json\/wp\/v2\/comments?post=155"}],"version-history":[{"count":1,"href":"https:\/\/prahasobe.cz\/praha9sobe\/wp-json\/wp\/v2\/posts\/155\/revisions"}],"predecessor-version":[{"id":157,"href":"https:\/\/prahasobe.cz\/praha9sobe\/wp-json\/wp\/v2\/posts\/155\/revisions\/157"}],"wp:featuredmedia":[{"embeddable":true,"href":"https:\/\/prahasobe.cz\/praha9sobe\/wp-json\/wp\/v2\/media\/156"}],"wp:attachment":[{"href":"https:\/\/prahasobe.cz\/praha9sobe\/wp-json\/wp\/v2\/media?parent=155"}],"wp:term":[{"taxonomy":"category","embeddable":true,"href":"https:\/\/prahasobe.cz\/praha9sobe\/wp-json\/wp\/v2\/categories?post=155"},{"taxonomy":"post_tag","embeddable":true,"href":"https:\/\/prahasobe.cz\/praha9sobe\/wp-json\/wp\/v2\/tags?post=155"}],"curies":[{"name":"wp","href":"https:\/\/api.w.org\/{rel}","templated":true}]}}