{"id":1342,"date":"2022-12-04T14:10:39","date_gmt":"2022-12-04T14:10:39","guid":{"rendered":"https:\/\/prahasobe.cz\/praha9sobe\/?p=1342"},"modified":"2023-07-05T15:05:03","modified_gmt":"2023-07-05T15:05:03","slug":"jsme-v-koalici-a-mame-na-starosti-socialni-a-zdravotni-politiku-a-sousedske-vztahy","status":"publish","type":"post","link":"https:\/\/prahasobe.cz\/praha9sobe\/2022\/12\/04\/jsme-v-koalici-a-mame-na-starosti-socialni-a-zdravotni-politiku-a-sousedske-vztahy\/","title":{"rendered":"Jsme v&nbsp;koalici a&nbsp;m\u00e1me na starosti soci\u00e1ln\u00ed a&nbsp;zdravotn\u00ed politiku a&nbsp;sousedsk\u00e9 vztahy"},"content":{"rendered":"\n<p>Mil\u00ed podporovatel\u00e9, sousedi a&nbsp;sousedky, <\/p>\n\n\n\n<div style=\"height:10px\" aria-hidden=\"true\" class=\"wp-block-spacer\"><\/div>\n\n\n\n<p>31.&nbsp;\u0159\u00edjna 2022 jsme podepsali<strong> koali\u010dn\u00ed smlouvu<\/strong> s&nbsp;ODS, TOP 09 hnut\u00edm STAN, na jej\u00edm\u017e z\u00e1klad\u011b chceme spolupracovat na rozvoji Prahy 9 a&nbsp;zvy\u0161ov\u00e1n\u00ed kvality \u017eivota zdej\u0161\u00edch ob\u010dan\u016f. Na\u0161e koalice pova\u017euje za sv\u00e9 priority:<\/p>\n\n\n\n<div style=\"height:10px\" aria-hidden=\"true\" class=\"wp-block-spacer\"><\/div>\n\n\n\n<ul class=\"wp-block-list\"><li>Hospod\u00e1rnost a&nbsp;rozpo\u010dtovou odpov\u011bdnost<\/li><li>Efektivn\u00ed spr\u00e1vu majetku a&nbsp;investic pro budoucnost<\/li><li>Otev\u0159enou spr\u00e1vu m\u011bstsk\u00e9 \u010d\u00e1sti<\/li><li>Rozvoj m\u011bstsk\u00e9 \u010d\u00e1sti s&nbsp;ohledem na pot\u0159eby nejen sou\u010dasn\u00fdch, ale i&nbsp;budouc\u00edch obyvatel Prahy 9 s&nbsp;d\u016frazem na p\u00e9\u010di o&nbsp;ve\u0159ejn\u00fd prostor a&nbsp;zaji\u0161t\u011bn\u00ed dostupn\u00fdch slu\u017eeb, vytv\u00e1\u0159en\u00ed modern\u00edho prostupn\u00e9ho m\u011bsta kr\u00e1tk\u00fdch vzd\u00e1lenost\u00ed<\/li><li>Rozvoj \u0161kolstv\u00ed s&nbsp;d\u016frazem na budov\u00e1n\u00ed nov\u00fdch kapacit a&nbsp;zvy\u0161ov\u00e1n\u00ed kvality vzd\u011bl\u00e1v\u00e1n\u00ed<\/li><li>Rozvoj soci\u00e1ln\u00ed politiky se zam\u011b\u0159en\u00edm zejm\u00e9na na pot\u0159eby rodin s&nbsp;d\u011btmi, senior\u016f, zdravotn\u011b posti\u017een\u00fdch a&nbsp;jinak znev\u00fdhodn\u011bn\u00fdch ob\u010dan\u016f<\/li><\/ul>\n\n\n\n<div style=\"height:10px\" aria-hidden=\"true\" class=\"wp-block-spacer\"><\/div>\n\n\n\n<p>Spolu s&nbsp;na\u0161imi partnery jsme se zav\u00e1zali k&nbsp;vytvo\u0159en\u00ed <strong>programov\u00e9ho prohl\u00e1\u0161en\u00ed <\/strong>nejpozd\u011bji do konce \u00fanora 2023. (Odkaz na schv\u00e1len\u00e9 programov\u00e9 prohl\u00e1\u0161en\u00ed <a href=\"https:\/\/praha9.cz\/urad-a-samosprava\/samosprava\/rada\/programove-prohlaseni-rady-mc-praha-9\" target=\"_blank\" rel=\"noopener\">zde<\/a>.)<\/p>\n\n\n\n<div style=\"height:10px\" aria-hidden=\"true\" class=\"wp-block-spacer\"><\/div>\n\n\n\n<p>Vstup do koalice vn\u00edm\u00e1me jako velkou v\u00fdzvu a&nbsp;hl\u00e1s\u00edme se t\u00edm k&nbsp;odpov\u011bdnosti za rozvoj Prahy 9. Je to pro n\u00e1s p\u0159\u00edle\u017eitost, jak prosadit maximum z&nbsp;na\u0161eho programu. I&nbsp;kdy\u017e na\u0161e pozice v&nbsp;koalici, kde m\u00e1me 4 zastupitele a&nbsp;zastupitelky z&nbsp;21, nen\u00ed snadn\u00e1, budeme d\u011blat v\u0161e proto, abychom naplnili va\u0161e o\u010dek\u00e1v\u00e1n\u00ed.<\/p>\n\n\n\n<div style=\"height:10px\" aria-hidden=\"true\" class=\"wp-block-spacer\"><\/div>\n\n\n\n<p>1.&nbsp;listopadu 2022 na\u0161i 4 zastupitel\u00e9 a&nbsp;zastupitelky na <strong>ustavuj\u00edc\u00edm zastupitelstvu<\/strong> pro volebn\u00ed obdob\u00ed 2022 &#8211; 2026 slo\u017eili slavnostn\u00ed slib. Kamila Mat\u011bjkov\u00e1 byla zvolena va\u0161\u00ed novou <strong>m\u00edstostarostkou pro soci\u00e1ln\u00ed politiku, oblast zdravotn\u00ed p\u00e9\u010de a&nbsp;sousedsk\u00e9 vztahy<\/strong>. Tom\u00e1\u0161 Vyhn\u00e1nek byl zvolen p\u0159edsedou V\u00fdboru finan\u010dn\u00edho a&nbsp;majetkov\u00e9ho a&nbsp;bude tak\u00e9 kl\u00e1st d\u016fraz na otev\u0159enost \u00fa\u0159adu M\u010c Praha 9 ob\u010dan\u016fm. Michal \u0160orel byl zvolen \u010dlenem V\u00fdboru kontroln\u00edho a&nbsp;d\u00e1le se zam\u011b\u0159\u00ed na odpov\u011bdn\u00fd a&nbsp;koordinovan\u00fd \u00fazemn\u00ed rozvoj a&nbsp;p\u00e9\u010di o&nbsp;ve\u0159ejn\u00fd prostor a&nbsp;zele\u0148. Vla\u010fka Mu\u0161\u00e1lkov\u00e1 bude podporovat zvy\u0161ov\u00e1n\u00ed kapacit a&nbsp;kvality \u0161kolstv\u00ed.&nbsp;<\/p>\n\n\n\n<div style=\"height:10px\" aria-hidden=\"true\" class=\"wp-block-spacer\"><\/div>\n\n\n\n<p>Informace k&nbsp;dal\u0161\u00edm radn\u00edm a&nbsp;oblastem jejich p\u016fsobnosti najdete na webu M\u010c Praha 9 <a href=\"http:\/\/Informace k dal\u0161\u00edm radn\u00edm a oblastem jejich p\u016fsobnosti najdete na webu: https:\/\/www.praha9.cz\/devitka-ma-nove-vedeni-povede-ji...\" target=\"_blank\" rel=\"noopener\">zde<\/a>.<span style=\"font-size: revert;color: initial\"><\/span><\/p>\n\n\n\n<div style=\"height:10px\" aria-hidden=\"true\" class=\"wp-block-spacer\"><\/div>\n\n\n\n<p>22.&nbsp;listopadu 2022 byly z\u0159\u00edzeny a&nbsp;jmenov\u00e1ny <strong>nov\u00e9 komise<\/strong> jako iniciativn\u00ed a&nbsp;poradn\u00ed org\u00e1ny Rady m\u011bstsk\u00e9 \u010d\u00e1sti Praha 9 pro obdob\u00ed 2022 &#8211; 2026. V&nbsp;komis\u00edch m\u00e1 Praha 9 Sob\u011b n\u00e1sleduj\u00edc\u00ed zastoupen\u00ed:<\/p>\n\n\n\n<div style=\"height:10px\" aria-hidden=\"true\" class=\"wp-block-spacer\"><\/div>\n\n\n\n<ul class=\"wp-block-list\"><li>komise soci\u00e1ln\u011b zdravotn\u00ed &#8211; p\u0159edsedkyn\u00ed je Vla\u010fka Mu\u0161\u00e1lkov\u00e1, \u010dlenkou m\u00edstostarostka Kamila Mat\u011bjkov\u00e1<\/li><li>komise rozvoje \u00fazem\u00ed &#8211; m\u00edstop\u0159edsedou je dosavadn\u00ed p\u0159edseda magistr\u00e1tn\u00edho V\u00fdboru pro \u00fazemn\u00ed rozvoj a&nbsp;pam\u00e1tkovou p\u00e9\u010di za Praha Sob\u011b a&nbsp;zastupitel Prahy 14 Petr Zeman, \u010dlenem Michal \u0160orel<\/li><li>komise bytov\u00e1 &#8211; \u010dlenkou je Vla\u010fka Mu\u0161\u00e1lkov\u00e1<\/li><li>komise bezpe\u010dnostn\u00ed a&nbsp;prevence kriminality &#8211; \u010dlenem je Tom\u00e1\u0161 Vyhn\u00e1nek<\/li><li>komise \u0161kolsk\u00e1 &#8211; \u010dlenkami jsou Kamila Mat\u011bjkov\u00e1 a&nbsp;Vla\u010fka Mu\u0161\u00e1lkov\u00e1<\/li><li>komise kulturn\u00ed a&nbsp;sportovn\u00ed &#8211; \u010dlenkou je Kamila Mat\u011bjkov\u00e1<\/li><li>komise \u017eivotn\u00edho prost\u0159ed\u00ed a&nbsp;dopravy &#8211; \u010dlenem je Michal \u0160orel<\/li><\/ul>\n\n\n\n<div style=\"height:10px\" aria-hidden=\"true\" class=\"wp-block-spacer\"><\/div>\n\n\n\n<p>V Redak\u010dn\u00ed rad\u011b obecn\u00edho \u010dasopisu &#8220;Dev\u00edtka&#8221; bude za Praha 9 Sob\u011b Vla\u010fka Mu\u0161\u00e1lkov\u00e1.<\/p>\n\n\n\n<div style=\"height:10px\" aria-hidden=\"true\" class=\"wp-block-spacer\"><\/div>\n\n\n\n<p>Jsme k&nbsp;dispozici pro \u0159e\u0161en\u00ed a&nbsp;p\u0159ed\u00e1v\u00e1n\u00ed va\u0161ich podn\u011bt\u016f, nev\u00e1hejte se n\u00e1m ozvat:<\/p>\n\n\n\n<div style=\"height:10px\" aria-hidden=\"true\" class=\"wp-block-spacer\"><\/div>\n\n\n\n<ul class=\"wp-block-list\"><li>m\u00edstostarostka Kamila Mat\u011bjkov\u00e1: matejkovak@praha9.cz, mobil +420 \u200b\u200b603&nbsp;519&nbsp;629, telefon do kancel\u00e1\u0159e +420&nbsp;283&nbsp;091&nbsp;332<\/li><li>Tom\u00e1\u0161 Vyhn\u00e1nek: vyhnanekt@praha9.cz<\/li><li>Vla\u010fka Mu\u0161\u00e1lkov\u00e1: musalkovav@praha9.cz, mobil +420&nbsp;732&nbsp;734&nbsp;200<\/li><li>Michal \u0160orel: sorelm@praha9.cz<\/li><\/ul>\n","protected":false},"excerpt":{"rendered":"<p>Vstup do koalice vn\u00edm\u00e1me jako velkou v\u00fdzvu a&nbsp;hl\u00e1s\u00edme se k&nbsp;odpov\u011bdnosti za rozvoj Prahy 9.<\/p>\n","protected":false},"author":10,"featured_media":1343,"comment_status":"open","ping_status":"open","sticky":false,"template":"","format":"standard","meta":{"_acf_changed":false,"inline_featured_image":false,"footnotes":""},"categories":[4],"tags":[],"class_list":["post-1342","post","type-post","status-publish","format-standard","has-post-thumbnail","hentry","category-news"],"acf":[],"aioseo_notices":[],"distributor_meta":false,"distributor_terms":false,"distributor_media":false,"distributor_original_site_name":"Praha9Sob\u011b","distributor_original_site_url":"https:\/\/prahasobe.cz\/praha9sobe","push-errors":false,"_links":{"self":[{"href":"https:\/\/prahasobe.cz\/praha9sobe\/wp-json\/wp\/v2\/posts\/1342","targetHints":{"allow":["GET"]}}],"collection":[{"href":"https:\/\/prahasobe.cz\/praha9sobe\/wp-json\/wp\/v2\/posts"}],"about":[{"href":"https:\/\/prahasobe.cz\/praha9sobe\/wp-json\/wp\/v2\/types\/post"}],"author":[{"embeddable":true,"href":"https:\/\/prahasobe.cz\/praha9sobe\/wp-json\/wp\/v2\/users\/10"}],"replies":[{"embeddable":true,"href":"https:\/\/prahasobe.cz\/praha9sobe\/wp-json\/wp\/v2\/comments?post=1342"}],"version-history":[{"count":7,"href":"https:\/\/prahasobe.cz\/praha9sobe\/wp-json\/wp\/v2\/posts\/1342\/revisions"}],"predecessor-version":[{"id":1952,"href":"https:\/\/prahasobe.cz\/praha9sobe\/wp-json\/wp\/v2\/posts\/1342\/revisions\/1952"}],"wp:featuredmedia":[{"embeddable":true,"href":"https:\/\/prahasobe.cz\/praha9sobe\/wp-json\/wp\/v2\/media\/1343"}],"wp:attachment":[{"href":"https:\/\/prahasobe.cz\/praha9sobe\/wp-json\/wp\/v2\/media?parent=1342"}],"wp:term":[{"taxonomy":"category","embeddable":true,"href":"https:\/\/prahasobe.cz\/praha9sobe\/wp-json\/wp\/v2\/categories?post=1342"},{"taxonomy":"post_tag","embeddable":true,"href":"https:\/\/prahasobe.cz\/praha9sobe\/wp-json\/wp\/v2\/tags?post=1342"}],"curies":[{"name":"wp","href":"https:\/\/api.w.org\/{rel}","templated":true}]}}