{"id":1328,"date":"2022-09-26T13:13:00","date_gmt":"2022-09-26T13:13:00","guid":{"rendered":"https:\/\/prahasobe.cz\/praha9sobe\/?p=1328"},"modified":"2022-12-04T14:14:07","modified_gmt":"2022-12-04T14:14:07","slug":"praha-9-sobe-skoncila-ve-volbach-na-praze-9-treti","status":"publish","type":"post","link":"https:\/\/prahasobe.cz\/praha9sobe\/2022\/09\/26\/praha-9-sobe-skoncila-ve-volbach-na-praze-9-treti\/","title":{"rendered":"Praha 9 Sob\u011b skon\u010dila ve volb\u00e1ch t\u0159et\u00ed"},"content":{"rendered":"\n<p>Mil\u00ed soused\u00e9 a&nbsp;sousedky, v\u00e1\u017een\u00ed obyvatel\u00e9 a&nbsp;obyvatelky Prahy 9,<\/p>\n\n\n\n<div style=\"height:10px\" aria-hidden=\"true\" class=\"wp-block-spacer\"><\/div>\n\n\n\n<p>d\u011bkujeme za va\u0161e hlasy, d\u00edky kter\u00fdm budeme moci v&nbsp;n\u00e1sleduj\u00edc\u00edch 4 letech pro v\u00e1s pracovat a&nbsp;zlep\u0161ovat na\u0161i m\u011bstskou \u010d\u00e1st. M\u00e1me velkou radost, \u017ee ji\u017e samotn\u00fd fakt, \u017ee jsme se do voleb p\u0159ihl\u00e1sili a&nbsp;n\u011bkter\u00e1 t\u00e9mata a&nbsp;probl\u00e9my pojmenovali, znamenal, \u017ee se za\u010daly v\u011bci m\u011bnit. Va\u0161e podpora je pro n\u00e1s z\u00e1vazkem a&nbsp;ud\u011bl\u00e1me v\u0161e pro to, aby se co nejv\u00edce z&nbsp;na\u0161eho programu stalo skute\u010dnost\u00ed.<\/p>\n\n\n\n<div style=\"height:10px\" aria-hidden=\"true\" class=\"wp-block-spacer\"><\/div>\n\n\n\n<p>V komun\u00e1ln\u00edch volb\u00e1ch jsme z\u00edskali 13,99&nbsp;% hlas\u016f, a&nbsp;tak se stali t\u0159et\u00edm nejsiln\u011bj\u0161\u00edm politick\u00fdm subjektem na Praze 9. V&nbsp;Zastupitelstvu M\u010c Praha 9 jsme z\u00edskali 4 mand\u00e1ty, kter\u00e9 obsad\u00ed na\u0161e l\u00eddryn\u011b Kamila Mat\u011bjkov\u00e1 a&nbsp;d\u00e1le Tom\u00e1\u0161 Vyhn\u00e1nek, Vla\u010fka Mu\u0161\u00e1lkov\u00e1 a&nbsp;Michal \u0160orel. Kamila Mat\u011bjkov\u00e1 rovn\u011b\u017e zasedne v&nbsp;Zastupitelstvu hlavn\u00edho m\u011bsta Prahy.  <\/p>\n","protected":false},"excerpt":{"rendered":"<p>S 13,99&nbsp;% hlas\u016f jsme z\u00edskali 4 mand\u00e1ty v&nbsp;zastupitelstvu.<\/p>\n","protected":false},"author":10,"featured_media":1333,"comment_status":"open","ping_status":"open","sticky":false,"template":"","format":"standard","meta":{"_acf_changed":false,"inline_featured_image":false,"footnotes":""},"categories":[4],"tags":[],"class_list":["post-1328","post","type-post","status-publish","format-standard","has-post-thumbnail","hentry","category-news"],"acf":[],"aioseo_notices":[],"distributor_meta":false,"distributor_terms":false,"distributor_media":false,"distributor_original_site_name":"Praha9Sob\u011b","distributor_original_site_url":"https:\/\/prahasobe.cz\/praha9sobe","push-errors":false,"_links":{"self":[{"href":"https:\/\/prahasobe.cz\/praha9sobe\/wp-json\/wp\/v2\/posts\/1328","targetHints":{"allow":["GET"]}}],"collection":[{"href":"https:\/\/prahasobe.cz\/praha9sobe\/wp-json\/wp\/v2\/posts"}],"about":[{"href":"https:\/\/prahasobe.cz\/praha9sobe\/wp-json\/wp\/v2\/types\/post"}],"author":[{"embeddable":true,"href":"https:\/\/prahasobe.cz\/praha9sobe\/wp-json\/wp\/v2\/users\/10"}],"replies":[{"embeddable":true,"href":"https:\/\/prahasobe.cz\/praha9sobe\/wp-json\/wp\/v2\/comments?post=1328"}],"version-history":[{"count":5,"href":"https:\/\/prahasobe.cz\/praha9sobe\/wp-json\/wp\/v2\/posts\/1328\/revisions"}],"predecessor-version":[{"id":1349,"href":"https:\/\/prahasobe.cz\/praha9sobe\/wp-json\/wp\/v2\/posts\/1328\/revisions\/1349"}],"wp:featuredmedia":[{"embeddable":true,"href":"https:\/\/prahasobe.cz\/praha9sobe\/wp-json\/wp\/v2\/media\/1333"}],"wp:attachment":[{"href":"https:\/\/prahasobe.cz\/praha9sobe\/wp-json\/wp\/v2\/media?parent=1328"}],"wp:term":[{"taxonomy":"category","embeddable":true,"href":"https:\/\/prahasobe.cz\/praha9sobe\/wp-json\/wp\/v2\/categories?post=1328"},{"taxonomy":"post_tag","embeddable":true,"href":"https:\/\/prahasobe.cz\/praha9sobe\/wp-json\/wp\/v2\/tags?post=1328"}],"curies":[{"name":"wp","href":"https:\/\/api.w.org\/{rel}","templated":true}]}}