{"id":948,"date":"2023-07-15T13:11:04","date_gmt":"2023-07-15T13:11:04","guid":{"rendered":"https:\/\/prahasobe.cz\/praha6sobe\/?p=948"},"modified":"2024-01-14T15:12:06","modified_gmt":"2024-01-14T15:12:06","slug":"%ef%b8%8fna-zacatku-cervence-jsme-zahajili-rekonstrukci-byvaleho-bubenecskeho-nadrazi-%f0%9f%8f%97%ef%b8%8f","status":"publish","type":"post","link":"https:\/\/prahasobe.cz\/praha6sobe\/2023\/07\/15\/%ef%b8%8fna-zacatku-cervence-jsme-zahajili-rekonstrukci-byvaleho-bubenecskeho-nadrazi-%f0%9f%8f%97%ef%b8%8f\/","title":{"rendered":"\ufe0fNa za\u010d\u00e1tku \u010dervence jsme zah\u00e1jili rekonstrukci b\u00fdval\u00e9ho Bubene\u010dsk\u00e9ho n\u00e1dra\u017e\u00ed. \ud83c\udfd7\ufe0f"},"content":{"rendered":"<div class=\"wp-block-image is-style-default\">\n<figure class=\"aligncenter size-large is-resized\"><img loading=\"lazy\" decoding=\"async\" src=\"https:\/\/prahasobe.cz\/praha6sobe\/wp-content\/uploads\/sites\/5\/2023\/07\/2-1024x576.jpg\" alt=\"Budouc\u00ed podoba b\u00fdval\u00e9ho n\u00e1dra\u017e\u00ed z Goetheho ulice\" class=\"wp-image-950\" width=\"512\" height=\"288\" srcset=\"https:\/\/prahasobe.cz\/praha6sobe\/wp-content\/uploads\/sites\/5\/2023\/07\/2-1024x576.jpg 1024w, https:\/\/prahasobe.cz\/praha6sobe\/wp-content\/uploads\/sites\/5\/2023\/07\/2-300x169.jpg 300w, https:\/\/prahasobe.cz\/praha6sobe\/wp-content\/uploads\/sites\/5\/2023\/07\/2-768x432.jpg 768w, https:\/\/prahasobe.cz\/praha6sobe\/wp-content\/uploads\/sites\/5\/2023\/07\/2-1536x864.jpg 1536w, https:\/\/prahasobe.cz\/praha6sobe\/wp-content\/uploads\/sites\/5\/2023\/07\/2.jpg 2048w\" sizes=\"auto, (max-width: 512px) 100vw, 512px\" \/><figcaption>Budouc\u00ed podoba b\u00fdval\u00e9ho n\u00e1dra\u017e\u00ed z&nbsp;Goetheho ulice<\/figcaption><\/figure>\n<\/div>\n\n\n<div style=\"height:10px\" aria-hidden=\"true\" class=\"wp-block-spacer\"><\/div>\n\n\n\n<p><img loading=\"lazy\" decoding=\"async\" height=\"16\" width=\"16\" src=\"https:\/\/static.xx.fbcdn.net\/images\/emoji.php\/v9\/tc8\/1\/16\/1f682.png\" alt=\"\ud83d\ude82\"><img loading=\"lazy\" decoding=\"async\" height=\"16\" width=\"16\" src=\"https:\/\/static.xx.fbcdn.net\/images\/emoji.php\/v9\/t91\/1\/16\/1f504.png\" alt=\"\ud83d\udd04\"> Bubene\u010dsk\u00e9mu n\u00e1dra\u017e\u00ed, kter\u00e9 je druh\u00fdm nejstar\u0161\u00edm n\u00e1dra\u017e\u00edm v&nbsp;Praze a&nbsp;jeho provoz byl ukon\u010den v&nbsp;roce 2014, se vr\u00e1t\u00ed \u017eivot! D\u00edky spole\u010dnosti <a href=\"https:\/\/www.facebook.com\/profile.php?id=100028835244462&amp;__cft__[0]=AZUB_wXDCTylxgrTM5XWSm93sbgFsF0uav36IQyhUokpFmjX5STOUecJDg7342A7bBy45IhHvGpOUbhXiUlwe0XTnjfaIXgBf8AdVYo3DkTMvz2djHmU-thkCpDH9Mjzc7YCzeRYnq1GTRg--KtYSzQuuu08jFz-_9CqQlh2XLyUXt7y5UFjR2mPyYNpcR8UXHE&amp;__tn__=-]K-R\">KONSIT a.s.<\/a> a&nbsp;v\u00fdjime\u010dn\u00e9mu <a href=\"https:\/\/www.facebook.com\/ArchitektOndrejTucek?__cft__[0]=AZUB_wXDCTylxgrTM5XWSm93sbgFsF0uav36IQyhUokpFmjX5STOUecJDg7342A7bBy45IhHvGpOUbhXiUlwe0XTnjfaIXgBf8AdVYo3DkTMvz2djHmU-thkCpDH9Mjzc7YCzeRYnq1GTRg--KtYSzQuuu08jFz-_9CqQlh2XLyUXt7y5UFjR2mPyYNpcR8UXHE&amp;__tn__=-]K-R\">Architekt Ond\u0159ej Tu\u010dek<\/a> se p\u016fvodn\u00ed n\u00e1dra\u017en\u00ed budova prom\u011bn\u00ed v&nbsp;nov\u00e9 v\u00edce\u00fa\u010delov\u00e9 komunitn\u00ed centrum. <\/p>\n\n\n\n<div style=\"height:10px\" aria-hidden=\"true\" class=\"wp-block-spacer\"><\/div>\n\n\n\n<p><img loading=\"lazy\" decoding=\"async\" height=\"16\" width=\"16\" src=\"https:\/\/static.xx.fbcdn.net\/images\/emoji.php\/v9\/t98\/1\/16\/1f37d.png\" alt=\"\ud83c\udf7d\ufe0f\"><img loading=\"lazy\" decoding=\"async\" height=\"16\" width=\"16\" src=\"https:\/\/static.xx.fbcdn.net\/images\/emoji.php\/v9\/t7e\/1\/16\/1f3a4.png\" alt=\"\ud83c\udfa4\"><img loading=\"lazy\" decoding=\"async\" height=\"16\" width=\"16\" src=\"https:\/\/static.xx.fbcdn.net\/images\/emoji.php\/v9\/te\/1\/16\/1f6b4_200d_2640.png\" alt=\"\ud83d\udeb4\u200d\u2640\ufe0f\"> Do fin\u00e1le v\u00fdb\u011brov\u00e9ho \u0159\u00edzen\u00ed na nov\u00e9 vyu\u017eit\u00ed tohoto zanedban\u00e9ho n\u00e1dra\u017e\u00ed se p\u0159ed t\u0159emi lety probojovalo p\u011bt velmi kvalitn\u00edch projekt\u016f. Zv\u00edt\u011bzil n\u00e1vrh Richarda Preislera, Martina Kontry a&nbsp;Martina Krba, kte\u0159\u00ed za sebou maj\u00ed i&nbsp;\u00fasp\u011b\u0161n\u00fd proje<a href=\"https:\/\/www.facebook.com\/bajkazyl?__cft__[0]=AZUB_wXDCTylxgrTM5XWSm93sbgFsF0uav36IQyhUokpFmjX5STOUecJDg7342A7bBy45IhHvGpOUbhXiUlwe0XTnjfaIXgBf8AdVYo3DkTMvz2djHmU-thkCpDH9Mjzc7YCzeRYnq1GTRg--KtYSzQuuu08jFz-_9CqQlh2XLyUXt7y5UFjR2mPyYNpcR8UXHE&amp;__tn__=-]K-R\">kt Bajka<\/a>zyl. Jejich z\u00e1m\u011br je vytvo\u0159it zde komunitn\u00ed centrum s&nbsp;n\u00e1zvem &#8220;Stanice 6&#8221;, kter\u00e9 bude kombinovat galerii, bistro s&nbsp;kav\u00e1rnou, komunitn\u00ed centrum, m\u00edsto pro po\u0159\u00e1d\u00e1n\u00ed koncert\u016f, s&nbsp;prostorem pro sportovn\u00ed vy\u017eit\u00ed.<\/p>\n\n\n\n<div style=\"height:10px\" aria-hidden=\"true\" class=\"wp-block-spacer\"><\/div>\n\n\n\n<p><img loading=\"lazy\" decoding=\"async\" height=\"16\" width=\"16\" alt=\"\ud83c\udfdb\ufe0f\" src=\"https:\/\/static.xx.fbcdn.net\/images\/emoji.php\/v9\/t89\/1\/16\/1f3db.png\"> Stanice 6 bude hostit r\u016fzn\u00e9 kulturn\u00ed a&nbsp;spole\u010densk\u00e9 aktivity. N\u00e1v\u0161t\u011bvn\u00edci se mohou t\u011b\u0161it na galerii, kde budou prezentov\u00e1na d\u00edla um\u011blc\u016f spojen\u00fdch s&nbsp;Prahou 6, kav\u00e1rnu a&nbsp;bistro s&nbsp;lok\u00e1ln\u00edmi produkty, kulturn\u00ed s\u00e1l pro koncerty, divadeln\u00ed p\u0159edstaven\u00ed a&nbsp;dal\u0161\u00ed kulturn\u00ed akce. Komunitn\u00ed centrum bude nab\u00edzet prostory pro setk\u00e1v\u00e1n\u00ed a&nbsp;diskuzi. Nesm\u00edme zapomenout na sportovn\u00ed vy\u017eit\u00ed &#8211; ve Stanici 6 bude p\u016fj\u010dovna inline brusl\u00ed a&nbsp;kol, stejn\u011b jako non-stop otev\u0159en\u00e1 cykloopravna.<\/p>\n\n\n\n<div style=\"height:10px\" aria-hidden=\"true\" class=\"wp-block-spacer\"><\/div>\n\n\n\n<p>T\u011b\u0161\u00edme se na nov\u00e9 komunitn\u00ed centrum, kter\u00e9 o\u017eiv\u00ed aktu\u00e1ln\u011b zanedban\u00e9 m\u00edsto na \u0161estce. D\u011bkujeme v\u0161em, kdo se na tomto projektu pod\u00edlej\u00ed a&nbsp;t\u011b\u0161\u00edme se na dal\u0161\u00ed v\u00fdvoj. <img loading=\"lazy\" decoding=\"async\" height=\"16\" width=\"16\" alt=\"\ud83d\udc4f\" src=\"https:\/\/static.xx.fbcdn.net\/images\/emoji.php\/v9\/tfe\/1\/16\/1f44f.png\"><\/p>\n\n\n\n<div style=\"height:10px\" aria-hidden=\"true\" class=\"wp-block-spacer\"><\/div>\n\n\n\n<div style=\"height:50px\" aria-hidden=\"true\" class=\"wp-block-spacer\"><\/div>\n\n\n\n<figure class=\"wp-block-gallery has-nested-images columns-default is-cropped wp-block-gallery-1 is-layout-flex wp-block-gallery-is-layout-flex\">\n<figure class=\"wp-block-image size-large\"><img loading=\"lazy\" decoding=\"async\" width=\"2048\" height=\"1536\" data-id=\"954\" src=\"http:\/\/prahasobe.cz\/praha6sobe\/wp-content\/uploads\/sites\/5\/2023\/07\/5.jpg\" alt=\"\" class=\"wp-image-954\" srcset=\"https:\/\/prahasobe.cz\/praha6sobe\/wp-content\/uploads\/sites\/5\/2023\/07\/5.jpg 2048w, https:\/\/prahasobe.cz\/praha6sobe\/wp-content\/uploads\/sites\/5\/2023\/07\/5-300x225.jpg 300w, https:\/\/prahasobe.cz\/praha6sobe\/wp-content\/uploads\/sites\/5\/2023\/07\/5-1024x768.jpg 1024w, https:\/\/prahasobe.cz\/praha6sobe\/wp-content\/uploads\/sites\/5\/2023\/07\/5-768x576.jpg 768w, https:\/\/prahasobe.cz\/praha6sobe\/wp-content\/uploads\/sites\/5\/2023\/07\/5-1536x1152.jpg 1536w\" sizes=\"auto, (max-width: 2048px) 100vw, 2048px\" \/><figcaption>Interi\u00e9r po&nbsp;rekonstrukci Bubene\u010dsk\u00e9ho n\u00e1dra\u017e\u00ed<\/figcaption><\/figure>\n\n\n\n<figure class=\"wp-block-image size-large\"><img loading=\"lazy\" decoding=\"async\" width=\"2048\" height=\"1536\" data-id=\"953\" src=\"http:\/\/prahasobe.cz\/praha6sobe\/wp-content\/uploads\/sites\/5\/2023\/07\/3.jpg\" alt=\"\" class=\"wp-image-953\" srcset=\"https:\/\/prahasobe.cz\/praha6sobe\/wp-content\/uploads\/sites\/5\/2023\/07\/3.jpg 2048w, https:\/\/prahasobe.cz\/praha6sobe\/wp-content\/uploads\/sites\/5\/2023\/07\/3-300x225.jpg 300w, https:\/\/prahasobe.cz\/praha6sobe\/wp-content\/uploads\/sites\/5\/2023\/07\/3-1024x768.jpg 1024w, https:\/\/prahasobe.cz\/praha6sobe\/wp-content\/uploads\/sites\/5\/2023\/07\/3-768x576.jpg 768w, https:\/\/prahasobe.cz\/praha6sobe\/wp-content\/uploads\/sites\/5\/2023\/07\/3-1536x1152.jpg 1536w\" sizes=\"auto, (max-width: 2048px) 100vw, 2048px\" \/><figcaption>Exteri\u00e9r na stran\u011b kolej\u00ed po&nbsp;rekonstrukci Bubene\u010dsk\u00e9ho n\u00e1dra\u017e\u00ed<\/figcaption><\/figure>\n\n\n\n<figure class=\"wp-block-image size-large\"><img loading=\"lazy\" decoding=\"async\" width=\"2048\" height=\"2048\" data-id=\"952\" src=\"http:\/\/prahasobe.cz\/praha6sobe\/wp-content\/uploads\/sites\/5\/2023\/07\/4.jpg\" alt=\"\" class=\"wp-image-952\" srcset=\"https:\/\/prahasobe.cz\/praha6sobe\/wp-content\/uploads\/sites\/5\/2023\/07\/4.jpg 2048w, https:\/\/prahasobe.cz\/praha6sobe\/wp-content\/uploads\/sites\/5\/2023\/07\/4-300x300.jpg 300w, https:\/\/prahasobe.cz\/praha6sobe\/wp-content\/uploads\/sites\/5\/2023\/07\/4-1024x1024.jpg 1024w, https:\/\/prahasobe.cz\/praha6sobe\/wp-content\/uploads\/sites\/5\/2023\/07\/4-150x150.jpg 150w, https:\/\/prahasobe.cz\/praha6sobe\/wp-content\/uploads\/sites\/5\/2023\/07\/4-768x768.jpg 768w, https:\/\/prahasobe.cz\/praha6sobe\/wp-content\/uploads\/sites\/5\/2023\/07\/4-1536x1536.jpg 1536w\" sizes=\"auto, (max-width: 2048px) 100vw, 2048px\" \/><figcaption>Interi\u00e9r (bistro) po&nbsp;rekonstrukci Bubene\u010dsk\u00e9ho n\u00e1dra\u017e\u00ed <\/figcaption><\/figure>\n\n\n\n<figure class=\"wp-block-image size-large\"><img loading=\"lazy\" decoding=\"async\" width=\"2048\" height=\"2048\" data-id=\"951\" src=\"http:\/\/prahasobe.cz\/praha6sobe\/wp-content\/uploads\/sites\/5\/2023\/07\/6.jpg\" alt=\"\" class=\"wp-image-951\" srcset=\"https:\/\/prahasobe.cz\/praha6sobe\/wp-content\/uploads\/sites\/5\/2023\/07\/6.jpg 2048w, https:\/\/prahasobe.cz\/praha6sobe\/wp-content\/uploads\/sites\/5\/2023\/07\/6-300x300.jpg 300w, https:\/\/prahasobe.cz\/praha6sobe\/wp-content\/uploads\/sites\/5\/2023\/07\/6-1024x1024.jpg 1024w, https:\/\/prahasobe.cz\/praha6sobe\/wp-content\/uploads\/sites\/5\/2023\/07\/6-150x150.jpg 150w, https:\/\/prahasobe.cz\/praha6sobe\/wp-content\/uploads\/sites\/5\/2023\/07\/6-768x768.jpg 768w, https:\/\/prahasobe.cz\/praha6sobe\/wp-content\/uploads\/sites\/5\/2023\/07\/6-1536x1536.jpg 1536w\" sizes=\"auto, (max-width: 2048px) 100vw, 2048px\" \/><figcaption>Interi\u00e9r (v\u00fdstavn\u00ed prostory) po&nbsp;rekonstrukci Bubene\u010dsk\u00e9ho n\u00e1dra\u017e\u00ed <\/figcaption><\/figure>\n\n\n\n<figure class=\"wp-block-image size-large\"><img loading=\"lazy\" decoding=\"async\" width=\"2048\" height=\"1152\" data-id=\"950\" src=\"http:\/\/prahasobe.cz\/praha6sobe\/wp-content\/uploads\/sites\/5\/2023\/07\/2.jpg\" alt=\"\" class=\"wp-image-950\" srcset=\"https:\/\/prahasobe.cz\/praha6sobe\/wp-content\/uploads\/sites\/5\/2023\/07\/2.jpg 2048w, https:\/\/prahasobe.cz\/praha6sobe\/wp-content\/uploads\/sites\/5\/2023\/07\/2-300x169.jpg 300w, https:\/\/prahasobe.cz\/praha6sobe\/wp-content\/uploads\/sites\/5\/2023\/07\/2-1024x576.jpg 1024w, https:\/\/prahasobe.cz\/praha6sobe\/wp-content\/uploads\/sites\/5\/2023\/07\/2-768x432.jpg 768w, https:\/\/prahasobe.cz\/praha6sobe\/wp-content\/uploads\/sites\/5\/2023\/07\/2-1536x864.jpg 1536w\" sizes=\"auto, (max-width: 2048px) 100vw, 2048px\" \/><figcaption>Budouc\u00ed podoba b\u00fdval\u00e9ho n\u00e1dra\u017e\u00ed z&nbsp;Goetheho ulice<\/figcaption><\/figure>\n<\/figure>\n\n\n\n<p>Vizualizace Architekt Ond\u0159ej Tu\u010dek<\/p>\n","protected":false},"excerpt":{"rendered":"<p>Bubene\u010dsk\u00e9mu n\u00e1dra\u017e\u00ed, kter\u00e9 je druh\u00fdm nejstar\u0161\u00edm n\u00e1dra\u017e\u00edm v&nbsp;Praze a&nbsp;jeho provoz byl ukon\u010den v&nbsp;roce 2014, se vr\u00e1t\u00ed \u017eivot! D\u00edky spole\u010dnosti KONSIT a.s. a&nbsp;v\u00fdjime\u010dn\u00e9mu Architekt Ond\u0159ej Tu\u010dek se p\u016fvodn\u00ed n\u00e1dra\u017en\u00ed budova prom\u011bn\u00ed v&nbsp;nov\u00e9 v\u00edce\u00fa\u010delov\u00e9 komunitn\u00ed centrum. Do fin\u00e1le v\u00fdb\u011brov\u00e9ho \u0159\u00edzen\u00ed na nov\u00e9 vyu\u017eit\u00ed tohoto zanedban\u00e9ho n\u00e1dra\u017e\u00ed se p\u0159ed t\u0159emi lety probojovalo p\u011bt velmi kvalitn\u00edch projekt\u016f. Zv\u00edt\u011bzil n\u00e1vrh [&hellip;]<\/p>\n","protected":false},"author":9,"featured_media":988,"comment_status":"open","ping_status":"open","sticky":false,"template":"","format":"standard","meta":{"_acf_changed":false,"inline_featured_image":false,"footnotes":""},"categories":[4],"tags":[],"class_list":["post-948","post","type-post","status-publish","format-standard","has-post-thumbnail","hentry","category-news"],"acf":[],"aioseo_notices":[],"distributor_meta":false,"distributor_terms":false,"distributor_media":false,"distributor_original_site_name":"Praha6Sob\u011b","distributor_original_site_url":"https:\/\/prahasobe.cz\/praha6sobe","push-errors":false,"_links":{"self":[{"href":"https:\/\/prahasobe.cz\/praha6sobe\/wp-json\/wp\/v2\/posts\/948","targetHints":{"allow":["GET"]}}],"collection":[{"href":"https:\/\/prahasobe.cz\/praha6sobe\/wp-json\/wp\/v2\/posts"}],"about":[{"href":"https:\/\/prahasobe.cz\/praha6sobe\/wp-json\/wp\/v2\/types\/post"}],"author":[{"embeddable":true,"href":"https:\/\/prahasobe.cz\/praha6sobe\/wp-json\/wp\/v2\/users\/9"}],"replies":[{"embeddable":true,"href":"https:\/\/prahasobe.cz\/praha6sobe\/wp-json\/wp\/v2\/comments?post=948"}],"version-history":[{"count":11,"href":"https:\/\/prahasobe.cz\/praha6sobe\/wp-json\/wp\/v2\/posts\/948\/revisions"}],"predecessor-version":[{"id":1051,"href":"https:\/\/prahasobe.cz\/praha6sobe\/wp-json\/wp\/v2\/posts\/948\/revisions\/1051"}],"wp:featuredmedia":[{"embeddable":true,"href":"https:\/\/prahasobe.cz\/praha6sobe\/wp-json\/wp\/v2\/media\/988"}],"wp:attachment":[{"href":"https:\/\/prahasobe.cz\/praha6sobe\/wp-json\/wp\/v2\/media?parent=948"}],"wp:term":[{"taxonomy":"category","embeddable":true,"href":"https:\/\/prahasobe.cz\/praha6sobe\/wp-json\/wp\/v2\/categories?post=948"},{"taxonomy":"post_tag","embeddable":true,"href":"https:\/\/prahasobe.cz\/praha6sobe\/wp-json\/wp\/v2\/tags?post=948"}],"curies":[{"name":"wp","href":"https:\/\/api.w.org\/{rel}","templated":true}]}}