{"id":886,"date":"2022-09-01T13:40:00","date_gmt":"2022-09-01T13:40:00","guid":{"rendered":"https:\/\/prahasobe.cz\/praha6sobe\/?p=886"},"modified":"2024-01-14T16:31:20","modified_gmt":"2024-01-14T16:31:20","slug":"1-zari-je-vyjimecne-dvojnasob-%f0%9f%91%a9%f0%9f%8e%93%f0%9f%91%a8%f0%9f%8f%bb%f0%9f%8e%93","status":"publish","type":"post","link":"https:\/\/prahasobe.cz\/praha6sobe\/2022\/09\/01\/1-zari-je-vyjimecne-dvojnasob-%f0%9f%91%a9%f0%9f%8e%93%f0%9f%91%a8%f0%9f%8f%bb%f0%9f%8e%93\/","title":{"rendered":"1.z\u00e1\u0159\u00ed je v\u00fdjime\u010dn\u00e9 dvojn\u00e1sob! \ud83d\udc69\u200d\ud83c\udf93\ud83d\udc68\ud83c\udffb\u200d\ud83c\udf93"},"content":{"rendered":"<div class=\"wp-block-image\">\n<figure class=\"aligncenter size-full is-resized\"><img loading=\"lazy\" decoding=\"async\" src=\"http:\/\/prahasobe.cz\/praha6sobe\/wp-content\/uploads\/sites\/5\/2022\/09\/P6S-FB-post-uderne-sdeleni-21.png\" alt=\"1.Z\u00c1\u0158\u00cd JE V\u00ddJIME\u010cN\u00c9 DVOJN\u00c1SOB!\" class=\"wp-image-1082\" width=\"353\" height=\"296\" srcset=\"https:\/\/prahasobe.cz\/praha6sobe\/wp-content\/uploads\/sites\/5\/2022\/09\/P6S-FB-post-uderne-sdeleni-21.png 705w, https:\/\/prahasobe.cz\/praha6sobe\/wp-content\/uploads\/sites\/5\/2022\/09\/P6S-FB-post-uderne-sdeleni-21-300x251.png 300w\" sizes=\"auto, (max-width: 353px) 100vw, 353px\" \/><\/figure>\n<\/div>\n\n\n<p><img loading=\"lazy\" decoding=\"async\" height=\"16\" width=\"16\" src=\"https:\/\/static.xx.fbcdn.net\/images\/emoji.php\/v9\/t6c\/1\/16\/2764.png\" alt=\"\u2764\ufe0f\">Dne\u0161ek je v\u00fdjime\u010dn\u00fd dvojn\u00e1sob!<\/p>\n\n\n\n<div style=\"height:10px\" aria-hidden=\"true\" class=\"wp-block-spacer\"><\/div>\n\n\n\n<p>Dne\u0161n\u00ed 1.&nbsp;z\u00e1\u0159\u00ed je pro m\u011b dvojn\u00e1sob v\u00fdjime\u010dn\u00e9.<\/p>\n\n\n\n<div style=\"height:10px\" aria-hidden=\"true\" class=\"wp-block-spacer\"><\/div>\n\n\n\n<p> <img loading=\"lazy\" decoding=\"async\" height=\"16\" width=\"16\" alt=\"\ud83d\udc69\u200d\ud83c\udf93\" src=\"https:\/\/static.xx.fbcdn.net\/images\/emoji.php\/v9\/t91\/1\/16\/1f469_200d_1f393.png\"><img loading=\"lazy\" decoding=\"async\" height=\"16\" width=\"16\" alt=\"\ud83d\udc68\ud83c\udffb\u200d\ud83c\udf93\" src=\"https:\/\/static.xx.fbcdn.net\/images\/emoji.php\/v9\/td7\/1\/16\/1f468_1f3fb_200d_1f393.png\">Poprv\u00e9 budeme m\u00edt doma sam\u00e9 \u0161kol\u00e1ky. Jakub se na sv\u016fj prvn\u00ed den moc t\u011b\u0161il. B\u011b\u017e\u00ed mi hlavou my\u0161lenky na to, co v\u0161echno mi \u0161kola a&nbsp;studium daly. P\u0159\u00e1tele, vztahy, radost z&nbsp;pozn\u00e1v\u00e1n\u00ed, mo\u017enost cestovat a&nbsp;studovat v&nbsp;zahrani\u010d\u00ed, nov\u00e9 obzory, prvn\u00ed \u00fasp\u011bchy i&nbsp;p\u0159ekonan\u00e9 p\u0159ek\u00e1\u017eky.<\/p>\n\n\n\n<div style=\"height:10px\" aria-hidden=\"true\" class=\"wp-block-spacer\"><\/div>\n\n\n\n<p> <img loading=\"lazy\" decoding=\"async\" height=\"16\" width=\"16\" alt=\"\ud83c\udf33\" src=\"https:\/\/static.xx.fbcdn.net\/images\/emoji.php\/v9\/t6b\/1\/16\/1f333.png\">\u0160kola mi dala pevn\u00e9 zako\u0159en\u011bn\u00ed v&nbsp;realit\u011b a&nbsp;ve sv\u011bt\u011b. P\u0159eji v\u0161em d\u011btem, aby pro n\u011b tyto ko\u0159eny byly posilou na jejich cest\u011b za dobrodru\u017estv\u00edm objevov\u00e1n\u00ed a&nbsp;v\u0161em u\u010ditel\u016fm a&nbsp;u\u010ditelk\u00e1m, aby byli pro d\u011bti inspirac\u00ed a&nbsp;t\u011bmi, kdo o&nbsp;tyto ko\u0159eny budou citliv\u011b pe\u010dovat.<\/p>\n\n\n\n<div style=\"height:10px\" aria-hidden=\"true\" class=\"wp-block-spacer\"><\/div>\n\n\n\n<p> <img loading=\"lazy\" decoding=\"async\" height=\"16\" width=\"16\" alt=\"\ud83d\udd25\" src=\"https:\/\/static.xx.fbcdn.net\/images\/emoji.php\/v9\/t50\/1\/16\/1f525.png\">Z\u00e1rove\u0148 mne dnes p\u0159ed \u0161koln\u00ed budovou prov\u00e1zelo v\u011bdom\u00ed, \u017ee brzy kon\u010d\u00ed m\u00e9 \u010dty\u0159let\u00e9 obdob\u00ed ve funkci p\u0159edsedkyn\u011b v\u00fdboru pro v\u00fdchovu a&nbsp;vzd\u011bl\u00e1v\u00e1n\u00ed hl. m. Prahy, dnes m\u011b \u010dek\u00e1 posledn\u00ed jedn\u00e1n\u00ed v\u00fdboru. Bylo to obdob\u00ed pln\u00e9 setk\u00e1n\u00ed s&nbsp;\u00fa\u017easn\u00fdmi lidmi, pedagogy a&nbsp;pedago\u017ekami, \u0159editeli a&nbsp;\u0159editelkami \u0161kol a&nbsp;mnoha lidmi, kte\u0159\u00ed se sna\u017e\u00ed m\u011bnit \u0161kolstv\u00ed sm\u011brem k&nbsp;v\u011bt\u0161\u00ed otev\u0159enosti a&nbsp;flexibilit\u011b tak, aby \u0161kola p\u0159in\u00e1\u0161ela d\u011btem mnoho dal\u0161\u00edch kvalit, jako je du\u0161evn\u00ed pohoda, zodpov\u011bdnost, rozvoj zdrav\u00fdch vztah\u016f a&nbsp;dobr\u00e9 vn\u00edm\u00e1n\u00ed sebe sama. Je to zku\u0161enost a&nbsp;p\u0159\u00edle\u017eitost, za kterou jsem hluboce vd\u011b\u010dn\u00e1. <\/p>\n\n\n\n<div style=\"height:10px\" aria-hidden=\"true\" class=\"wp-block-spacer\"><\/div>\n\n\n\n<p>Zkr\u00e1tka, dne\u0161ek je v\u00fdjime\u010dn\u00fd dvojn\u00e1sob.<br>Mariana \u010capkov\u00e1<\/p>\n","protected":false},"excerpt":{"rendered":"<p>Dne\u0161ek je v\u00fdjime\u010dn\u00fd dvojn\u00e1sob! Dne\u0161n\u00ed 1.&nbsp;z\u00e1\u0159\u00ed je pro m\u011b dvojn\u00e1sob v\u00fdjime\u010dn\u00e9. Poprv\u00e9 budeme m\u00edt doma sam\u00e9 \u0161kol\u00e1ky. Jakub se na sv\u016fj prvn\u00ed den moc t\u011b\u0161il. B\u011b\u017e\u00ed mi hlavou my\u0161lenky na to, co v\u0161echno mi \u0161kola a&nbsp;studium daly. P\u0159\u00e1tele, vztahy, radost z&nbsp;pozn\u00e1v\u00e1n\u00ed, mo\u017enost cestovat a&nbsp;studovat v&nbsp;zahrani\u010d\u00ed, nov\u00e9 obzory, prvn\u00ed \u00fasp\u011bchy i&nbsp;p\u0159ekonan\u00e9 p\u0159ek\u00e1\u017eky. \u0160kola mi dala pevn\u00e9 [&hellip;]<\/p>\n","protected":false},"author":9,"featured_media":1086,"comment_status":"open","ping_status":"open","sticky":false,"template":"","format":"standard","meta":{"_acf_changed":false,"inline_featured_image":false,"footnotes":""},"categories":[4],"tags":[],"class_list":["post-886","post","type-post","status-publish","format-standard","has-post-thumbnail","hentry","category-news"],"acf":[],"aioseo_notices":[],"distributor_meta":false,"distributor_terms":false,"distributor_media":false,"distributor_original_site_name":"Praha6Sob\u011b","distributor_original_site_url":"https:\/\/prahasobe.cz\/praha6sobe","push-errors":false,"_links":{"self":[{"href":"https:\/\/prahasobe.cz\/praha6sobe\/wp-json\/wp\/v2\/posts\/886","targetHints":{"allow":["GET"]}}],"collection":[{"href":"https:\/\/prahasobe.cz\/praha6sobe\/wp-json\/wp\/v2\/posts"}],"about":[{"href":"https:\/\/prahasobe.cz\/praha6sobe\/wp-json\/wp\/v2\/types\/post"}],"author":[{"embeddable":true,"href":"https:\/\/prahasobe.cz\/praha6sobe\/wp-json\/wp\/v2\/users\/9"}],"replies":[{"embeddable":true,"href":"https:\/\/prahasobe.cz\/praha6sobe\/wp-json\/wp\/v2\/comments?post=886"}],"version-history":[{"count":3,"href":"https:\/\/prahasobe.cz\/praha6sobe\/wp-json\/wp\/v2\/posts\/886\/revisions"}],"predecessor-version":[{"id":1085,"href":"https:\/\/prahasobe.cz\/praha6sobe\/wp-json\/wp\/v2\/posts\/886\/revisions\/1085"}],"wp:featuredmedia":[{"embeddable":true,"href":"https:\/\/prahasobe.cz\/praha6sobe\/wp-json\/wp\/v2\/media\/1086"}],"wp:attachment":[{"href":"https:\/\/prahasobe.cz\/praha6sobe\/wp-json\/wp\/v2\/media?parent=886"}],"wp:term":[{"taxonomy":"category","embeddable":true,"href":"https:\/\/prahasobe.cz\/praha6sobe\/wp-json\/wp\/v2\/categories?post=886"},{"taxonomy":"post_tag","embeddable":true,"href":"https:\/\/prahasobe.cz\/praha6sobe\/wp-json\/wp\/v2\/tags?post=886"}],"curies":[{"name":"wp","href":"https:\/\/api.w.org\/{rel}","templated":true}]}}