{"id":880,"date":"2022-09-02T08:55:00","date_gmt":"2022-09-02T08:55:00","guid":{"rendered":"https:\/\/prahasobe.cz\/praha6sobe\/?p=880"},"modified":"2024-01-14T19:55:12","modified_gmt":"2024-01-14T19:55:12","slug":"z-dejvic-do-krce-za-18-minut%f0%9f%94%a5","status":"publish","type":"post","link":"https:\/\/prahasobe.cz\/praha6sobe\/2022\/09\/02\/z-dejvic-do-krce-za-18-minut%f0%9f%94%a5\/","title":{"rendered":"Z Dejvic do Kr\u010de za 18 minut\ud83d\udd25"},"content":{"rendered":"<div class=\"wp-block-image\">\n<figure class=\"aligncenter size-full is-resized\"><img loading=\"lazy\" decoding=\"async\" src=\"https:\/\/prahasobe.cz\/praha6sobe\/wp-content\/uploads\/sites\/5\/2024\/01\/P6S-FB-post-uderne-sdeleni-20.png\" alt=\"\" class=\"wp-image-1078\" width=\"353\" height=\"296\" srcset=\"https:\/\/prahasobe.cz\/praha6sobe\/wp-content\/uploads\/sites\/5\/2024\/01\/P6S-FB-post-uderne-sdeleni-20.png 705w, https:\/\/prahasobe.cz\/praha6sobe\/wp-content\/uploads\/sites\/5\/2024\/01\/P6S-FB-post-uderne-sdeleni-20-300x251.png 300w\" sizes=\"auto, (max-width: 353px) 100vw, 353px\" \/><\/figure>\n<\/div>\n\n\n<p>Velk\u00fd krok pro okru\u017en\u00ed metro O! Tohle je n\u00e1\u0161 velk\u00fd pl\u00e1n, jak se jednou z&nbsp;Dejvic do Kr\u010de dostat za 18 minut. Nebo ze Sm\u00edchova na Pankr\u00e1c za 9 minut. A&nbsp;p\u0159es celou Prahu z&nbsp;\u0158ep na Bud\u011bjovickou za p\u016fl hodiny. Bez auta, pohodln\u011b metrem. L\u00e1kav\u00e1 p\u0159edstava <img loading=\"lazy\" decoding=\"async\" height=\"16\" width=\"16\" alt=\"\ud83d\ude42\" src=\"https:\/\/static.xx.fbcdn.net\/images\/emoji.php\/v9\/t4c\/1\/16\/1f642.png\"> Za takov\u00fd \u010das dnes trasu uraz\u00edte jen autem, a&nbsp;to je\u0161t\u011b v&nbsp;noci p\u0159i&nbsp;pr\u00e1zdn\u00fdch silnic\u00edch. Kdy\u017e zvol\u00edte MHD, potrv\u00e1 v\u00e1m to v\u00edc ne\u017e dvakr\u00e1t d\u00e9le. M\u00edt rychl\u00e9 spojen\u00ed okru\u017en\u00edm metrem &#8211; to by \u00fapln\u011b zm\u011bnilo pra\u017eskou dopravu a&nbsp;p\u0159ineslo by m\u011bstu opravdickou \u00falevu.<\/p>\n\n\n\n<div style=\"height:10px\" aria-hidden=\"true\" class=\"wp-block-spacer\"><\/div>\n\n\n\n<p>Pr\u00e1v\u011b proto jsme s&nbsp;n\u00e1m\u011bstkem pro dopravu <a href=\"https:\/\/www.facebook.com\/adam.praha.sobe\/?__cft__[0]=AZX_JxnFRb5_PBwc7NV2LfzLn9473sePtOHrCKsWAM9qI1R6ARSGILwIdXErNrZ8abmO29QD5MBu6WE_GmKmiehHHc1v2IoRDK0qWHsaZHdjPoB0sdwK-Yr6vOVk80G38f622ViGDmr49-VCQluLLw_UDfVggbnMvtC10aw5jFrRDeUPcgtgPJvdX5IQy6n1vF__MoMFdLqsTU4jlrv1aRtM&amp;__tn__=kK-y-R\">Adam Scheinherr<\/a> s&nbsp;viz\u00ed okru\u017en\u00edho metra letos v&nbsp;\u00fanoru p\u0159i\u0161li. A&nbsp;te\u010f se posouv\u00e1me do dal\u0161\u00ed f\u00e1ze &#8211; odborn\u00e1 pracovn\u00ed skupina dnes navrhla zad\u00e1n\u00ed takzvan\u00e9 studie proveditelnosti. Ta v&nbsp;prvn\u00edm v\u011bt\u0161\u00edm expertn\u00edm kole\u010dku prov\u011b\u0159\u00ed rozvojov\u00e9 pl\u00e1ny na v\u00fdstavbu a&nbsp;ur\u010d\u00ed nejv\u00fdhodn\u011bj\u0161\u00ed um\u00edst\u011bn\u00ed stanic, kde budeme sledovat pr\u00e1v\u011b i&nbsp;konkurenceschopnost MHD a&nbsp;j\u00edzdy autem.<\/p>\n\n\n\n<div style=\"height:10px\" aria-hidden=\"true\" class=\"wp-block-spacer\"><\/div>\n\n\n\n<p>Na metro O&nbsp;se nesm\u00edme d\u00edvat o\u010dima dne\u0161ka. Ono taky pochopiteln\u011b nevyroste za deset a&nbsp;nejsp\u00ed\u0161 ani za dvacet let. P\u0159esto tvrd\u00edm &#8211; je nejvy\u0161\u0161\u00ed \u010das se j\u00edm za\u010d\u00edt zab\u00fdvat. M\u011bsto Praha nesm\u00ed b\u00fdt jako st\u00e1t, kter\u00fd dopravn\u00ed \u0159e\u0161en\u00ed soustavn\u011b zanedb\u00e1v\u00e1 a&nbsp;je v\u017edycky o&nbsp;p\u00e1r krok\u016f zp\u011bt za re\u00e1ln\u00fdmi pot\u0159ebami lid\u00ed. V&nbsp;Praze je smutn\u00fdm p\u0159\u00edkladem Blanka. Lopotn\u011b se otev\u0159ela a&nbsp;teprve potom se tehdej\u0161\u00ed politici za\u010dali rozkouk\u00e1vat, co vlastn\u011b s&nbsp;n\u00e1vaznost\u00ed tunelu. Tak\u017ee tu r\u00e1zem vznikla tepna, kter\u00e1 bude dvacet let vypliv\u00e1vat des\u00edtky tis\u00edc aut v&nbsp;obydlen\u00fdch oblastech. Obyvatel\u00e9 B\u0159evnova nebo Hole\u0161ovi\u010dek o&nbsp;tom v\u011bd\u00ed sv\u00e9.<\/p>\n\n\n\n<div style=\"height:10px\" aria-hidden=\"true\" class=\"wp-block-spacer\"><\/div>\n\n\n\n<p>Tohle pl\u00e1nov\u00e1n\u00ed krok sun krok se prost\u011b vr\u00e1tit nesm\u00ed. Proto klidn\u011b nech\u00e1m na\u0161e politick\u00e9 oponenty mudrovat, \u017ee je\u0161t\u011b nem\u00e1me postaven\u00e9 D\u00e9\u010dko a&nbsp;u\u017e pl\u00e1nujeme okru\u017en\u00ed metro. Stoj\u00edm si za t\u00edm, \u017ee kl\u00ed\u010dov\u00e9 dopravn\u00ed stavby je pot\u0159eba pl\u00e1novat paraleln\u011b a&nbsp;v\u010das. Proto taky val\u00edme tolik velk\u00fdch investic p\u0159ed sebou sou\u010dasn\u011b.<\/p>\n\n\n\n<div style=\"height:10px\" aria-hidden=\"true\" class=\"wp-block-spacer\"><\/div>\n\n\n\n<p>Metro O&nbsp;je sou\u010d\u00e1st\u00ed ucelen\u00e9 dopravn\u00ed vize pro Prahu. V&nbsp;kombinaci s&nbsp;p\u0159\u00edm\u011bstskou \u017eeleznic\u00ed, rychlodr\u00e1hou, nov\u00fdmi tramvajemi, okruhy a&nbsp;P+R parkovi\u0161ti vytv\u00e1\u0159\u00ed komplexn\u00ed a&nbsp;logick\u00fd syst\u00e9m dopravy, o&nbsp;kter\u00fd se Praha m\u016f\u017ee v&nbsp;p\u0159\u00ed\u0161t\u00edch des\u00edtk\u00e1ch let bezpe\u010dn\u011b op\u0159\u00edt. A&nbsp;to bude doopravdy pot\u0159eba, proto\u017ee v&nbsp;Praze p\u0159ibude na 300 tis\u00edc nov\u00fdch obyvatel.<\/p>\n\n\n\n<div style=\"height:10px\" aria-hidden=\"true\" class=\"wp-block-spacer\"><\/div>\n\n\n\n<p>Tak j\u00e1 nech\u00e1m ostatn\u00ed d\u00e1l opakovat mantru okruh nebo p\u00e1lit \u010das na nesmysln\u00fdch debat\u00e1ch o&nbsp;cyklopruz\u00edch. A&nbsp;rad\u0161i jdeme p\u0159ipravovat to, co s&nbsp;dopravou doopravdy m\u016f\u017ee pohnout.<\/p>\n\n\n\n<p>Srde\u010dn\u011b a&nbsp;vd\u011b\u010dn\u011b<\/p>\n\n\n\n<p>Jan \u010ci\u017einsk\u00fd<\/p>\n\n\n\n<div style=\"height:20px\" aria-hidden=\"true\" class=\"wp-block-spacer\"><\/div>\n\n\n\n<figure class=\"wp-block-gallery has-nested-images columns-default is-cropped wp-block-gallery-1 is-layout-flex wp-block-gallery-is-layout-flex\">\n<figure class=\"wp-block-image size-large\"><img loading=\"lazy\" decoding=\"async\" width=\"1024\" height=\"1024\" data-id=\"881\" src=\"https:\/\/prahasobe.cz\/praha6sobe\/wp-content\/uploads\/sites\/5\/2022\/09\/Metro-O_1-1024x1024.png\" alt=\"\" class=\"wp-image-881\" srcset=\"https:\/\/prahasobe.cz\/praha6sobe\/wp-content\/uploads\/sites\/5\/2022\/09\/Metro-O_1-1024x1024.png 1024w, https:\/\/prahasobe.cz\/praha6sobe\/wp-content\/uploads\/sites\/5\/2022\/09\/Metro-O_1-300x300.png 300w, https:\/\/prahasobe.cz\/praha6sobe\/wp-content\/uploads\/sites\/5\/2022\/09\/Metro-O_1-150x150.png 150w, https:\/\/prahasobe.cz\/praha6sobe\/wp-content\/uploads\/sites\/5\/2022\/09\/Metro-O_1-768x768.png 768w, https:\/\/prahasobe.cz\/praha6sobe\/wp-content\/uploads\/sites\/5\/2022\/09\/Metro-O_1.png 1080w\" sizes=\"auto, (max-width: 1024px) 100vw, 1024px\" \/><\/figure>\n\n\n\n<figure class=\"wp-block-image size-large\"><img loading=\"lazy\" decoding=\"async\" width=\"1024\" height=\"683\" data-id=\"882\" src=\"https:\/\/prahasobe.cz\/praha6sobe\/wp-content\/uploads\/sites\/5\/2022\/09\/Metro-O-1024x683.jpg\" alt=\"\" class=\"wp-image-882\" srcset=\"https:\/\/prahasobe.cz\/praha6sobe\/wp-content\/uploads\/sites\/5\/2022\/09\/Metro-O-1024x683.jpg 1024w, https:\/\/prahasobe.cz\/praha6sobe\/wp-content\/uploads\/sites\/5\/2022\/09\/Metro-O-300x200.jpg 300w, https:\/\/prahasobe.cz\/praha6sobe\/wp-content\/uploads\/sites\/5\/2022\/09\/Metro-O-768x512.jpg 768w, https:\/\/prahasobe.cz\/praha6sobe\/wp-content\/uploads\/sites\/5\/2022\/09\/Metro-O-1536x1025.jpg 1536w, https:\/\/prahasobe.cz\/praha6sobe\/wp-content\/uploads\/sites\/5\/2022\/09\/Metro-O.jpg 2048w\" sizes=\"auto, (max-width: 1024px) 100vw, 1024px\" \/><\/figure>\n<\/figure>\n","protected":false},"excerpt":{"rendered":"<p>Velk\u00fd krok pro okru\u017en\u00ed metro O! Tohle je n\u00e1\u0161 velk\u00fd pl\u00e1n, jak se jednou z&nbsp;Dejvic do Kr\u010de dostat za 18 minut. Nebo ze Sm\u00edchova na Pankr\u00e1c za 9 minut. A&nbsp;p\u0159es celou Prahu z&nbsp;\u0158ep na Bud\u011bjovickou za p\u016fl hodiny. Bez auta, pohodln\u011b metrem. L\u00e1kav\u00e1 p\u0159edstava Za takov\u00fd \u010das dnes trasu uraz\u00edte jen autem, a&nbsp;to je\u0161t\u011b v&nbsp;noci [&hellip;]<\/p>\n","protected":false},"author":9,"featured_media":1087,"comment_status":"open","ping_status":"open","sticky":false,"template":"","format":"standard","meta":{"_acf_changed":false,"inline_featured_image":false,"footnotes":""},"categories":[4],"tags":[],"class_list":["post-880","post","type-post","status-publish","format-standard","has-post-thumbnail","hentry","category-news"],"acf":[],"aioseo_notices":[],"distributor_meta":false,"distributor_terms":false,"distributor_media":false,"distributor_original_site_name":"Praha6Sob\u011b","distributor_original_site_url":"https:\/\/prahasobe.cz\/praha6sobe","push-errors":false,"_links":{"self":[{"href":"https:\/\/prahasobe.cz\/praha6sobe\/wp-json\/wp\/v2\/posts\/880","targetHints":{"allow":["GET"]}}],"collection":[{"href":"https:\/\/prahasobe.cz\/praha6sobe\/wp-json\/wp\/v2\/posts"}],"about":[{"href":"https:\/\/prahasobe.cz\/praha6sobe\/wp-json\/wp\/v2\/types\/post"}],"author":[{"embeddable":true,"href":"https:\/\/prahasobe.cz\/praha6sobe\/wp-json\/wp\/v2\/users\/9"}],"replies":[{"embeddable":true,"href":"https:\/\/prahasobe.cz\/praha6sobe\/wp-json\/wp\/v2\/comments?post=880"}],"version-history":[{"count":2,"href":"https:\/\/prahasobe.cz\/praha6sobe\/wp-json\/wp\/v2\/posts\/880\/revisions"}],"predecessor-version":[{"id":1080,"href":"https:\/\/prahasobe.cz\/praha6sobe\/wp-json\/wp\/v2\/posts\/880\/revisions\/1080"}],"wp:featuredmedia":[{"embeddable":true,"href":"https:\/\/prahasobe.cz\/praha6sobe\/wp-json\/wp\/v2\/media\/1087"}],"wp:attachment":[{"href":"https:\/\/prahasobe.cz\/praha6sobe\/wp-json\/wp\/v2\/media?parent=880"}],"wp:term":[{"taxonomy":"category","embeddable":true,"href":"https:\/\/prahasobe.cz\/praha6sobe\/wp-json\/wp\/v2\/categories?post=880"},{"taxonomy":"post_tag","embeddable":true,"href":"https:\/\/prahasobe.cz\/praha6sobe\/wp-json\/wp\/v2\/tags?post=880"}],"curies":[{"name":"wp","href":"https:\/\/api.w.org\/{rel}","templated":true}]}}