{"id":875,"date":"2022-09-05T08:40:00","date_gmt":"2022-09-05T08:40:00","guid":{"rendered":"https:\/\/prahasobe.cz\/praha6sobe\/?p=875"},"modified":"2022-09-16T08:44:19","modified_gmt":"2022-09-16T08:44:19","slug":"praha-pomuze-lidem-zasazenym-zdrazovanim-%e2%84%b9","status":"publish","type":"post","link":"https:\/\/prahasobe.cz\/praha6sobe\/2022\/09\/05\/praha-pomuze-lidem-zasazenym-zdrazovanim-%e2%84%b9\/","title":{"rendered":"Praha pom\u016f\u017ee lidem zasa\u017een\u00fdm zdra\u017eov\u00e1n\u00edm. \u2139"},"content":{"rendered":"\n<p>Praha pom\u016f\u017ee lidem zasa\u017een\u00fdm zdra\u017eov\u00e1n\u00edm. Pr\u00e1v\u011b jsme v&nbsp;Rad\u011b hlavn\u00edho m\u011bsta schv\u00e1lili pra\u017esk\u00fd soci\u00e1ln\u00ed bal\u00ed\u010dek. Je to p\u0159edposledn\u00ed krok, aby mohla za\u010d\u00edt platit rychl\u00e1 a&nbsp;pravideln\u00e1 finan\u010dn\u00ed pomoc Pra\u017ean\u016fm.<\/p>\n\n\n\n<div style=\"height:20px\" aria-hidden=\"true\" class=\"wp-block-spacer\"><\/div>\n\n\n\n<p>Hlavn\u00ed m\u011bsto nem\u016f\u017ee ovlivnit ceny plynu, elekt\u0159iny nebo \u00faroky hypot\u00e9k. Ale um\u00ed sv\u00fdm obyvatel\u016fm pomoct jinak. Proto jsme s&nbsp;t\u00fdmem PRAHA SOB\u011a navrhli a&nbsp;prosadili bal\u00ed\u010dek, kter\u00fd pos\u00edl\u00ed rozpo\u010det pr\u016fm\u011brn\u00e9 rodiny a\u017e o&nbsp;4&nbsp;800 korun m\u011bs\u00ed\u010dn\u011b. Rodin\u00e1m s&nbsp;d\u011btmi, kter\u00e9 o&nbsp;to po\u017e\u00e1daj\u00ed, zaplat\u00edme ob\u011bdy ve \u0161kol\u00e1ch, \u0161kolkovn\u00e9 nebo krou\u017eky, senior\u016fm asistenty v&nbsp;dom\u00e1cnosti a&nbsp;v\u0161em ulev\u00edme s&nbsp;n\u00e1klady na bydlen\u00ed.<\/p>\n\n\n\n<div style=\"height:20px\" aria-hidden=\"true\" class=\"wp-block-spacer\"><\/div>\n\n\n\n<p>Praha si m\u016f\u017ee dovolit pom\u00e1hat &#8211; d\u00edky na\u0161emu odpov\u011bdn\u00e9mu hospoda\u0159en\u00ed je m\u011bsto nejm\u00e9n\u011b zadlu\u017een\u00e9 za posledn\u00edch dvacet let. M\u00e1me proto pen\u00edze na investice i&nbsp;na pomoc v&nbsp;dob\u011b krize. Pom\u016f\u017eeme lidem ve v\u011bcech, kter\u00e9 m\u00e1 m\u011bsto na starosti &#8211; \u0161koly, \u0161kolky, krou\u017eky. Hned. Na slu\u017eby pro seniory budeme p\u0159isp\u00edvat od 1.&nbsp;ledna 2023. K&nbsp;tomu tak\u00e9 od ledna p\u0159id\u00e1me nav\u00fd\u0161en\u00ed st\u00e1tn\u00edho p\u0159\u00edsp\u011bvku na bydlen\u00ed, proto\u017ee nemuset se strachovat o&nbsp;st\u0159echu nad hlavou je z\u00e1klad v\u0161eho.<\/p>\n\n\n\n<div style=\"height:20px\" aria-hidden=\"true\" class=\"wp-block-spacer\"><\/div>\n\n\n\n<p>\u0160kol\u00e1m pos\u00edl\u00e1me des\u00edtky milion\u016f do tzv.&nbsp;fond\u016f solidarity, ze kter\u00fdch mohou \u0159editel\u00e9 pomoci \u017e\u00e1k\u016fm v&nbsp;situac\u00edch, na kter\u00e9 \u017e\u00e1dn\u00fd podp\u016frn\u00fd syst\u00e9m nepamatuje. \u0160koly podporujeme i&nbsp;jinak &#8211; nyn\u00ed mohou zam\u011bstnat soci\u00e1ln\u00edho pedagoga, specialistu, kter\u00fd pom\u016f\u017ee rodin\u00e1m, jejich\u017e soci\u00e1ln\u00ed situace dopad\u00e1 na kvalitu vzd\u011bl\u00e1v\u00e1n\u00ed jejich d\u011bt\u00ed. U\u017e se n\u00e1m velmi osv\u011bd\u010dili v&nbsp;Praze 7 a&nbsp;chceme tuto mo\u017enost d\u00e1t v\u0161em \u0161kol\u00e1m v&nbsp;Praze.<\/p>\n\n\n\n<div style=\"height:20px\" aria-hidden=\"true\" class=\"wp-block-spacer\"><\/div>\n\n\n\n<p>D\u016fle\u017eit\u00e9 je, \u017ee pom\u016f\u017eeme adresn\u011b, rychle a&nbsp;jednodu\u0161e. Od za\u010d\u00e1tku jsme cht\u011bli, aby se pomoc neztratila v&nbsp;nekone\u010dn\u00e9m pap\u00edrov\u00e1n\u00ed. Pomoc dostane ka\u017ed\u00fd, kdo v&nbsp;\u010destn\u00e9m prohl\u00e1\u0161en\u00ed uvede, \u017ee je ve finan\u010dn\u00ed t\u00edsni. Experti v\u011bd\u00ed, jak je pr\u00e1v\u011b tohle d\u016fle\u017eit\u00e9. Je to opa\u010dn\u00fd postup, ne\u017e vol\u00ed st\u00e1t &#8211; ten se na prvn\u00edm m\u00edst\u011b zab\u00fdv\u00e1 odrazov\u00e1n\u00edm nepoctivc\u016f, proto je ale jeho syst\u00e9m komplikovan\u00fd, byrokratick\u00fd a&nbsp;drah\u00fd na provoz, tak\u017ee se nic neu\u0161et\u0159\u00ed, a&nbsp;je\u0161t\u011b se pomoc ke skute\u010dn\u011b pot\u0159ebn\u00fdm lidem nedostane.<\/p>\n\n\n\n<div style=\"height:20px\" aria-hidden=\"true\" class=\"wp-block-spacer\"><\/div>\n\n\n\n<p>Sou\u010dasn\u00e1 zhor\u0161uj\u00edc\u00ed se situace pot\u0159ebuje naopak rychlou a&nbsp;jednoduchou pomoc. Aby lid\u00e9, kte\u0159\u00ed se bez vlastn\u00edho p\u0159i\u010din\u011bn\u00ed dostali do t\u011b\u017ek\u00e9 finan\u010dn\u00ed situace, v\u011b\u0159ili, \u017ee se na n\u011b nezapomn\u011blo. A&nbsp;aby tu des\u00edtky tis\u00edc lid\u00ed nepadly na dno &#8211; proto\u017ee to se bude v\u017edycky napravovat nesrovnateln\u011b obt\u00ed\u017en\u011bji a&nbsp;dr\u00e1\u017e.<\/p>\n\n\n\n<div style=\"height:20px\" aria-hidden=\"true\" class=\"wp-block-spacer\"><\/div>\n\n\n\n<p>Srde\u010dn\u011b a&nbsp;vd\u011b\u010dn\u011b<br>Jan \u010ci\u017einsk\u00fd<\/p>\n\n\n\n<div style=\"height:20px\" aria-hidden=\"true\" class=\"wp-block-spacer\"><\/div>\n\n\n\n<figure class=\"wp-block-image size-full\"><img loading=\"lazy\" decoding=\"async\" width=\"940\" height=\"788\" src=\"https:\/\/prahasobe.cz\/praha6sobe\/wp-content\/uploads\/sites\/5\/2022\/09\/pomoc.png\" alt=\"\" class=\"wp-image-876\" srcset=\"https:\/\/prahasobe.cz\/praha6sobe\/wp-content\/uploads\/sites\/5\/2022\/09\/pomoc.png 940w, https:\/\/prahasobe.cz\/praha6sobe\/wp-content\/uploads\/sites\/5\/2022\/09\/pomoc-300x251.png 300w, https:\/\/prahasobe.cz\/praha6sobe\/wp-content\/uploads\/sites\/5\/2022\/09\/pomoc-768x644.png 768w\" sizes=\"auto, (max-width: 940px) 100vw, 940px\" \/><\/figure>\n","protected":false},"excerpt":{"rendered":"<p>Praha pom\u016f\u017ee lidem zasa\u017een\u00fdm zdra\u017eov\u00e1n\u00edm. Pr\u00e1v\u011b jsme v&nbsp;Rad\u011b hlavn\u00edho m\u011bsta schv\u00e1lili pra\u017esk\u00fd soci\u00e1ln\u00ed bal\u00ed\u010dek. Je to p\u0159edposledn\u00ed krok, aby mohla za\u010d\u00edt platit rychl\u00e1 a&nbsp;pravideln\u00e1 finan\u010dn\u00ed pomoc Pra\u017ean\u016fm. Hlavn\u00ed m\u011bsto nem\u016f\u017ee ovlivnit ceny plynu, elekt\u0159iny nebo \u00faroky hypot\u00e9k. Ale um\u00ed sv\u00fdm obyvatel\u016fm pomoct jinak. Proto jsme s&nbsp;t\u00fdmem PRAHA SOB\u011a navrhli a&nbsp;prosadili bal\u00ed\u010dek, kter\u00fd pos\u00edl\u00ed rozpo\u010det pr\u016fm\u011brn\u00e9 [&hellip;]<\/p>\n","protected":false},"author":9,"featured_media":876,"comment_status":"open","ping_status":"open","sticky":false,"template":"","format":"standard","meta":{"_acf_changed":false,"inline_featured_image":false,"footnotes":""},"categories":[4],"tags":[],"class_list":["post-875","post","type-post","status-publish","format-standard","has-post-thumbnail","hentry","category-news"],"acf":[],"aioseo_notices":[],"distributor_meta":false,"distributor_terms":false,"distributor_media":false,"distributor_original_site_name":"Praha6Sob\u011b","distributor_original_site_url":"https:\/\/prahasobe.cz\/praha6sobe","push-errors":false,"_links":{"self":[{"href":"https:\/\/prahasobe.cz\/praha6sobe\/wp-json\/wp\/v2\/posts\/875","targetHints":{"allow":["GET"]}}],"collection":[{"href":"https:\/\/prahasobe.cz\/praha6sobe\/wp-json\/wp\/v2\/posts"}],"about":[{"href":"https:\/\/prahasobe.cz\/praha6sobe\/wp-json\/wp\/v2\/types\/post"}],"author":[{"embeddable":true,"href":"https:\/\/prahasobe.cz\/praha6sobe\/wp-json\/wp\/v2\/users\/9"}],"replies":[{"embeddable":true,"href":"https:\/\/prahasobe.cz\/praha6sobe\/wp-json\/wp\/v2\/comments?post=875"}],"version-history":[{"count":1,"href":"https:\/\/prahasobe.cz\/praha6sobe\/wp-json\/wp\/v2\/posts\/875\/revisions"}],"predecessor-version":[{"id":877,"href":"https:\/\/prahasobe.cz\/praha6sobe\/wp-json\/wp\/v2\/posts\/875\/revisions\/877"}],"wp:featuredmedia":[{"embeddable":true,"href":"https:\/\/prahasobe.cz\/praha6sobe\/wp-json\/wp\/v2\/media\/876"}],"wp:attachment":[{"href":"https:\/\/prahasobe.cz\/praha6sobe\/wp-json\/wp\/v2\/media?parent=875"}],"wp:term":[{"taxonomy":"category","embeddable":true,"href":"https:\/\/prahasobe.cz\/praha6sobe\/wp-json\/wp\/v2\/categories?post=875"},{"taxonomy":"post_tag","embeddable":true,"href":"https:\/\/prahasobe.cz\/praha6sobe\/wp-json\/wp\/v2\/tags?post=875"}],"curies":[{"name":"wp","href":"https:\/\/api.w.org\/{rel}","templated":true}]}}