{"id":626,"date":"2022-08-04T20:29:28","date_gmt":"2022-08-04T20:29:28","guid":{"rendered":"https:\/\/prahasobe.cz\/praha6sobe\/?p=626"},"modified":"2022-08-21T21:50:29","modified_gmt":"2022-08-21T21:50:29","slug":"nase-bezpecnost-neni-samozrejmost","status":"publish","type":"post","link":"https:\/\/prahasobe.cz\/praha6sobe\/2022\/08\/04\/nase-bezpecnost-neni-samozrejmost\/","title":{"rendered":"Na\u0161e bezpe\u010dnost nen\u00ed samoz\u0159ejmost \u2049"},"content":{"rendered":"\n<p>Dobr\u00fd den v\u0161em soused\u016fm a&nbsp;spolubydl\u00edc\u00edm v&nbsp;Praze 6! Jmenuji se Rudolf Opat\u0159il a&nbsp;kandiduji za<br>OB\u010cANSKOU KANDID\u00c1TKU PRO PRAHU 6, Praha 6 Sob\u011b.<\/p>\n\n\n\n<div style=\"height:20px\" aria-hidden=\"true\" class=\"wp-block-spacer\"><\/div>\n\n\n\n<p>\ud83c\uddea\ud83c\uddfa \u201eNa\u0161e bezpe\u010dnost nen\u00ed samoz\u0159ejmost\u201c. Jako spoluzakladatel spolku <a href=\"https:\/\/www.jagello.org\/\" target=\"_blank\" rel=\"noreferrer noopener\" title=\"Jagello 2000\">Jagello 2000<\/a>, kter\u00fd je hlavn\u00edm<br>\u010desk\u00fdm subjektem ve\u0159ejn\u00e9 diplomacie v&nbsp;oblasti bezpe\u010dnostn\u00ed politiky a&nbsp;\u010dlenstv\u00ed \u010cesk\u00e9 republiky v<br>Severoatlantick\u00e9 alianci, jsem p\u0159ed l\u00e9ty touto v\u011btou nastartoval nejv\u011bt\u0161\u00ed bezpe\u010dnostn\u00ed koncept v&nbsp;r\u00e1mci<br>Evropy \u2013 <a href=\"https:\/\/www.natodays.cz\/\" target=\"_blank\" rel=\"noreferrer noopener\" title=\"DNY NATO v Ostrav\u011b\">DNY NATO v&nbsp;Ostrav\u011b<\/a>. \ud83d\ude81\u2708<\/p>\n\n\n\n<p><br>\ud83d\udce3 Ale bezpe\u010dnost nen\u00ed jenom ta \u201evelk\u00e1\u201c, i&nbsp;kdy\u017e v&nbsp;kontextu rusk\u00e9 agrese proti evropsk\u00fdm hodnot\u00e1m nab\u00fdv\u00e1<br>na v\u00fdznamu a&nbsp;ur\u010dit\u011b ji nelze pustit ze z\u0159etele ani na komun\u00e1ln\u00ed \u00farovni.<\/p>\n\n\n\n<p><br>\ud83d\udfe1 V&nbsp;r\u00e1mci konceptu ob\u010dansk\u00e9 \u201esousedsk\u00e9 politiky\u201c bych se r\u00e1d v\u011bnoval v&nbsp;na\u0161\u00ed kr\u00e1sn\u00e9 Praze 6 i&nbsp;\u201emal\u00e9\u201c<br>bezpe\u010dnosti, kter\u00e1 se naprosto z\u00e1sadn\u00ed a&nbsp;bezprost\u0159edn\u011b se dot\u00fdk\u00e1 n\u00e1s v\u0161ech.<\/p>\n\n\n\n<p><br>\u25b6 Jsou dod\u00e1vky energi\u00ed bezpe\u010dn\u00e9?<\/p>\n\n\n\n<p><br>\u25b6 Jsou na\u0161e silnice bezpe\u010dn\u00e9?<\/p>\n\n\n\n<p><br>\u25b6 Jsou na\u0161e silnice bezpe\u010dn\u00e9 i&nbsp;po&nbsp;setm\u011bn\u00ed?<\/p>\n\n\n\n<p><br>\u25b6 Jsou bezpe\u010dn\u00e9 na\u0161e domovy?<\/p>\n\n\n\n<p><br>\u25b6 A&nbsp;jsme v&nbsp;bezpe\u010d\u00ed i&nbsp;my ob\u010dan\u00e9 Prahy 6?<\/p>\n\n\n\n<p><br>Opravdu jsem p\u0159esv\u011bd\u010den\u00fd, \u017ee \u201eNa\u0161e bezpe\u010dnost nen\u00ed samoz\u0159ejmost\u201c.<\/p>\n\n\n\n<p><br>\ud83d\udcdc Zab\u00fdvat se a&nbsp;\u0159e\u0161it bezpe\u010dnostn\u00ed ot\u00e1zky na komun\u00e1ln\u00ed \u00farovni umo\u017e\u0148uje koncept <a href=\"https:\/\/prahasobe.cz\/praha6sobe\/program\/\">ob\u010dansk\u00e9 sousedsk\u00e9<br>politiky<\/a> v&nbsp;r\u00e1mci \u201ePraha Sob\u011b\u201c. Poj\u010fte do toho s&nbsp;n\u00e1mi!<\/p>\n","protected":false},"excerpt":{"rendered":"<p>Dobr\u00fd den v\u0161em soused\u016fm a&nbsp;spolubydl\u00edc\u00edm v&nbsp;Praze 6! Jmenuji se Rudolf Opat\u0159il a&nbsp;kandiduji zaOB\u010cANSKOU KANDID\u00c1TKU PRO PRAHU 6, Praha 6 Sob\u011b. \ud83c\uddea\ud83c\uddfa \u201eNa\u0161e bezpe\u010dnost nen\u00ed samoz\u0159ejmost\u201c. Jako spoluzakladatel spolku Jagello 2000, kter\u00fd je hlavn\u00edm\u010desk\u00fdm subjektem ve\u0159ejn\u00e9 diplomacie v&nbsp;oblasti bezpe\u010dnostn\u00ed politiky a&nbsp;\u010dlenstv\u00ed \u010cesk\u00e9 republiky vSeveroatlantick\u00e9 alianci, jsem p\u0159ed l\u00e9ty touto v\u011btou nastartoval nejv\u011bt\u0161\u00ed bezpe\u010dnostn\u00ed koncept v&nbsp;r\u00e1mciEvropy \u2013 [&hellip;]<\/p>\n","protected":false},"author":9,"featured_media":628,"comment_status":"open","ping_status":"open","sticky":false,"template":"","format":"standard","meta":{"inline_featured_image":false},"categories":[4],"tags":[],"acf":[],"aioseo_notices":[],"_links":{"self":[{"href":"https:\/\/prahasobe.cz\/praha6sobe\/wp-json\/wp\/v2\/posts\/626"}],"collection":[{"href":"https:\/\/prahasobe.cz\/praha6sobe\/wp-json\/wp\/v2\/posts"}],"about":[{"href":"https:\/\/prahasobe.cz\/praha6sobe\/wp-json\/wp\/v2\/types\/post"}],"author":[{"embeddable":true,"href":"https:\/\/prahasobe.cz\/praha6sobe\/wp-json\/wp\/v2\/users\/9"}],"replies":[{"embeddable":true,"href":"https:\/\/prahasobe.cz\/praha6sobe\/wp-json\/wp\/v2\/comments?post=626"}],"version-history":[{"count":8,"href":"https:\/\/prahasobe.cz\/praha6sobe\/wp-json\/wp\/v2\/posts\/626\/revisions"}],"predecessor-version":[{"id":686,"href":"https:\/\/prahasobe.cz\/praha6sobe\/wp-json\/wp\/v2\/posts\/626\/revisions\/686"}],"wp:featuredmedia":[{"embeddable":true,"href":"https:\/\/prahasobe.cz\/praha6sobe\/wp-json\/wp\/v2\/media\/628"}],"wp:attachment":[{"href":"https:\/\/prahasobe.cz\/praha6sobe\/wp-json\/wp\/v2\/media?parent=626"}],"wp:term":[{"taxonomy":"category","embeddable":true,"href":"https:\/\/prahasobe.cz\/praha6sobe\/wp-json\/wp\/v2\/categories?post=626"},{"taxonomy":"post_tag","embeddable":true,"href":"https:\/\/prahasobe.cz\/praha6sobe\/wp-json\/wp\/v2\/tags?post=626"}],"curies":[{"name":"wp","href":"https:\/\/api.w.org\/{rel}","templated":true}]}}