{"id":546,"date":"2022-06-28T12:54:00","date_gmt":"2022-06-28T12:54:00","guid":{"rendered":"https:\/\/prahasobe.cz\/praha6sobe\/?p=546"},"modified":"2024-01-14T19:55:09","modified_gmt":"2024-01-14T19:55:09","slug":"podepiste-petici-praha-6-sobe","status":"publish","type":"post","link":"https:\/\/prahasobe.cz\/praha6sobe\/2022\/06\/28\/podepiste-petici-praha-6-sobe\/","title":{"rendered":"Podepi\u0161te petici PRAHA 6 SOB\u011a"},"content":{"rendered":"\n<p><img loading=\"lazy\" decoding=\"async\" height=\"16\" width=\"16\" alt=\"\ud83d\udd25\" src=\"https:\/\/static.xx.fbcdn.net\/images\/emoji.php\/v9\/t50\/1\/16\/1f525.png\"> Je\u0161t\u011b nikdy tak m\u00e1lo nezm\u011bnilo tak moc! Jako nez\u00e1visl\u00ed kandid\u00e1ti pot\u0159ebujeme nasb\u00edrat <img loading=\"lazy\" decoding=\"async\" height=\"16\" width=\"16\" alt=\"7\u20e3\" src=\"https:\/\/static.xx.fbcdn.net\/images\/emoji.php\/v9\/t34\/1\/16\/37_20e3.png\"> tis\u00edc podpis\u016f obyvatel Prahy 6. Zb\u00fdvaj\u00ed t\u0159i t\u00fddny a&nbsp;jdeme do fin\u00e1le, tak se poj\u010fte p\u0159ipojit<img loading=\"lazy\" decoding=\"async\" height=\"16\" width=\"16\" alt=\"\u2757\" src=\"https:\/\/static.xx.fbcdn.net\/images\/emoji.php\/v9\/t50\/1\/16\/2757.png\"><\/p>\n\n\n\n<p>Podepi\u0161te petici <\/p>\n\n\n\n<p><img loading=\"lazy\" decoding=\"async\" height=\"16\" width=\"16\" alt=\"\ud83d\udccc\" src=\"https:\/\/static.xx.fbcdn.net\/images\/emoji.php\/v9\/tac\/1\/16\/1f4cc.png\"> Ka\u017ed\u00fd den u&nbsp;st\u00e1nku na Hrad\u010dansk\u00e9<\/p>\n\n\n\n<p><img loading=\"lazy\" decoding=\"async\" height=\"16\" width=\"16\" alt=\"\ud83d\udccc\" src=\"https:\/\/static.xx.fbcdn.net\/images\/emoji.php\/v9\/tac\/1\/16\/1f4cc.png\"> V&nbsp;s\u00edti Anton\u00ednova peka\u0159stv\u00ed, knihkupectv\u00ed Kosmas a&nbsp;na dal\u0161\u00edch 120 m\u00edstech.<\/p>\n\n\n\n<p> <img loading=\"lazy\" decoding=\"async\" height=\"16\" width=\"16\" alt=\"\u27a1\ufe0f\" src=\"https:\/\/static.xx.fbcdn.net\/images\/emoji.php\/v9\/t9e\/1\/16\/27a1.png\"><a href=\"https:\/\/prahasobe.cz\/praha6sobe\/petice\/?fbclid=IwAR0-Jmp1X8IDbXuxoqwao_DXDWeQEzBUysX-2uDNunXs54KYFUxCku5SEHo\" rel=\"noreferrer noopener\" target=\"_blank\">https:\/\/prahasobe.cz\/praha6sobe\/petice\/<\/a><\/p>\n","protected":false},"excerpt":{"rendered":"<p>Je\u0161t\u011b nikdy tak m\u00e1lo nezm\u011bnilo tak moc! Jako nez\u00e1visl\u00ed kandid\u00e1ti pot\u0159ebujeme nasb\u00edrat tis\u00edc podpis\u016f obyvatel Prahy 6. Zb\u00fdvaj\u00ed t\u0159i t\u00fddny a&nbsp;jdeme do fin\u00e1le, tak se poj\u010fte p\u0159ipojit Podepi\u0161te petici Ka\u017ed\u00fd den u&nbsp;st\u00e1nku na Hrad\u010dansk\u00e9 V&nbsp;s\u00edti Anton\u00ednova peka\u0159stv\u00ed, knihkupectv\u00ed Kosmas a&nbsp;na dal\u0161\u00edch 120 m\u00edstech. https:\/\/prahasobe.cz\/praha6sobe\/petice\/<\/p>\n","protected":false},"author":9,"featured_media":547,"comment_status":"open","ping_status":"open","sticky":false,"template":"","format":"standard","meta":{"_acf_changed":false,"inline_featured_image":false,"footnotes":""},"categories":[4],"tags":[],"class_list":["post-546","post","type-post","status-publish","format-standard","has-post-thumbnail","hentry","category-news"],"acf":[],"aioseo_notices":[],"distributor_meta":false,"distributor_terms":false,"distributor_media":false,"distributor_original_site_name":"Praha6Sob\u011b","distributor_original_site_url":"https:\/\/prahasobe.cz\/praha6sobe","push-errors":false,"_links":{"self":[{"href":"https:\/\/prahasobe.cz\/praha6sobe\/wp-json\/wp\/v2\/posts\/546","targetHints":{"allow":["GET"]}}],"collection":[{"href":"https:\/\/prahasobe.cz\/praha6sobe\/wp-json\/wp\/v2\/posts"}],"about":[{"href":"https:\/\/prahasobe.cz\/praha6sobe\/wp-json\/wp\/v2\/types\/post"}],"author":[{"embeddable":true,"href":"https:\/\/prahasobe.cz\/praha6sobe\/wp-json\/wp\/v2\/users\/9"}],"replies":[{"embeddable":true,"href":"https:\/\/prahasobe.cz\/praha6sobe\/wp-json\/wp\/v2\/comments?post=546"}],"version-history":[{"count":2,"href":"https:\/\/prahasobe.cz\/praha6sobe\/wp-json\/wp\/v2\/posts\/546\/revisions"}],"predecessor-version":[{"id":1089,"href":"https:\/\/prahasobe.cz\/praha6sobe\/wp-json\/wp\/v2\/posts\/546\/revisions\/1089"}],"wp:featuredmedia":[{"embeddable":true,"href":"https:\/\/prahasobe.cz\/praha6sobe\/wp-json\/wp\/v2\/media\/547"}],"wp:attachment":[{"href":"https:\/\/prahasobe.cz\/praha6sobe\/wp-json\/wp\/v2\/media?parent=546"}],"wp:term":[{"taxonomy":"category","embeddable":true,"href":"https:\/\/prahasobe.cz\/praha6sobe\/wp-json\/wp\/v2\/categories?post=546"},{"taxonomy":"post_tag","embeddable":true,"href":"https:\/\/prahasobe.cz\/praha6sobe\/wp-json\/wp\/v2\/tags?post=546"}],"curies":[{"name":"wp","href":"https:\/\/api.w.org\/{rel}","templated":true}]}}