{"id":2123,"date":"2026-03-26T14:02:00","date_gmt":"2026-03-26T14:02:00","guid":{"rendered":"https:\/\/prahasobe.cz\/praha6sobe\/?p=2123"},"modified":"2026-04-29T14:07:39","modified_gmt":"2026-04-29T14:07:39","slug":"dovoluji-si-vam-predstavit-vynikajici-ucitelky-prahy-6","status":"publish","type":"post","link":"https:\/\/prahasobe.cz\/praha6sobe\/2026\/03\/26\/dovoluji-si-vam-predstavit-vynikajici-ucitelky-prahy-6\/","title":{"rendered":"Dovoluji si v\u00e1m p\u0159edstavit vynikaj\u00edc\u00ed u\u010ditelky Prahy 6"},"content":{"rendered":"\n<p><img loading=\"lazy\" decoding=\"async\" height=\"16\" width=\"16\" alt=\"\ud83c\udfc5\" src=\"https:\/\/static.xx.fbcdn.net\/images\/emoji.php\/v9\/t3d\/1\/16\/1f3c5.png\">Mezi leto\u0161n\u00edmi ocen\u011bn\u00fdmi byla Eva Vav\u0159enov\u00e1 z&nbsp;M\u0160 Pod Nov\u00fdm lesem, kter\u00e1 po&nbsp;20 letech praxe vynik\u00e1 v&nbsp;budov\u00e1n\u00ed laskav\u00e9ho a&nbsp;bezpe\u010dn\u00e9ho prost\u0159ed\u00ed, podporuje inkluzi a&nbsp;p\u016fsob\u00ed jako mentorka studentek.<\/p>\n\n\n\n<div style=\"height:20px\" aria-hidden=\"true\" class=\"wp-block-spacer\"><\/div>\n\n\n\n<p><img loading=\"lazy\" decoding=\"async\" height=\"16\" width=\"16\" src=\"https:\/\/static.xx.fbcdn.net\/images\/emoji.php\/v9\/t3d\/1\/16\/1f3c5.png\" alt=\"\ud83c\udfc5\">Marcela Krauzov\u00e1 ze Z\u0160 a&nbsp;M\u0160 \u010cerven\u00fd vrch byla ocen\u011bna za c\u00edlen\u00e9 propojov\u00e1n\u00ed v\u00fduky jazyk\u016f s&nbsp;digit\u00e1ln\u00edmi technologiemi, vyu\u017eit\u00ed um\u011bl\u00e9 inteligence a&nbsp;aktivn\u00ed veden\u00ed \u0161koln\u00edho parlamentu.<\/p>\n\n\n\n<div style=\"height:20px\" aria-hidden=\"true\" class=\"wp-block-spacer\"><\/div>\n\n\n\n<p><img loading=\"lazy\" decoding=\"async\" height=\"16\" width=\"16\" src=\"https:\/\/static.xx.fbcdn.net\/images\/emoji.php\/v9\/t3d\/1\/16\/1f3c5.png\" alt=\"\ud83c\udfc5\">Dal\u0161\u00ed ocen\u011bnou je Kate\u0159ina Bradnov\u00e1 ze Z\u0160 Norbertov, jej\u00ed\u017e p\u0159\u00ednos spo\u010d\u00edv\u00e1 v&nbsp;\u00fasp\u011b\u0161n\u00e9m propojov\u00e1n\u00ed p\u0159\u00edrodov\u011bdn\u00fdch t\u00e9mat ve v\u00fduce, digitalizaci \u0161koly a&nbsp;empatick\u00e9 podpo\u0159e \u017e\u00e1k\u016f se speci\u00e1ln\u00edmi vzd\u011bl\u00e1vac\u00edmi pot\u0159ebami.<\/p>\n\n\n\n<div style=\"height:20px\" aria-hidden=\"true\" class=\"wp-block-spacer\"><\/div>\n\n\n\n<p><img loading=\"lazy\" decoding=\"async\" height=\"16\" width=\"16\" src=\"https:\/\/static.xx.fbcdn.net\/images\/emoji.php\/v9\/t3d\/1\/16\/1f3c5.png\" alt=\"\ud83c\udfc5\">Vanda Hanauskov\u00e1 ze Z\u0160 Marj\u00e1nka z\u00edskala uzn\u00e1n\u00ed za svou dlouhodobou a&nbsp;trp\u011blivou pr\u00e1ci na pozici asistentky pedagoga, kde se v\u011bnuje d\u011btem s&nbsp;n\u00e1ro\u010dn\u00fdmi poruchami chov\u00e1n\u00ed a&nbsp;s&nbsp;odli\u0161n\u00fdm mate\u0159sk\u00fdm jazykem.<\/p>\n\n\n\n<div style=\"height:20px\" aria-hidden=\"true\" class=\"wp-block-spacer\"><\/div>\n\n\n\n<p><img loading=\"lazy\" decoding=\"async\" height=\"16\" width=\"16\" src=\"https:\/\/static.xx.fbcdn.net\/images\/emoji.php\/v9\/t3d\/1\/16\/1f3c5.png\" alt=\"\ud83c\udfc5\">Ocen\u011bn\u00ed p\u0159evzala tak\u00e9 Pavla Kozohorsk\u00e1 ze Z\u0160 a&nbsp;M\u0160 Emy Destinnov\u00e9, kter\u00e1 se jako metodi\u010dka prevence a&nbsp;koordin\u00e1torka parlamentu systematicky v\u011bnuje prim\u00e1rn\u00ed prevenci rizikov\u00e9ho chov\u00e1n\u00ed a&nbsp;podpo\u0159e bezpe\u010dn\u00e9ho \u0161koln\u00edho klimatu.<\/p>\n\n\n\n<div style=\"height:20px\" aria-hidden=\"true\" class=\"wp-block-spacer\"><\/div>\n\n\n\n<p><img loading=\"lazy\" decoding=\"async\" height=\"16\" width=\"16\" src=\"https:\/\/static.xx.fbcdn.net\/images\/emoji.php\/v9\/t3d\/1\/16\/1f3c5.png\" alt=\"\ud83c\udfc5\">Za sv\u00e9 vysok\u00e9 pracovn\u00ed nasazen\u00ed, kreativitu p\u0159i&nbsp;realizaci origin\u00e1ln\u00edch projekt\u016f typu \u201eIntegrace naruby\u201c a&nbsp;metodickou podporu za\u010d\u00ednaj\u00edc\u00edm koleg\u016fm byla ocen\u011bna Petra Dobrovoln\u00e1 ze Z\u0160 J. A. Komensk\u00e9ho.<\/p>\n\n\n\n<div style=\"height:20px\" aria-hidden=\"true\" class=\"wp-block-spacer\"><\/div>\n\n\n\n<p><img loading=\"lazy\" decoding=\"async\" height=\"16\" width=\"16\" src=\"https:\/\/static.xx.fbcdn.net\/images\/emoji.php\/v9\/t3d\/1\/16\/1f3c5.png\" alt=\"\ud83c\udfc5\">Pavla K\u0159e\u0161ni\u010dkov\u00e1 ze Z\u0160 Hanspaulka usp\u011bla d\u00edky sv\u00e9 roli p\u0159i&nbsp;zav\u00e1d\u011bn\u00ed map u\u010debn\u00edho pokroku, v\u00fduce matematiky Hejn\u00e9ho metodou a&nbsp;schopnosti citliv\u011b pracovat s&nbsp;afektivn\u00edmi \u017e\u00e1ky.<\/p>\n\n\n\n<div style=\"height:20px\" aria-hidden=\"true\" class=\"wp-block-spacer\"><\/div>\n\n\n\n<p><img loading=\"lazy\" decoding=\"async\" height=\"16\" width=\"16\" src=\"https:\/\/static.xx.fbcdn.net\/images\/emoji.php\/v9\/t3d\/1\/16\/1f3c5.png\" alt=\"\ud83c\udfc5\">V\u00fdjime\u010dn\u00e9 uzn\u00e1n\u00ed za celo\u017eivotn\u00ed p\u0159\u00ednos z\u00edskala V\u011bra N\u011bmcov\u00e1 ze Z\u0160 Hanspaulka, jej\u00ed\u017e nominace vze\u0161la p\u0159\u00edmo od spokojen\u00fdch rodi\u010d\u016f a&nbsp;kter\u00e1 i&nbsp;v&nbsp;d\u016fchodov\u00e9m v\u011bku z\u016fst\u00e1v\u00e1 pro sv\u00e9 okol\u00ed inspirativn\u00edm vzorem otev\u0159enosti k&nbsp;nov\u00fdm metod\u00e1m a&nbsp;loajality k&nbsp;vizi \u0161koly.<\/p>\n\n\n\n<div style=\"height:20px\" aria-hidden=\"true\" class=\"wp-block-spacer\"><\/div>\n\n\n\n<p>Gratulujeme, je n\u00e1m ct\u00ed, m\u00edt V\u00e1s po&nbsp;boku!<img loading=\"lazy\" decoding=\"async\" height=\"16\" width=\"16\" src=\"https:\/\/static.xx.fbcdn.net\/images\/emoji.php\/v9\/t6c\/1\/16\/2764.png\" alt=\"\u2764\ufe0f\"><\/p>\n\n\n\n<div style=\"height:20px\" aria-hidden=\"true\" class=\"wp-block-spacer\"><\/div>\n\n\n\n<figure class=\"wp-block-gallery has-nested-images columns-default is-cropped wp-block-gallery-1 is-layout-flex wp-block-gallery-is-layout-flex\">\n<figure class=\"wp-block-image size-large\"><img loading=\"lazy\" decoding=\"async\" width=\"593\" height=\"753\" data-id=\"2124\" src=\"https:\/\/prahasobe.cz\/praha6sobe\/wp-content\/uploads\/sites\/5\/2026\/04\/656944416_1534134432054650_8994542265193033229_n.jpg\" alt=\"\" class=\"wp-image-2124\" srcset=\"https:\/\/prahasobe.cz\/praha6sobe\/wp-content\/uploads\/sites\/5\/2026\/04\/656944416_1534134432054650_8994542265193033229_n.jpg 593w, https:\/\/prahasobe.cz\/praha6sobe\/wp-content\/uploads\/sites\/5\/2026\/04\/656944416_1534134432054650_8994542265193033229_n-236x300.jpg 236w\" sizes=\"auto, (max-width: 593px) 100vw, 593px\" \/><\/figure>\n\n\n\n<figure class=\"wp-block-image size-large\"><img loading=\"lazy\" decoding=\"async\" width=\"470\" height=\"590\" data-id=\"2126\" src=\"https:\/\/prahasobe.cz\/praha6sobe\/wp-content\/uploads\/sites\/5\/2026\/04\/657687153_1534134378721322_1256434075880386236_n.jpg\" alt=\"\" class=\"wp-image-2126\" srcset=\"https:\/\/prahasobe.cz\/praha6sobe\/wp-content\/uploads\/sites\/5\/2026\/04\/657687153_1534134378721322_1256434075880386236_n.jpg 470w, https:\/\/prahasobe.cz\/praha6sobe\/wp-content\/uploads\/sites\/5\/2026\/04\/657687153_1534134378721322_1256434075880386236_n-239x300.jpg 239w\" sizes=\"auto, (max-width: 470px) 100vw, 470px\" \/><\/figure>\n\n\n\n<figure class=\"wp-block-image size-large\"><img loading=\"lazy\" decoding=\"async\" width=\"453\" height=\"590\" data-id=\"2127\" src=\"https:\/\/prahasobe.cz\/praha6sobe\/wp-content\/uploads\/sites\/5\/2026\/04\/658388314_1534134462054647_38082896732278220_n.jpg\" alt=\"\" class=\"wp-image-2127\" srcset=\"https:\/\/prahasobe.cz\/praha6sobe\/wp-content\/uploads\/sites\/5\/2026\/04\/658388314_1534134462054647_38082896732278220_n.jpg 453w, https:\/\/prahasobe.cz\/praha6sobe\/wp-content\/uploads\/sites\/5\/2026\/04\/658388314_1534134462054647_38082896732278220_n-230x300.jpg 230w\" sizes=\"auto, (max-width: 453px) 100vw, 453px\" \/><\/figure>\n\n\n\n<figure class=\"wp-block-image size-full\"><img loading=\"lazy\" decoding=\"async\" width=\"459\" height=\"590\" data-id=\"2128\" src=\"https:\/\/prahasobe.cz\/praha6sobe\/wp-content\/uploads\/sites\/5\/2026\/04\/656134577_1534134352054658_4332897879056545205_n.jpg\" alt=\"\" class=\"wp-image-2128\" srcset=\"https:\/\/prahasobe.cz\/praha6sobe\/wp-content\/uploads\/sites\/5\/2026\/04\/656134577_1534134352054658_4332897879056545205_n.jpg 459w, https:\/\/prahasobe.cz\/praha6sobe\/wp-content\/uploads\/sites\/5\/2026\/04\/656134577_1534134352054658_4332897879056545205_n-233x300.jpg 233w\" sizes=\"auto, (max-width: 459px) 100vw, 459px\" \/><\/figure>\n\n\n\n<figure class=\"wp-block-image size-full\"><img loading=\"lazy\" decoding=\"async\" width=\"800\" height=\"540\" data-id=\"2125\" src=\"https:\/\/prahasobe.cz\/praha6sobe\/wp-content\/uploads\/sites\/5\/2026\/04\/662203402_1535586771909416_2440251645416272580_n-1.jpg\" alt=\"\" class=\"wp-image-2125\" srcset=\"https:\/\/prahasobe.cz\/praha6sobe\/wp-content\/uploads\/sites\/5\/2026\/04\/662203402_1535586771909416_2440251645416272580_n-1.jpg 800w, https:\/\/prahasobe.cz\/praha6sobe\/wp-content\/uploads\/sites\/5\/2026\/04\/662203402_1535586771909416_2440251645416272580_n-1-300x203.jpg 300w, https:\/\/prahasobe.cz\/praha6sobe\/wp-content\/uploads\/sites\/5\/2026\/04\/662203402_1535586771909416_2440251645416272580_n-1-768x518.jpg 768w\" sizes=\"auto, (max-width: 800px) 100vw, 800px\" \/><\/figure>\n<\/figure>\n","protected":false},"excerpt":{"rendered":"<p>Mezi leto\u0161n\u00edmi ocen\u011bn\u00fdmi byla Eva Vav\u0159enov\u00e1 z&nbsp;M\u0160 Pod Nov\u00fdm lesem, kter\u00e1 po&nbsp;20 letech praxe vynik\u00e1 v&nbsp;budov\u00e1n\u00ed laskav\u00e9ho a&nbsp;bezpe\u010dn\u00e9ho prost\u0159ed\u00ed, podporuje inkluzi a&nbsp;p\u016fsob\u00ed jako mentorka studentek. Marcela Krauzov\u00e1 ze Z\u0160 a&nbsp;M\u0160 \u010cerven\u00fd vrch byla ocen\u011bna za c\u00edlen\u00e9 propojov\u00e1n\u00ed v\u00fduky jazyk\u016f s&nbsp;digit\u00e1ln\u00edmi technologiemi, vyu\u017eit\u00ed um\u011bl\u00e9 inteligence a&nbsp;aktivn\u00ed veden\u00ed \u0161koln\u00edho parlamentu. Dal\u0161\u00ed ocen\u011bnou je Kate\u0159ina Bradnov\u00e1 ze Z\u0160 [&hellip;]<\/p>\n","protected":false},"author":9,"featured_media":2129,"comment_status":"open","ping_status":"open","sticky":false,"template":"","format":"standard","meta":{"_acf_changed":false,"inline_featured_image":false,"footnotes":""},"categories":[4],"tags":[],"class_list":["post-2123","post","type-post","status-publish","format-standard","has-post-thumbnail","hentry","category-news"],"acf":[],"aioseo_notices":[],"distributor_meta":false,"distributor_terms":false,"distributor_media":false,"distributor_original_site_name":"Praha6Sob\u011b","distributor_original_site_url":"https:\/\/prahasobe.cz\/praha6sobe","push-errors":false,"_links":{"self":[{"href":"https:\/\/prahasobe.cz\/praha6sobe\/wp-json\/wp\/v2\/posts\/2123","targetHints":{"allow":["GET"]}}],"collection":[{"href":"https:\/\/prahasobe.cz\/praha6sobe\/wp-json\/wp\/v2\/posts"}],"about":[{"href":"https:\/\/prahasobe.cz\/praha6sobe\/wp-json\/wp\/v2\/types\/post"}],"author":[{"embeddable":true,"href":"https:\/\/prahasobe.cz\/praha6sobe\/wp-json\/wp\/v2\/users\/9"}],"replies":[{"embeddable":true,"href":"https:\/\/prahasobe.cz\/praha6sobe\/wp-json\/wp\/v2\/comments?post=2123"}],"version-history":[{"count":1,"href":"https:\/\/prahasobe.cz\/praha6sobe\/wp-json\/wp\/v2\/posts\/2123\/revisions"}],"predecessor-version":[{"id":2130,"href":"https:\/\/prahasobe.cz\/praha6sobe\/wp-json\/wp\/v2\/posts\/2123\/revisions\/2130"}],"wp:featuredmedia":[{"embeddable":true,"href":"https:\/\/prahasobe.cz\/praha6sobe\/wp-json\/wp\/v2\/media\/2129"}],"wp:attachment":[{"href":"https:\/\/prahasobe.cz\/praha6sobe\/wp-json\/wp\/v2\/media?parent=2123"}],"wp:term":[{"taxonomy":"category","embeddable":true,"href":"https:\/\/prahasobe.cz\/praha6sobe\/wp-json\/wp\/v2\/categories?post=2123"},{"taxonomy":"post_tag","embeddable":true,"href":"https:\/\/prahasobe.cz\/praha6sobe\/wp-json\/wp\/v2\/tags?post=2123"}],"curies":[{"name":"wp","href":"https:\/\/api.w.org\/{rel}","templated":true}]}}