{"id":2119,"date":"2026-03-28T13:55:00","date_gmt":"2026-03-28T13:55:00","guid":{"rendered":"https:\/\/prahasobe.cz\/praha6sobe\/?p=2119"},"modified":"2026-04-29T14:00:19","modified_gmt":"2026-04-29T14:00:19","slug":"28-brezen-je-dnem-ucitelu","status":"publish","type":"post","link":"https:\/\/prahasobe.cz\/praha6sobe\/2026\/03\/28\/28-brezen-je-dnem-ucitelu\/","title":{"rendered":"28.&nbsp;b\u0159ezen je dnem u\u010ditel\u016f"},"content":{"rendered":"\n<p>A my jim m\u00e1me za co d\u011bkovat. Bez nich by to ne\u0161lo a&nbsp;j\u00e1 ka\u017ed\u00fd den d\u011bkuji za to, \u017ee jich m\u00e1m tolik skv\u011bl\u00fdch po&nbsp;boku<img loading=\"lazy\" decoding=\"async\" height=\"16\" width=\"16\" alt=\"\u2764\ufe0f\" src=\"https:\/\/static.xx.fbcdn.net\/images\/emoji.php\/v9\/t6c\/1\/16\/2764.png\"><\/p>\n\n\n\n<div style=\"height:20px\" aria-hidden=\"true\" class=\"wp-block-spacer\"><\/div>\n\n\n\n<p><img loading=\"lazy\" decoding=\"async\" height=\"16\" width=\"16\" src=\"https:\/\/static.xx.fbcdn.net\/images\/emoji.php\/v9\/t84\/1\/16\/1f381.png\" alt=\"\ud83c\udf81\">Na Praha 6 jsme k&nbsp;jejich sv\u00e1tku p\u0159edstavili historicky prvn\u00ed souhrnnou Ro\u010denku \u0161kolstv\u00ed Prahy 6.<\/p>\n\n\n\n<div style=\"height:20px\" aria-hidden=\"true\" class=\"wp-block-spacer\"><\/div>\n\n\n\n<p>Tato Ro\u010denka je souhrnnou publikac\u00ed m\u011bstsk\u00e9 \u010d\u00e1sti Praha 6, kter\u00e1 mapuje uplynul\u00fd \u0161koln\u00ed rok ve \u0161kol\u00e1ch z\u0159izovan\u00fdch M\u010c.<\/p>\n\n\n\n<div style=\"height:20px\" aria-hidden=\"true\" class=\"wp-block-spacer\"><\/div>\n\n\n\n<p>Letos je vyd\u00e1v\u00e1na \u00fapln\u011b poprv\u00e9 a&nbsp;pok\u0159tili jsme ji spolu s&nbsp;\u0161estkov\u00fdmi \u0159editeli.<\/p>\n\n\n\n<div style=\"height:20px\" aria-hidden=\"true\" class=\"wp-block-spacer\"><\/div>\n\n\n\n<p>Obsahuje p\u0159ehled nejd\u016fle\u017eit\u011bj\u0161\u00edch aktivit \u0161kol a&nbsp;\u0161kolek, p\u0159\u00edklady dobr\u00e9 praxe, projekty a&nbsp;v\u00fdznamn\u00e9 \u00fasp\u011bchy \u017e\u00e1k\u016f a&nbsp;pedagog\u016f.<\/p>\n\n\n\n<div style=\"height:20px\" aria-hidden=\"true\" class=\"wp-block-spacer\"><\/div>\n\n\n\n<p>Sou\u010d\u00e1st\u00ed je samoz\u0159ejm\u011b p\u0159edstaven\u00ed jednotliv\u00fdch \u0161kol, jejich specifik a&nbsp;zaj\u00edmav\u00fdch program\u016f.<\/p>\n\n\n\n<div style=\"height:20px\" aria-hidden=\"true\" class=\"wp-block-spacer\"><\/div>\n\n\n\n<p>C\u00edlem je uk\u00e1zat kvalitu a&nbsp;\u0161\u00ed\u0159i vzd\u011bl\u00e1v\u00e1n\u00ed na Praze 6 a&nbsp;sd\u00edlet inspiraci nap\u0159\u00ed\u010d \u0161kolami.<\/p>\n\n\n\n<div style=\"height:20px\" aria-hidden=\"true\" class=\"wp-block-spacer\"><\/div>\n\n\n\n<p>Ro\u010denka je interaktivn\u00ed a&nbsp;v&nbsp;elektronick\u00e9 podob\u011b bude umo\u017e\u0148ovat propojen\u00ed s&nbsp;jednotliv\u00fdmi v\u00fdro\u010dn\u00edmi zpr\u00e1vami \u0161kol a&nbsp;\u0161kolek.<\/p>\n\n\n\n<div style=\"height:20px\" aria-hidden=\"true\" class=\"wp-block-spacer\"><\/div>\n\n\n\n<p>V pond\u011bl\u00ed ji zve\u0159ejn\u00edme online na webu Prahy 6 a&nbsp;na str\u00e1nk\u00e1ch Jak do \u0161koly\/\u0161kolky!<img loading=\"lazy\" decoding=\"async\" height=\"16\" width=\"16\" alt=\"\u2764\ufe0f\" src=\"https:\/\/static.xx.fbcdn.net\/images\/emoji.php\/v9\/t6c\/1\/16\/2764.png\"><\/p>\n","protected":false},"excerpt":{"rendered":"<p>A my jim m\u00e1me za co d\u011bkovat. Bez nich by to ne\u0161lo a&nbsp;j\u00e1 ka\u017ed\u00fd den d\u011bkuji za to, \u017ee jich m\u00e1m tolik skv\u011bl\u00fdch po&nbsp;boku Na Praha 6 jsme k&nbsp;jejich sv\u00e1tku p\u0159edstavili historicky prvn\u00ed souhrnnou Ro\u010denku \u0161kolstv\u00ed Prahy 6. Tato Ro\u010denka je souhrnnou publikac\u00ed m\u011bstsk\u00e9 \u010d\u00e1sti Praha 6, kter\u00e1 mapuje uplynul\u00fd \u0161koln\u00ed rok ve \u0161kol\u00e1ch z\u0159izovan\u00fdch [&hellip;]<\/p>\n","protected":false},"author":9,"featured_media":2120,"comment_status":"open","ping_status":"open","sticky":false,"template":"","format":"standard","meta":{"_acf_changed":false,"inline_featured_image":false,"footnotes":""},"categories":[4],"tags":[],"class_list":["post-2119","post","type-post","status-publish","format-standard","has-post-thumbnail","hentry","category-news"],"acf":[],"aioseo_notices":[],"distributor_meta":false,"distributor_terms":false,"distributor_media":false,"distributor_original_site_name":"Praha6Sob\u011b","distributor_original_site_url":"https:\/\/prahasobe.cz\/praha6sobe","push-errors":false,"_links":{"self":[{"href":"https:\/\/prahasobe.cz\/praha6sobe\/wp-json\/wp\/v2\/posts\/2119","targetHints":{"allow":["GET"]}}],"collection":[{"href":"https:\/\/prahasobe.cz\/praha6sobe\/wp-json\/wp\/v2\/posts"}],"about":[{"href":"https:\/\/prahasobe.cz\/praha6sobe\/wp-json\/wp\/v2\/types\/post"}],"author":[{"embeddable":true,"href":"https:\/\/prahasobe.cz\/praha6sobe\/wp-json\/wp\/v2\/users\/9"}],"replies":[{"embeddable":true,"href":"https:\/\/prahasobe.cz\/praha6sobe\/wp-json\/wp\/v2\/comments?post=2119"}],"version-history":[{"count":1,"href":"https:\/\/prahasobe.cz\/praha6sobe\/wp-json\/wp\/v2\/posts\/2119\/revisions"}],"predecessor-version":[{"id":2121,"href":"https:\/\/prahasobe.cz\/praha6sobe\/wp-json\/wp\/v2\/posts\/2119\/revisions\/2121"}],"wp:featuredmedia":[{"embeddable":true,"href":"https:\/\/prahasobe.cz\/praha6sobe\/wp-json\/wp\/v2\/media\/2120"}],"wp:attachment":[{"href":"https:\/\/prahasobe.cz\/praha6sobe\/wp-json\/wp\/v2\/media?parent=2119"}],"wp:term":[{"taxonomy":"category","embeddable":true,"href":"https:\/\/prahasobe.cz\/praha6sobe\/wp-json\/wp\/v2\/categories?post=2119"},{"taxonomy":"post_tag","embeddable":true,"href":"https:\/\/prahasobe.cz\/praha6sobe\/wp-json\/wp\/v2\/tags?post=2119"}],"curies":[{"name":"wp","href":"https:\/\/api.w.org\/{rel}","templated":true}]}}