{"id":2084,"date":"2025-06-05T11:09:00","date_gmt":"2025-06-05T11:09:00","guid":{"rendered":"https:\/\/prahasobe.cz\/praha6sobe\/?p=2084"},"modified":"2026-04-26T11:29:41","modified_gmt":"2026-04-26T11:29:41","slug":"ohlednuti-za-setkanim-bavime-se-o-dedine","status":"publish","type":"post","link":"https:\/\/prahasobe.cz\/praha6sobe\/2025\/06\/05\/ohlednuti-za-setkanim-bavime-se-o-dedine\/","title":{"rendered":"Ohl\u00e9dnut\u00ed za setk\u00e1n\u00edm Bav\u00edme se o&nbsp;D\u011bdin\u011b!"},"content":{"rendered":"\n<p>D\u011bdina \u017eije \u2013 a&nbsp;vy jste u&nbsp;toho byli! D\u011bkujeme v\u0161em, kdo p\u0159i\u0161li ke kuli\u010dkov\u00e9mu h\u0159i\u0161ti a&nbsp;zapojili se do otev\u0159en\u00e9 diskuze o&nbsp;tom, co h\u00fdbe D\u011bdinou, Novou Ruzyn\u00ed i&nbsp;celou z\u00e1padn\u00ed \u010d\u00e1st\u00ed Prahy 6. Va\u0161e n\u00e1zory, ot\u00e1zky a&nbsp;n\u00e1pady byly sly\u0161et nahlas a&nbsp;jasn\u011b a&nbsp;p\u0159esn\u011b to m\u00e1 smysl.<\/p>\n\n\n\n<div style=\"height:20px\" aria-hidden=\"true\" class=\"wp-block-spacer\"><\/div>\n\n\n\n<p>Jedn\u00edm z&nbsp;hlavn\u00edch t\u00e9mat bylo roz\u0161i\u0159ov\u00e1n\u00ed kapacit z\u00e1kladn\u00edch a&nbsp;mate\u0159sk\u00fdch \u0161kol D\u011bdina, Vlastina a&nbsp;\u0160mol\u00edkova, ale mluvili jsme i&nbsp;o&nbsp;budoucnosti LDN Drnovsk\u00e1, parkovac\u00edm dom\u011b, developersk\u00fdch z\u00e1m\u011brech v&nbsp;oblasti Nov\u00e9 Ruzyn\u011b, \u017eeleznici Bu\u0161t\u011bhradsk\u00e9 dr\u00e1hy i&nbsp;o&nbsp;d\u011bn\u00ed kolem <a href=\"https:\/\/www.facebook.com\/prague.airport.letiste.praha?__cft__[0]=AZa6FsEhBCWdi4xCLUx-EXqL1EKD3NOT2YoGS7zS7dhZ6SKgxIjqo_emO2HDAJYbgGgcKiPzDiSRFWjDnb6RUJQ12j3Y2qlgHj65rIYnCLN7YUm7vPRkZk5Xp9ELvVnQA8au1KddeK5CKpn1rVdSKG7SsAdr02q6luQDfr9fvwXMZQ&amp;__tn__=-]K-R\">Prague Airport &#8211; Leti\u0161t\u011b Praha<\/a> \u2013 p\u0159\u00edmo se z\u00e1stupci leti\u0161t\u011b, kte\u0159\u00ed dorazili osobn\u011b.<\/p>\n\n\n\n<div style=\"height:20px\" aria-hidden=\"true\" class=\"wp-block-spacer\"><\/div>\n\n\n\n<p>A pokud jste to tentokr\u00e1t nestihli \u2013 nic nen\u00ed ztraceno!<\/p>\n\n\n\n<div style=\"height:20px\" aria-hidden=\"true\" class=\"wp-block-spacer\"><\/div>\n\n\n\n<p>Zveme v\u00e1s na pokra\u010dov\u00e1n\u00ed s\u00e9rie sousedsk\u00fdch setk\u00e1n\u00ed Bav\u00edme se o\u2026, kde se m\u016f\u017eete osobn\u011b potkat s&nbsp;na\u0161\u00ed <a href=\"https:\/\/www.facebook.com\/capkovamariana?__cft__[0]=AZa6FsEhBCWdi4xCLUx-EXqL1EKD3NOT2YoGS7zS7dhZ6SKgxIjqo_emO2HDAJYbgGgcKiPzDiSRFWjDnb6RUJQ12j3Y2qlgHj65rIYnCLN7YUm7vPRkZk5Xp9ELvVnQA8au1KddeK5CKpn1rVdSKG7SsAdr02q6luQDfr9fvwXMZQ&amp;__tn__=-]K-R\">Mariana \u010capkov\u00e1 &#8211; m\u00edstostarostka Prahy 6<\/a> a&nbsp;dal\u0161\u00edmi zastupiteli za Prahu 6 sob\u011b. P\u0159ij\u010fte \u0159\u00edct, co v\u00e1s tr\u00e1p\u00ed, co se v\u00e1m l\u00edb\u00ed, nebo si jen d\u00e1t kafe a&nbsp;popov\u00eddat si o&nbsp;tom, co se d\u011bje ve va\u0161\u00ed \u010dtvrti.<\/p>\n\n\n\n<div style=\"height:20px\" aria-hidden=\"true\" class=\"wp-block-spacer\"><\/div>\n\n\n\n<p><img loading=\"lazy\" decoding=\"async\" height=\"16\" width=\"16\" src=\"https:\/\/static.xx.fbcdn.net\/images\/emoji.php\/v9\/t2d\/1\/16\/1f4cd.png\" alt=\"\ud83d\udccd\">Dal\u0161\u00ed term\u00edny:<\/p>\n\n\n\n<div style=\"height:20px\" aria-hidden=\"true\" class=\"wp-block-spacer\"><\/div>\n\n\n\n<p>17.&nbsp;z\u00e1\u0159\u00ed | B\u0159evnov<\/p>\n\n\n\n<div style=\"height:20px\" aria-hidden=\"true\" class=\"wp-block-spacer\"><\/div>\n\n\n\n<p>15.&nbsp;\u0159\u00edjna | Dejvice<\/p>\n\n\n\n<div style=\"height:20px\" aria-hidden=\"true\" class=\"wp-block-spacer\"><\/div>\n\n\n\n<p><img loading=\"lazy\" decoding=\"async\" height=\"16\" width=\"16\" src=\"https:\/\/static.xx.fbcdn.net\/images\/emoji.php\/v9\/tac\/1\/16\/1f554.png\" alt=\"\ud83d\udd54\"> v\u017edy od 17:00 do 19:00<\/p>\n\n\n\n<div style=\"height:20px\" aria-hidden=\"true\" class=\"wp-block-spacer\"><\/div>\n\n\n\n<p><img loading=\"lazy\" decoding=\"async\" height=\"16\" width=\"16\" src=\"https:\/\/static.xx.fbcdn.net\/images\/emoji.php\/v9\/t91\/1\/16\/2615.png\" alt=\"\u2615\"> \u010cek\u00e1 na v\u00e1s tradi\u010dn\u011b k\u00e1va, voda a&nbsp;mapa se v\u0161\u00edm d\u016fle\u017eit\u00fdm. P\u0159ij\u010fte \u0159\u00edct, co v\u00e1s p\u00e1l\u00ed \u2013 nebo co se v\u00e1m l\u00edb\u00ed. T\u011b\u0161\u00edme se na v\u00e1s!<\/p>\n\n\n\n<div style=\"height:20px\" aria-hidden=\"true\" class=\"wp-block-spacer\"><\/div>\n\n\n\n<p><img loading=\"lazy\" decoding=\"async\" height=\"16\" width=\"16\" alt=\"\ud83e\udd1d\" src=\"https:\/\/static.xx.fbcdn.net\/images\/emoji.php\/v9\/t64\/1\/16\/1f91d.png\"><img loading=\"lazy\" decoding=\"async\" height=\"16\" width=\"16\" alt=\"\ud83d\udc4d\" src=\"https:\/\/static.xx.fbcdn.net\/images\/emoji.php\/v9\/tfc\/1\/16\/1f44d.png\"><a href=\"https:\/\/www.facebook.com\/PRAHASOBE.CZ?__cft__[0]=AZa6FsEhBCWdi4xCLUx-EXqL1EKD3NOT2YoGS7zS7dhZ6SKgxIjqo_emO2HDAJYbgGgcKiPzDiSRFWjDnb6RUJQ12j3Y2qlgHj65rIYnCLN7YUm7vPRkZk5Xp9ELvVnQA8au1KddeK5CKpn1rVdSKG7SsAdr02q6luQDfr9fvwXMZQ&amp;__tn__=-]K-R\">PRAHA SOB\u011a<\/a> | <a href=\"https:\/\/www.facebook.com\/Praha6?__cft__[0]=AZa6FsEhBCWdi4xCLUx-EXqL1EKD3NOT2YoGS7zS7dhZ6SKgxIjqo_emO2HDAJYbgGgcKiPzDiSRFWjDnb6RUJQ12j3Y2qlgHj65rIYnCLN7YUm7vPRkZk5Xp9ELvVnQA8au1KddeK5CKpn1rVdSKG7SsAdr02q6luQDfr9fvwXMZQ&amp;__tn__=-]K-R\">Praha 6<\/a> | <a href=\"https:\/\/www.facebook.com\/capkovamariana?__cft__[0]=AZa6FsEhBCWdi4xCLUx-EXqL1EKD3NOT2YoGS7zS7dhZ6SKgxIjqo_emO2HDAJYbgGgcKiPzDiSRFWjDnb6RUJQ12j3Y2qlgHj65rIYnCLN7YUm7vPRkZk5Xp9ELvVnQA8au1KddeK5CKpn1rVdSKG7SsAdr02q6luQDfr9fvwXMZQ&amp;__tn__=-]K-R\">Mariana \u010capkov\u00e1 &#8211; m\u00edstostarostka Prahy 6<\/a> | <a href=\"https:\/\/www.facebook.com\/lukaspokornypraha6?__cft__[0]=AZa6FsEhBCWdi4xCLUx-EXqL1EKD3NOT2YoGS7zS7dhZ6SKgxIjqo_emO2HDAJYbgGgcKiPzDiSRFWjDnb6RUJQ12j3Y2qlgHj65rIYnCLN7YUm7vPRkZk5Xp9ELvVnQA8au1KddeK5CKpn1rVdSKG7SsAdr02q6luQDfr9fvwXMZQ&amp;__tn__=-]K-R\">Luk\u00e1\u0161 Pokorn\u00fd<\/a><\/p>\n\n\n\n<figure class=\"wp-block-gallery has-nested-images columns-default is-cropped wp-block-gallery-1 is-layout-flex wp-block-gallery-is-layout-flex\">\n<figure class=\"wp-block-image size-large\"><img loading=\"lazy\" decoding=\"async\" width=\"768\" height=\"1024\" data-id=\"2096\" src=\"https:\/\/prahasobe.cz\/praha6sobe\/wp-content\/uploads\/sites\/5\/2026\/04\/515501233_726445196641580_8602850381256594322_n-4-768x1024.jpg\" alt=\"\" class=\"wp-image-2096\" srcset=\"https:\/\/prahasobe.cz\/praha6sobe\/wp-content\/uploads\/sites\/5\/2026\/04\/515501233_726445196641580_8602850381256594322_n-4-768x1024.jpg 768w, https:\/\/prahasobe.cz\/praha6sobe\/wp-content\/uploads\/sites\/5\/2026\/04\/515501233_726445196641580_8602850381256594322_n-4-225x300.jpg 225w, https:\/\/prahasobe.cz\/praha6sobe\/wp-content\/uploads\/sites\/5\/2026\/04\/515501233_726445196641580_8602850381256594322_n-4-1152x1536.jpg 1152w, https:\/\/prahasobe.cz\/praha6sobe\/wp-content\/uploads\/sites\/5\/2026\/04\/515501233_726445196641580_8602850381256594322_n-4.jpg 1536w\" sizes=\"auto, (max-width: 768px) 100vw, 768px\" \/><\/figure>\n\n\n\n<figure class=\"wp-block-image size-large\"><img loading=\"lazy\" decoding=\"async\" width=\"768\" height=\"1024\" data-id=\"2094\" src=\"https:\/\/prahasobe.cz\/praha6sobe\/wp-content\/uploads\/sites\/5\/2026\/04\/515506568_726444943308272_7727639589571153624_n-2-768x1024.jpg\" alt=\"\" class=\"wp-image-2094\" srcset=\"https:\/\/prahasobe.cz\/praha6sobe\/wp-content\/uploads\/sites\/5\/2026\/04\/515506568_726444943308272_7727639589571153624_n-2-768x1024.jpg 768w, https:\/\/prahasobe.cz\/praha6sobe\/wp-content\/uploads\/sites\/5\/2026\/04\/515506568_726444943308272_7727639589571153624_n-2-225x300.jpg 225w, https:\/\/prahasobe.cz\/praha6sobe\/wp-content\/uploads\/sites\/5\/2026\/04\/515506568_726444943308272_7727639589571153624_n-2-1152x1536.jpg 1152w, https:\/\/prahasobe.cz\/praha6sobe\/wp-content\/uploads\/sites\/5\/2026\/04\/515506568_726444943308272_7727639589571153624_n-2.jpg 1536w\" sizes=\"auto, (max-width: 768px) 100vw, 768px\" \/><\/figure>\n<\/figure>\n","protected":false},"excerpt":{"rendered":"<p>D\u011bdina \u017eije \u2013 a&nbsp;vy jste u&nbsp;toho byli! D\u011bkujeme v\u0161em, kdo p\u0159i\u0161li ke kuli\u010dkov\u00e9mu h\u0159i\u0161ti a&nbsp;zapojili se do otev\u0159en\u00e9 diskuze o&nbsp;tom, co h\u00fdbe D\u011bdinou, Novou Ruzyn\u00ed i&nbsp;celou z\u00e1padn\u00ed \u010d\u00e1st\u00ed Prahy 6. Va\u0161e n\u00e1zory, ot\u00e1zky a&nbsp;n\u00e1pady byly sly\u0161et nahlas a&nbsp;jasn\u011b a&nbsp;p\u0159esn\u011b to m\u00e1 smysl. Jedn\u00edm z&nbsp;hlavn\u00edch t\u00e9mat bylo roz\u0161i\u0159ov\u00e1n\u00ed kapacit z\u00e1kladn\u00edch a&nbsp;mate\u0159sk\u00fdch \u0161kol D\u011bdina, Vlastina a&nbsp;\u0160mol\u00edkova, ale [&hellip;]<\/p>\n","protected":false},"author":9,"featured_media":2085,"comment_status":"open","ping_status":"open","sticky":false,"template":"","format":"standard","meta":{"_acf_changed":false,"inline_featured_image":false,"footnotes":""},"categories":[4],"tags":[],"class_list":["post-2084","post","type-post","status-publish","format-standard","has-post-thumbnail","hentry","category-news"],"acf":[],"aioseo_notices":[],"distributor_meta":false,"distributor_terms":false,"distributor_media":false,"distributor_original_site_name":"Praha6Sob\u011b","distributor_original_site_url":"https:\/\/prahasobe.cz\/praha6sobe","push-errors":false,"_links":{"self":[{"href":"https:\/\/prahasobe.cz\/praha6sobe\/wp-json\/wp\/v2\/posts\/2084","targetHints":{"allow":["GET"]}}],"collection":[{"href":"https:\/\/prahasobe.cz\/praha6sobe\/wp-json\/wp\/v2\/posts"}],"about":[{"href":"https:\/\/prahasobe.cz\/praha6sobe\/wp-json\/wp\/v2\/types\/post"}],"author":[{"embeddable":true,"href":"https:\/\/prahasobe.cz\/praha6sobe\/wp-json\/wp\/v2\/users\/9"}],"replies":[{"embeddable":true,"href":"https:\/\/prahasobe.cz\/praha6sobe\/wp-json\/wp\/v2\/comments?post=2084"}],"version-history":[{"count":1,"href":"https:\/\/prahasobe.cz\/praha6sobe\/wp-json\/wp\/v2\/posts\/2084\/revisions"}],"predecessor-version":[{"id":2097,"href":"https:\/\/prahasobe.cz\/praha6sobe\/wp-json\/wp\/v2\/posts\/2084\/revisions\/2097"}],"wp:featuredmedia":[{"embeddable":true,"href":"https:\/\/prahasobe.cz\/praha6sobe\/wp-json\/wp\/v2\/media\/2085"}],"wp:attachment":[{"href":"https:\/\/prahasobe.cz\/praha6sobe\/wp-json\/wp\/v2\/media?parent=2084"}],"wp:term":[{"taxonomy":"category","embeddable":true,"href":"https:\/\/prahasobe.cz\/praha6sobe\/wp-json\/wp\/v2\/categories?post=2084"},{"taxonomy":"post_tag","embeddable":true,"href":"https:\/\/prahasobe.cz\/praha6sobe\/wp-json\/wp\/v2\/tags?post=2084"}],"curies":[{"name":"wp","href":"https:\/\/api.w.org\/{rel}","templated":true}]}}