{"id":2081,"date":"2025-06-22T10:15:00","date_gmt":"2025-06-22T10:15:00","guid":{"rendered":"https:\/\/prahasobe.cz\/praha6sobe\/?p=2081"},"modified":"2026-04-26T11:44:21","modified_gmt":"2026-04-26T11:44:21","slug":"tri-projekty-tri-zmeny-k-lepsimu","status":"publish","type":"post","link":"https:\/\/prahasobe.cz\/praha6sobe\/2025\/06\/22\/tri-projekty-tri-zmeny-k-lepsimu\/","title":{"rendered":"T\u0159i projekty, t\u0159i zm\u011bny k&nbsp;lep\u0161\u00edmu"},"content":{"rendered":"\n<p>D\u00edky va\u0161im hlas\u016fm a&nbsp;n\u00e1vrh\u016fm se letos na ja\u0159e a&nbsp;v&nbsp;l\u00e9t\u011b poda\u0159ilo zrealizovat n\u011bkolik v\u00edt\u011bzn\u00fdch projekt\u016f z&nbsp;participativn\u00edho rozpo\u010dtu <a href=\"https:\/\/www.facebook.com\/napadprosestku?__cft__[0]=AZYjVZbMnPMbGr-w1EADfKtdQ7_7wjqBIA52DZc-EgUZpumNGBCtXIkVdnMReZKjsoDH3Mj4dA_95w6VKq6fIcrJtIULi1wrlDGci85hnF2eAeO4Kna-SyrVPT0NUsGFbuifeLUBL1-_bcZOeaLItIxK14RULZs7EXKE1kRX1pL7JA&amp;__tn__=-]K-R\">N\u00e1pad pro \u0160estku<\/a>. Tady jsou t\u0159i konkr\u00e9tn\u00ed prom\u011bny ve\u0159ejn\u00e9ho prostoru, kter\u00e9 u\u017e m\u016f\u017eete vid\u011bt na vlastn\u00ed o\u010di:<\/p>\n\n\n\n<div style=\"height:20px\" aria-hidden=\"true\" class=\"wp-block-spacer\"><\/div>\n\n\n\n<p><img loading=\"lazy\" decoding=\"async\" height=\"16\" width=\"16\" src=\"https:\/\/static.xx.fbcdn.net\/images\/emoji.php\/v9\/t9b\/1\/16\/1f33c.png\" alt=\"\ud83c\udf3c\"> Flemingovo n\u00e1m\u011bst\u00ed \u2013 nov\u00e1 kv\u011btnat\u00e1 louka<\/p>\n\n\n\n<div style=\"height:20px\" aria-hidden=\"true\" class=\"wp-block-spacer\"><\/div>\n\n\n\n<p>Na m\u00edst\u011b, kde se d\u0159\u00edv neda\u0159ilo rozkv\u00e9st ani tr\u00e1vn\u00edku, je te\u010f hotov\u00fd lu\u010dn\u00ed koberec s&nbsp;kvalitn\u00edm podlo\u017e\u00edm. Kvetouc\u00ed byliny z\u00fatulnily prostor, kter\u00fd te\u010f p\u016fsob\u00ed p\u0159\u00edrodn\u011bji a&nbsp;p\u0159\u00edjemn\u011bji. Speci\u00e1ln\u00ed re\u017eim se\u010den\u00ed pom\u016f\u017ee udr\u017eet louku pestrou a&nbsp;\u017eivou.<\/p>\n\n\n\n<div style=\"height:20px\" aria-hidden=\"true\" class=\"wp-block-spacer\"><\/div>\n\n\n\n<p><img loading=\"lazy\" decoding=\"async\" height=\"16\" width=\"16\" src=\"https:\/\/static.xx.fbcdn.net\/images\/emoji.php\/v9\/t6b\/1\/16\/1f333.png\" alt=\"\ud83c\udf33\"> Divok\u00e1 \u0160\u00e1rka \u2013 nov\u00e1 p\u011b\u0161\u00ed stezka kolem Zlod\u011bjky<\/p>\n\n\n\n<div style=\"height:20px\" aria-hidden=\"true\" class=\"wp-block-spacer\"><\/div>\n\n\n\n<p>Pod\u00e9l ji\u017en\u00ed hrany historick\u00e9ho sadu Zlod\u011bjka vznikla pro\u010di\u0161t\u011bn\u00e1 p\u011b\u0161\u00ed trasa, kter\u00e1 zp\u0159\u00edstup\u0148uje z\u00e1padn\u00ed \u010d\u00e1st \u0160\u00e1rky. Cesta bude je\u0161t\u011b upravena a&nbsp;p\u0159esn\u011bji vyzna\u010dena, ale u\u017e te\u010f slou\u017e\u00ed lidem, kte\u0159\u00ed sem chod\u00ed na proch\u00e1zky i&nbsp;b\u011bhat.<\/p>\n\n\n\n<div style=\"height:20px\" aria-hidden=\"true\" class=\"wp-block-spacer\"><\/div>\n\n\n\n<p><img loading=\"lazy\" decoding=\"async\" height=\"16\" width=\"16\" src=\"https:\/\/static.xx.fbcdn.net\/images\/emoji.php\/v9\/taf\/1\/16\/26bd.png\" alt=\"\u26bd\"> Vokovice \u2013 opraven\u00e9 fotbalov\u00e9 h\u0159i\u0161t\u011b<\/p>\n\n\n\n<div style=\"height:20px\" aria-hidden=\"true\" class=\"wp-block-spacer\"><\/div>\n\n\n\n<p>Jedno z&nbsp;nejvyt\u00ed\u017een\u011bj\u0161\u00edch h\u0159i\u0161\u0165 v&nbsp;okol\u00ed dostalo nov\u00fd um\u011bl\u00fd povrch, kter\u00fd snese ka\u017edodenn\u00ed z\u00e1t\u011b\u017e od d\u011bt\u00ed i&nbsp;dosp\u011bl\u00fdch. Branky nav\u00edc dostaly nov\u00e9 s\u00edt\u011b. H\u0159i\u0161t\u011b je tak znovu bezpe\u010dn\u00e9, odoln\u00e9 a&nbsp;p\u0159ipraven\u00e9 na sportov\u00e1n\u00ed bez omezen\u00ed.<\/p>\n\n\n\n<div style=\"height:20px\" aria-hidden=\"true\" class=\"wp-block-spacer\"><\/div>\n\n\n\n<p><img loading=\"lazy\" decoding=\"async\" height=\"16\" width=\"16\" src=\"https:\/\/static.xx.fbcdn.net\/images\/emoji.php\/v9\/t51\/1\/16\/1f449.png\" alt=\"\ud83d\udc49\"> Tohle jsou konkr\u00e9tn\u00ed v\u00fdsledky toho, kdy\u017e lid\u00e9 maj\u00ed mo\u017enost ovlivnit svoje okol\u00ed.<\/p>\n\n\n\n<div style=\"height:20px\" aria-hidden=\"true\" class=\"wp-block-spacer\"><\/div>\n\n\n\n<p>Praha 6 do projektu N\u00e1pad pro \u0160estku ro\u010dn\u011b investuje n\u011bkolik milion\u016f korun \u2013 a&nbsp;to hlavn\u011b proto, \u017ee v\u00edme, \u017ee to d\u00e1v\u00e1 smysl.<\/p>\n\n\n\n<div style=\"height:20px\" aria-hidden=\"true\" class=\"wp-block-spacer\"><\/div>\n\n\n\n<p><img loading=\"lazy\" decoding=\"async\" height=\"16\" width=\"16\" src=\"https:\/\/static.xx.fbcdn.net\/images\/emoji.php\/v9\/t7e\/1\/16\/1f4c5.png\" alt=\"\ud83d\udcc5\"> Projekt N\u00e1pad pro \u0160estku pokra\u010duje.<\/p>\n\n\n\n<div style=\"height:20px\" aria-hidden=\"true\" class=\"wp-block-spacer\"><\/div>\n\n\n\n<p>I kdy\u017e p\u0159esn\u00e9 datum dal\u0161\u00edho ro\u010dn\u00edku zat\u00edm nen\u00ed zn\u00e1m\u00e9, s&nbsp;dal\u0161\u00ed v\u00fdzvou se op\u011bt po\u010d\u00edt\u00e1.<\/p>\n\n\n\n<div style=\"height:20px\" aria-hidden=\"true\" class=\"wp-block-spacer\"><\/div>\n\n\n\n<p>Sledujte <a href=\"https:\/\/l.facebook.com\/l.php?u=https%3A%2F%2Fwww.napadprosestku.cz%2F&amp;h=AT5bKPEVqOdSwOSmr-z2_VfjNppWFMKfHNODolDoyg46ZR2Cg3Ut5g2CZKXm8VDxI6dG2OHYsI_H9PlgZ7U9vazURY6Js0WcYMGtohPj6BJxfLBNcfSqZKtH-QdqwNZ_6WQKl0UdBHMuunsLhisoqJRMbLjmjC2rVb5Q42BtLh1T-2zP&amp;__tn__=-UK-R&amp;c[0]=AT4Cxy4kxt-zeNdAXr0z3KEQCgyBemrZ_Xco7AhiKBYQBU6s2ZfbHKKnQ5wQJI8vI0RrQURekktZ1tKtbMiRIkem9Q0GUYrWdE_-5DdwxR61X5aPFC4pzJEHFWTWHTdHNKjddUIw_jxGn-YAonEB8Y1Yb8896vesQkGHKxcO5OBGzgh3fy-S5MkwCsE4wQ\" target=\"_blank\" rel=\"noreferrer noopener\">www.napadprosestku.cz<\/a> a&nbsp;m\u011bjte sv\u016fj n\u00e1pad p\u0159ipraven\u00fd.<\/p>\n\n\n\n<div style=\"height:20px\" aria-hidden=\"true\" class=\"wp-block-spacer\"><\/div>\n\n\n\n<p><img loading=\"lazy\" decoding=\"async\" height=\"16\" width=\"16\" alt=\"\ud83e\udd1d\" src=\"https:\/\/static.xx.fbcdn.net\/images\/emoji.php\/v9\/t64\/1\/16\/1f91d.png\"><img loading=\"lazy\" decoding=\"async\" height=\"16\" width=\"16\" alt=\"\ud83d\udc4d\" src=\"https:\/\/static.xx.fbcdn.net\/images\/emoji.php\/v9\/tfc\/1\/16\/1f44d.png\"><a href=\"https:\/\/www.facebook.com\/PRAHASOBE.CZ?__cft__[0]=AZYjVZbMnPMbGr-w1EADfKtdQ7_7wjqBIA52DZc-EgUZpumNGBCtXIkVdnMReZKjsoDH3Mj4dA_95w6VKq6fIcrJtIULi1wrlDGci85hnF2eAeO4Kna-SyrVPT0NUsGFbuifeLUBL1-_bcZOeaLItIxK14RULZs7EXKE1kRX1pL7JA&amp;__tn__=-]K-R\">PRAHA SOB\u011a<\/a> | <a href=\"https:\/\/www.facebook.com\/Praha6?__cft__[0]=AZYjVZbMnPMbGr-w1EADfKtdQ7_7wjqBIA52DZc-EgUZpumNGBCtXIkVdnMReZKjsoDH3Mj4dA_95w6VKq6fIcrJtIULi1wrlDGci85hnF2eAeO4Kna-SyrVPT0NUsGFbuifeLUBL1-_bcZOeaLItIxK14RULZs7EXKE1kRX1pL7JA&amp;__tn__=-]K-R\">Praha 6<\/a> | <a href=\"https:\/\/www.facebook.com\/capkovamariana?__cft__[0]=AZYjVZbMnPMbGr-w1EADfKtdQ7_7wjqBIA52DZc-EgUZpumNGBCtXIkVdnMReZKjsoDH3Mj4dA_95w6VKq6fIcrJtIULi1wrlDGci85hnF2eAeO4Kna-SyrVPT0NUsGFbuifeLUBL1-_bcZOeaLItIxK14RULZs7EXKE1kRX1pL7JA&amp;__tn__=-]K-R\">Mariana \u010capkov\u00e1 &#8211; m\u00edstostarostka Prahy 6<\/a><\/p>\n\n\n\n<figure class=\"wp-block-gallery has-nested-images columns-default is-cropped wp-block-gallery-1 is-layout-flex wp-block-gallery-is-layout-flex\">\n<figure class=\"wp-block-image size-large\"><img loading=\"lazy\" decoding=\"async\" width=\"472\" height=\"590\" data-id=\"2104\" src=\"https:\/\/prahasobe.cz\/praha6sobe\/wp-content\/uploads\/sites\/5\/2026\/04\/522644454_739284745357625_6223178884910889193_n-1.jpg\" alt=\"Zlep\u0161en\u00ed ve\u0159ejn\u00e9ho prostoru v Praze 6 d\u00edky participativn\u00edm projekt\u016fm\" class=\"wp-image-2104\" srcset=\"https:\/\/prahasobe.cz\/praha6sobe\/wp-content\/uploads\/sites\/5\/2026\/04\/522644454_739284745357625_6223178884910889193_n-1.jpg 472w, https:\/\/prahasobe.cz\/praha6sobe\/wp-content\/uploads\/sites\/5\/2026\/04\/522644454_739284745357625_6223178884910889193_n-1-240x300.jpg 240w\" sizes=\"auto, (max-width: 472px) 100vw, 472px\" \/><\/figure>\n\n\n\n<figure class=\"wp-block-image size-large\"><img loading=\"lazy\" decoding=\"async\" width=\"472\" height=\"590\" data-id=\"2105\" src=\"https:\/\/prahasobe.cz\/praha6sobe\/wp-content\/uploads\/sites\/5\/2026\/04\/520804085_739284748690958_1793028777127245361_n-1.jpg\" alt=\"P\u0159\u00edrodn\u00ed cesta a stezka v Divok\u00e9 \u0160\u00e1rce po \u00faprav\u00e1ch\" class=\"wp-image-2105\" srcset=\"https:\/\/prahasobe.cz\/praha6sobe\/wp-content\/uploads\/sites\/5\/2026\/04\/520804085_739284748690958_1793028777127245361_n-1.jpg 472w, https:\/\/prahasobe.cz\/praha6sobe\/wp-content\/uploads\/sites\/5\/2026\/04\/520804085_739284748690958_1793028777127245361_n-1-240x300.jpg 240w\" sizes=\"auto, (max-width: 472px) 100vw, 472px\" \/><\/figure>\n\n\n\n<figure class=\"wp-block-image size-large\"><img loading=\"lazy\" decoding=\"async\" width=\"472\" height=\"590\" data-id=\"2106\" src=\"https:\/\/prahasobe.cz\/praha6sobe\/wp-content\/uploads\/sites\/5\/2026\/04\/523974557_739284742024292_6621954551772309026_n-1.jpg\" alt=\"nov\u00e1 kv\u011btnat\u00e1 louka na Flemingov\u011b n\u00e1m\u011bst\u00ed v Praze 6\" class=\"wp-image-2106\" srcset=\"https:\/\/prahasobe.cz\/praha6sobe\/wp-content\/uploads\/sites\/5\/2026\/04\/523974557_739284742024292_6621954551772309026_n-1.jpg 472w, https:\/\/prahasobe.cz\/praha6sobe\/wp-content\/uploads\/sites\/5\/2026\/04\/523974557_739284742024292_6621954551772309026_n-1-240x300.jpg 240w\" sizes=\"auto, (max-width: 472px) 100vw, 472px\" \/><\/figure>\n<\/figure>\n\n\n\n<div style=\"height:30px\" aria-hidden=\"true\" class=\"wp-block-spacer\"><\/div>\n\n\n\n<figure class=\"wp-block-image size-full is-resized\"><img loading=\"lazy\" decoding=\"async\" src=\"https:\/\/prahasobe.cz\/praha6sobe\/wp-content\/uploads\/sites\/5\/2026\/04\/521657130_739284655357634_7686140283471822170_n-1-1.jpg\" alt=\"\" class=\"wp-image-2108\" width=\"454\" height=\"567\" srcset=\"https:\/\/prahasobe.cz\/praha6sobe\/wp-content\/uploads\/sites\/5\/2026\/04\/521657130_739284655357634_7686140283471822170_n-1-1.jpg 472w, https:\/\/prahasobe.cz\/praha6sobe\/wp-content\/uploads\/sites\/5\/2026\/04\/521657130_739284655357634_7686140283471822170_n-1-1-240x300.jpg 240w\" sizes=\"auto, (max-width: 454px) 100vw, 454px\" \/><\/figure>\n","protected":false},"excerpt":{"rendered":"<p>D\u00edky va\u0161im hlas\u016fm a&nbsp;n\u00e1vrh\u016fm se letos na ja\u0159e a&nbsp;v&nbsp;l\u00e9t\u011b poda\u0159ilo zrealizovat n\u011bkolik v\u00edt\u011bzn\u00fdch projekt\u016f z&nbsp;participativn\u00edho rozpo\u010dtu N\u00e1pad pro \u0160estku. Tady jsou t\u0159i konkr\u00e9tn\u00ed prom\u011bny ve\u0159ejn\u00e9ho prostoru, kter\u00e9 u\u017e m\u016f\u017eete vid\u011bt na vlastn\u00ed o\u010di: Flemingovo n\u00e1m\u011bst\u00ed \u2013 nov\u00e1 kv\u011btnat\u00e1 louka Na m\u00edst\u011b, kde se d\u0159\u00edv neda\u0159ilo rozkv\u00e9st ani tr\u00e1vn\u00edku, je te\u010f hotov\u00fd lu\u010dn\u00ed koberec s&nbsp;kvalitn\u00edm podlo\u017e\u00edm. [&hellip;]<\/p>\n","protected":false},"author":9,"featured_media":2102,"comment_status":"open","ping_status":"open","sticky":false,"template":"","format":"standard","meta":{"_acf_changed":false,"inline_featured_image":false,"footnotes":""},"categories":[4],"tags":[],"class_list":["post-2081","post","type-post","status-publish","format-standard","has-post-thumbnail","hentry","category-news"],"acf":[],"aioseo_notices":[],"distributor_meta":false,"distributor_terms":false,"distributor_media":false,"distributor_original_site_name":"Praha6Sob\u011b","distributor_original_site_url":"https:\/\/prahasobe.cz\/praha6sobe","push-errors":false,"_links":{"self":[{"href":"https:\/\/prahasobe.cz\/praha6sobe\/wp-json\/wp\/v2\/posts\/2081","targetHints":{"allow":["GET"]}}],"collection":[{"href":"https:\/\/prahasobe.cz\/praha6sobe\/wp-json\/wp\/v2\/posts"}],"about":[{"href":"https:\/\/prahasobe.cz\/praha6sobe\/wp-json\/wp\/v2\/types\/post"}],"author":[{"embeddable":true,"href":"https:\/\/prahasobe.cz\/praha6sobe\/wp-json\/wp\/v2\/users\/9"}],"replies":[{"embeddable":true,"href":"https:\/\/prahasobe.cz\/praha6sobe\/wp-json\/wp\/v2\/comments?post=2081"}],"version-history":[{"count":5,"href":"https:\/\/prahasobe.cz\/praha6sobe\/wp-json\/wp\/v2\/posts\/2081\/revisions"}],"predecessor-version":[{"id":2111,"href":"https:\/\/prahasobe.cz\/praha6sobe\/wp-json\/wp\/v2\/posts\/2081\/revisions\/2111"}],"wp:featuredmedia":[{"embeddable":true,"href":"https:\/\/prahasobe.cz\/praha6sobe\/wp-json\/wp\/v2\/media\/2102"}],"wp:attachment":[{"href":"https:\/\/prahasobe.cz\/praha6sobe\/wp-json\/wp\/v2\/media?parent=2081"}],"wp:term":[{"taxonomy":"category","embeddable":true,"href":"https:\/\/prahasobe.cz\/praha6sobe\/wp-json\/wp\/v2\/categories?post=2081"},{"taxonomy":"post_tag","embeddable":true,"href":"https:\/\/prahasobe.cz\/praha6sobe\/wp-json\/wp\/v2\/tags?post=2081"}],"curies":[{"name":"wp","href":"https:\/\/api.w.org\/{rel}","templated":true}]}}