{"id":2078,"date":"2025-08-09T09:59:00","date_gmt":"2025-08-09T09:59:00","guid":{"rendered":"https:\/\/prahasobe.cz\/praha6sobe\/?p=2078"},"modified":"2026-04-26T10:10:00","modified_gmt":"2026-04-26T10:10:00","slug":"nova-dopravni-znacka-v-ulici-pod-novym-lesem","status":"publish","type":"post","link":"https:\/\/prahasobe.cz\/praha6sobe\/2025\/08\/09\/nova-dopravni-znacka-v-ulici-pod-novym-lesem\/","title":{"rendered":"Nov\u00e1 dopravn\u00ed zna\u010dka v&nbsp;ulici Pod Nov\u00fdm lesem"},"content":{"rendered":"\n<p>V ulici Pod Nov\u00fdm lesem na Praze 6 se poprv\u00e9 v&nbsp;\u010cesku objevila nov\u00e1 dopravn\u00ed zna\u010dka, kter\u00e1 upozor\u0148uje, \u017ee silnice je pro motorov\u00e1 vozidla nepr\u016fjezdn\u00e1, ale z\u016fst\u00e1v\u00e1 pr\u016fjezdn\u00e1 pro cyklisty.<\/p>\n\n\n\n<div style=\"height:20px\" aria-hidden=\"true\" class=\"wp-block-spacer\"><\/div>\n\n\n\n<p><img loading=\"lazy\" decoding=\"async\" height=\"16\" width=\"16\" src=\"https:\/\/static.xx.fbcdn.net\/images\/emoji.php\/v9\/t7e\/1\/16\/1f4c5.png\" alt=\"\ud83d\udcc5\"> Tato zna\u010dka je sou\u010d\u00e1st\u00ed ro\u010dn\u00edho zku\u0161ebn\u00edho provozu. Od pond\u011bl\u00ed do p\u00e1tku mezi 14:00 a&nbsp;18:00 bude tato ulice pro auta uzav\u0159en\u00e1 a&nbsp;projedou pouze kola. Omezen\u00ed se t\u00fdk\u00e1 pr\u00e1v\u011b odpoledn\u00ed \u0161pi\u010dky, kdy tudy proudilo nejv\u00edce aut \u2013 \u0159idi\u010di ji \u010dasto vyu\u017e\u00edvali jako zkratku mezi St\u0159e\u0161ovickou a&nbsp;Evropskou, aby se vyhnuli kolon\u00e1m.<\/p>\n\n\n\n<div style=\"height:20px\" aria-hidden=\"true\" class=\"wp-block-spacer\"><\/div>\n\n\n\n<p><img loading=\"lazy\" decoding=\"async\" height=\"16\" width=\"16\" src=\"https:\/\/static.xx.fbcdn.net\/images\/emoji.php\/v9\/taa\/1\/16\/1f4ca.png\" alt=\"\ud83d\udcca\"> Opat\u0159en\u00ed vzniklo po&nbsp;debat\u00e1ch s&nbsp;m\u00edstn\u00edmi obyvateli. V&nbsp;anket\u011b M\u010c Praha 6 se pro trval\u00e9 uzav\u0159en\u00ed vyslovilo 80&nbsp;% hlasuj\u00edc\u00edch, \u010d\u00e1st obyvatel ale proti zm\u011bn\u011b sepsala petici.<\/p>\n\n\n\n<div style=\"height:20px\" aria-hidden=\"true\" class=\"wp-block-spacer\"><\/div>\n\n\n\n<p><img loading=\"lazy\" decoding=\"async\" height=\"16\" width=\"16\" src=\"https:\/\/static.xx.fbcdn.net\/images\/emoji.php\/v9\/tfd\/1\/16\/1f4c4.png\" alt=\"\ud83d\udcc4\"> V\u00fdsledkem je kompromisn\u00ed \u0159e\u0161en\u00ed navr\u017een\u00e9 na z\u00e1klad\u011b anal\u00fdzy Fakulty dopravn\u00ed \u010cVUT. M\u011bstsk\u00e1 \u010d\u00e1st z\u00e1rove\u0148 uva\u017euje o&nbsp;sn\u00ed\u017een\u00ed rychlosti v&nbsp;cel\u00e9 ulici na 30 km\/h, aby se doprava je\u0161t\u011b v\u00edce zklidnila.<\/p>\n\n\n\n<div style=\"height:20px\" aria-hidden=\"true\" class=\"wp-block-spacer\"><\/div>\n\n\n\n<p><img loading=\"lazy\" decoding=\"async\" height=\"16\" width=\"16\" src=\"https:\/\/static.xx.fbcdn.net\/images\/emoji.php\/v9\/t2d\/1\/16\/1f4cd.png\" alt=\"\ud83d\udccd\"> Ulice za\u010d\u00edn\u00e1 u&nbsp;tramvajov\u00e9 zast\u00e1vky Baterie pobl\u00ed\u017e \u00dast\u0159edn\u00ed vojensk\u00e9 nemocnice na B\u0159evnov\u011b a&nbsp;vede a\u017e na Veleslav\u00edn k&nbsp;metru N\u00e1dra\u017e\u00ed Veleslav\u00edn.<\/p>\n\n\n\n<div style=\"height:20px\" aria-hidden=\"true\" class=\"wp-block-spacer\"><\/div>\n\n\n\n<p>Ro\u010dn\u00ed test uk\u00e1\u017ee, zda tato zm\u011bna pom\u016f\u017ee bezpe\u010dnosti a&nbsp;plynulosti dopravy v&nbsp;okol\u00ed. <img loading=\"lazy\" decoding=\"async\" height=\"16\" width=\"16\" src=\"https:\/\/static.xx.fbcdn.net\/images\/emoji.php\/v9\/t9b\/1\/16\/1f6d1.png\" alt=\"\ud83d\uded1\"><\/p>\n\n\n\n<div style=\"height:20px\" aria-hidden=\"true\" class=\"wp-block-spacer\"><\/div>\n\n\n\n<p><img loading=\"lazy\" decoding=\"async\" height=\"16\" width=\"16\" alt=\"\ud83d\udcf7\" src=\"https:\/\/static.xx.fbcdn.net\/images\/emoji.php\/v9\/t5d\/1\/16\/1f4f7.png\"> zdroj: Michael Cardal<\/p>\n","protected":false},"excerpt":{"rendered":"<p>V ulici Pod Nov\u00fdm lesem na Praze 6 se poprv\u00e9 v&nbsp;\u010cesku objevila nov\u00e1 dopravn\u00ed zna\u010dka, kter\u00e1 upozor\u0148uje, \u017ee silnice je pro motorov\u00e1 vozidla nepr\u016fjezdn\u00e1, ale z\u016fst\u00e1v\u00e1 pr\u016fjezdn\u00e1 pro cyklisty. Tato zna\u010dka je sou\u010d\u00e1st\u00ed ro\u010dn\u00edho zku\u0161ebn\u00edho provozu. Od pond\u011bl\u00ed do p\u00e1tku mezi 14:00 a&nbsp;18:00 bude tato ulice pro auta uzav\u0159en\u00e1 a&nbsp;projedou pouze kola. Omezen\u00ed se t\u00fdk\u00e1 [&hellip;]<\/p>\n","protected":false},"author":9,"featured_media":2079,"comment_status":"open","ping_status":"open","sticky":false,"template":"","format":"standard","meta":{"_acf_changed":false,"inline_featured_image":false,"footnotes":""},"categories":[4],"tags":[],"class_list":["post-2078","post","type-post","status-publish","format-standard","has-post-thumbnail","hentry","category-news"],"acf":[],"aioseo_notices":[],"distributor_meta":false,"distributor_terms":false,"distributor_media":false,"distributor_original_site_name":"Praha6Sob\u011b","distributor_original_site_url":"https:\/\/prahasobe.cz\/praha6sobe","push-errors":false,"_links":{"self":[{"href":"https:\/\/prahasobe.cz\/praha6sobe\/wp-json\/wp\/v2\/posts\/2078","targetHints":{"allow":["GET"]}}],"collection":[{"href":"https:\/\/prahasobe.cz\/praha6sobe\/wp-json\/wp\/v2\/posts"}],"about":[{"href":"https:\/\/prahasobe.cz\/praha6sobe\/wp-json\/wp\/v2\/types\/post"}],"author":[{"embeddable":true,"href":"https:\/\/prahasobe.cz\/praha6sobe\/wp-json\/wp\/v2\/users\/9"}],"replies":[{"embeddable":true,"href":"https:\/\/prahasobe.cz\/praha6sobe\/wp-json\/wp\/v2\/comments?post=2078"}],"version-history":[{"count":1,"href":"https:\/\/prahasobe.cz\/praha6sobe\/wp-json\/wp\/v2\/posts\/2078\/revisions"}],"predecessor-version":[{"id":2080,"href":"https:\/\/prahasobe.cz\/praha6sobe\/wp-json\/wp\/v2\/posts\/2078\/revisions\/2080"}],"wp:featuredmedia":[{"embeddable":true,"href":"https:\/\/prahasobe.cz\/praha6sobe\/wp-json\/wp\/v2\/media\/2079"}],"wp:attachment":[{"href":"https:\/\/prahasobe.cz\/praha6sobe\/wp-json\/wp\/v2\/media?parent=2078"}],"wp:term":[{"taxonomy":"category","embeddable":true,"href":"https:\/\/prahasobe.cz\/praha6sobe\/wp-json\/wp\/v2\/categories?post=2078"},{"taxonomy":"post_tag","embeddable":true,"href":"https:\/\/prahasobe.cz\/praha6sobe\/wp-json\/wp\/v2\/tags?post=2078"}],"curies":[{"name":"wp","href":"https:\/\/api.w.org\/{rel}","templated":true}]}}