{"id":2063,"date":"2025-09-02T09:47:00","date_gmt":"2025-09-02T09:47:00","guid":{"rendered":"https:\/\/prahasobe.cz\/praha6sobe\/?p=2063"},"modified":"2026-04-26T09:58:22","modified_gmt":"2026-04-26T09:58:22","slug":"nova-skolka-co-vas-nepusti-domu","status":"publish","type":"post","link":"https:\/\/prahasobe.cz\/praha6sobe\/2025\/09\/02\/nova-skolka-co-vas-nepusti-domu\/","title":{"rendered":"NOV\u00c1 \u0160KOLKA, CO V\u00c1S NEPUST\u00cd DOM\u016e!"},"content":{"rendered":"\n<p>1.&nbsp;z\u00e1\u0159\u00ed Praha 6 otev\u0159ela novou \u0161kolku ve Vokovic\u00edch a&nbsp;je tak kr\u00e1sn\u00e1, \u017ee se z&nbsp;n\u00ed d\u011btem nebude cht\u00edt dom\u016f. A&nbsp;up\u0159\u00edmn\u011b? Dosp\u011bl\u00fdm taky ne. Architekti tady vytvo\u0159ili prostor, kter\u00fd nen\u00ed jen funk\u010dn\u00ed, ale dechberouc\u00ed.<\/p>\n\n\n\n<div style=\"height:20px\" aria-hidden=\"true\" class=\"wp-block-spacer\"><\/div>\n\n\n\n<p><img loading=\"lazy\" decoding=\"async\" height=\"16\" width=\"16\" src=\"https:\/\/static.xx.fbcdn.net\/images\/emoji.php\/v9\/tde\/1\/16\/1f3d7.png\" alt=\"\ud83c\udfd7\ufe0f\"> Stoj\u00ed na m\u00edst\u011b p\u016fvodn\u00ed \u0161kolky, ale je \u00fapln\u011b nov\u00e1. Sv\u011btl\u00e1, otev\u0159en\u00e1, navr\u017een\u00e1 s&nbsp;respektem k&nbsp;d\u011btem i&nbsp;okol\u00ed. Architekti z&nbsp;Atelier Sever sem pustili sv\u011btlo, zele\u0148 a&nbsp;klid. Propojili vnit\u0159n\u00ed prostory se zahradou, pou\u017eili p\u0159\u00edrodn\u00ed materi\u00e1ly a&nbsp;vytvo\u0159ili prost\u0159ed\u00ed, kter\u00e9 je p\u0159irozen\u00e9 a&nbsp;vyb\u00edz\u00ed ke h\u0159e i&nbsp;objevov\u00e1n\u00ed. Kapacita \u0161kolky je sto d\u011bt\u00ed ve \u010dty\u0159ech t\u0159\u00edd\u00e1ch.<\/p>\n\n\n\n<div style=\"height:20px\" aria-hidden=\"true\" class=\"wp-block-spacer\"><\/div>\n\n\n\n<p>Ale i&nbsp;ta nejkr\u00e1sn\u011bj\u0161\u00ed budova by bez lid\u00ed nebyla ni\u010d\u00edm. Pr\u00e1v\u011b proto pat\u0159\u00ed velk\u00e9 d\u00edky pan\u00ed \u0159editelce a&nbsp;cel\u00e9mu t\u00fdmu u\u010ditelek, kter\u00e9 b\u011bhem n\u011bkolika m\u00e1lo dn\u00ed p\u0159ipravily \u0161kolku tak, aby mohla 1.&nbsp;z\u00e1\u0159\u00ed opravdu o\u017e\u00edt.<\/p>\n\n\n\n<div style=\"height:20px\" aria-hidden=\"true\" class=\"wp-block-spacer\"><\/div>\n\n\n\n<p>Z\u00e1zem\u00ed pro d\u011bti dnes mus\u00ed b\u00fdt v\u00edc ne\u017e jen funk\u010dn\u00ed. Mus\u00ed b\u00fdt bezpe\u010dn\u00e9, otev\u0159en\u00e9 a&nbsp;kvalitn\u00ed. A&nbsp;to n\u011bco stoj\u00ed.<\/p>\n\n\n\n<div style=\"height:20px\" aria-hidden=\"true\" class=\"wp-block-spacer\"><\/div>\n\n\n\n<p><img loading=\"lazy\" decoding=\"async\" height=\"16\" width=\"16\" src=\"https:\/\/static.xx.fbcdn.net\/images\/emoji.php\/v9\/t6e\/1\/16\/1f4ac.png\" alt=\"\ud83d\udcac\"> \u201eInvestice do \u0161kolstv\u00ed tradi\u010dn\u011b pat\u0159\u00ed k&nbsp;nejvy\u0161\u0161\u00edm polo\u017ek\u00e1m v&nbsp;rozpo\u010dtu Prahy 6. Jen letos bylo na \u0161koly a&nbsp;\u0161kolky, jejich stavby a&nbsp;rekonstrukce p\u0159ipraveno 205 milion\u016f korun. Dal\u0161\u00edmi miliony p\u0159isp\u011blo na v\u00fdstavbu hlavn\u00ed m\u011bsto nebo developersk\u00e9 firmy v&nbsp;r\u00e1mci takzvan\u00fdch kontribuc\u00ed. Celkov\u00e9 investice do \u0161koln\u00edch staveb by se tak m\u011bly za tento rok pohybovat kolem 278 milion\u016f korun,\u201c dod\u00e1v\u00e1 <a href=\"https:\/\/www.facebook.com\/capkovamariana?__cft__[0]=AZajHrX3Uyz5PgpWJbCFaBF6cctkr81wAKiiD8nIiKF4b80gwK_---NtmzNOlzRMhOWItcBIa-18ubhY3Io3jE4rEbatrX0-9Lptczio-pgA2_26IfpeodqSK5ZLCYhNZTqfr99f8-tUvT-RUKNafMrefcknsfEjUjLWk1kwYSnPzA&amp;__tn__=-]K-R\">Mariana \u010capkov\u00e1 &#8211; m\u00edstostarostka Prahy 6<\/a>, pro \u0161kolstv\u00ed a&nbsp;investice ve \u0161kolstv\u00ed.<\/p>\n\n\n\n<div style=\"height:20px\" aria-hidden=\"true\" class=\"wp-block-spacer\"><\/div>\n\n\n\n<p>\u0160kolka ve Vokovic\u00edch je sou\u010d\u00e1st\u00ed na\u0161\u00ed dlouhodob\u00e9 snahy rozv\u00edjet \u0161kolstv\u00ed v&nbsp;Praze 6. Nejde o&nbsp;jednor\u00e1zov\u00e9 gesto, ale o&nbsp;pokra\u010dov\u00e1n\u00ed v&nbsp;pr\u00e1ci, kter\u00e1 m\u00e1 jasn\u00fd c\u00edl. Aby ka\u017ed\u00e9 d\u00edt\u011b m\u011blo v&nbsp;na\u0161\u00ed m\u011bstsk\u00e9 \u010d\u00e1sti m\u00edsto, kde m\u016f\u017ee bezpe\u010dn\u011b za\u010d\u00edt svou cestu \u017eivotem.<\/p>\n\n\n\n<div style=\"height:20px\" aria-hidden=\"true\" class=\"wp-block-spacer\"><\/div>\n\n\n\n<p><img loading=\"lazy\" decoding=\"async\" height=\"16\" width=\"16\" src=\"https:\/\/static.xx.fbcdn.net\/images\/emoji.php\/v9\/tfe\/1\/16\/1f44f.png\" alt=\"\ud83d\udc4f\"> Tak\u017ee d\u00edky v\u0161em, co se na tomhle projektu pod\u00edleli. Od architekt\u016f a&nbsp;projektant\u016f, p\u0159es stava\u0159e a&nbsp;\u00fa\u0159edn\u00edky, a\u017e po&nbsp;pan\u00ed u\u010ditelky, kter\u00e9 to cel\u00e9 dot\u00e1hly do konce. A&nbsp;hlavn\u011b: v\u00edtejte, d\u011bti. A\u0165 se v\u00e1m tady dob\u0159e roste.<\/p>\n\n\n\n<div style=\"height:20px\" aria-hidden=\"true\" class=\"wp-block-spacer\"><\/div>\n\n\n\n<p>Koukn\u011bte se na fotky ze slavnostn\u00edho otev\u0159en\u00ed! <img loading=\"lazy\" decoding=\"async\" height=\"16\" width=\"16\" alt=\"\ud83d\udcf8\" src=\"https:\/\/static.xx.fbcdn.net\/images\/emoji.php\/v9\/tde\/1\/16\/1f4f8.png\"><\/p>\n\n\n\n<figure class=\"wp-block-gallery has-nested-images columns-default is-cropped wp-block-gallery-1 is-layout-flex wp-block-gallery-is-layout-flex\">\n<figure class=\"wp-block-image size-large\"><img loading=\"lazy\" decoding=\"async\" width=\"768\" height=\"1024\" data-id=\"2071\" src=\"https:\/\/prahasobe.cz\/praha6sobe\/wp-content\/uploads\/sites\/5\/2026\/04\/542758223_771790518773714_8388189027932733003_n-768x1024.jpg\" alt=\"\" class=\"wp-image-2071\" srcset=\"https:\/\/prahasobe.cz\/praha6sobe\/wp-content\/uploads\/sites\/5\/2026\/04\/542758223_771790518773714_8388189027932733003_n-768x1024.jpg 768w, https:\/\/prahasobe.cz\/praha6sobe\/wp-content\/uploads\/sites\/5\/2026\/04\/542758223_771790518773714_8388189027932733003_n-225x300.jpg 225w, https:\/\/prahasobe.cz\/praha6sobe\/wp-content\/uploads\/sites\/5\/2026\/04\/542758223_771790518773714_8388189027932733003_n-1152x1536.jpg 1152w, https:\/\/prahasobe.cz\/praha6sobe\/wp-content\/uploads\/sites\/5\/2026\/04\/542758223_771790518773714_8388189027932733003_n.jpg 1536w\" sizes=\"auto, (max-width: 768px) 100vw, 768px\" \/><\/figure>\n\n\n\n<figure class=\"wp-block-image size-large\"><img loading=\"lazy\" decoding=\"async\" width=\"1024\" height=\"768\" data-id=\"2070\" src=\"https:\/\/prahasobe.cz\/praha6sobe\/wp-content\/uploads\/sites\/5\/2026\/04\/542104649_771790415440391_3335641814718775014_n-1024x768.jpg\" alt=\"\" class=\"wp-image-2070\" srcset=\"https:\/\/prahasobe.cz\/praha6sobe\/wp-content\/uploads\/sites\/5\/2026\/04\/542104649_771790415440391_3335641814718775014_n-1024x768.jpg 1024w, https:\/\/prahasobe.cz\/praha6sobe\/wp-content\/uploads\/sites\/5\/2026\/04\/542104649_771790415440391_3335641814718775014_n-300x225.jpg 300w, https:\/\/prahasobe.cz\/praha6sobe\/wp-content\/uploads\/sites\/5\/2026\/04\/542104649_771790415440391_3335641814718775014_n-768x576.jpg 768w, https:\/\/prahasobe.cz\/praha6sobe\/wp-content\/uploads\/sites\/5\/2026\/04\/542104649_771790415440391_3335641814718775014_n-1536x1152.jpg 1536w, https:\/\/prahasobe.cz\/praha6sobe\/wp-content\/uploads\/sites\/5\/2026\/04\/542104649_771790415440391_3335641814718775014_n.jpg 2048w\" sizes=\"auto, (max-width: 1024px) 100vw, 1024px\" \/><\/figure>\n\n\n\n<figure class=\"wp-block-image size-large\"><img loading=\"lazy\" decoding=\"async\" width=\"1024\" height=\"768\" data-id=\"2076\" src=\"https:\/\/prahasobe.cz\/praha6sobe\/wp-content\/uploads\/sites\/5\/2026\/04\/542752926_771790355440397_7061118541831352294_n-1024x768.jpg\" alt=\"\" class=\"wp-image-2076\" srcset=\"https:\/\/prahasobe.cz\/praha6sobe\/wp-content\/uploads\/sites\/5\/2026\/04\/542752926_771790355440397_7061118541831352294_n-1024x768.jpg 1024w, https:\/\/prahasobe.cz\/praha6sobe\/wp-content\/uploads\/sites\/5\/2026\/04\/542752926_771790355440397_7061118541831352294_n-300x225.jpg 300w, https:\/\/prahasobe.cz\/praha6sobe\/wp-content\/uploads\/sites\/5\/2026\/04\/542752926_771790355440397_7061118541831352294_n-768x576.jpg 768w, https:\/\/prahasobe.cz\/praha6sobe\/wp-content\/uploads\/sites\/5\/2026\/04\/542752926_771790355440397_7061118541831352294_n-1536x1152.jpg 1536w, https:\/\/prahasobe.cz\/praha6sobe\/wp-content\/uploads\/sites\/5\/2026\/04\/542752926_771790355440397_7061118541831352294_n.jpg 2048w\" sizes=\"auto, (max-width: 1024px) 100vw, 1024px\" \/><\/figure>\n\n\n\n<figure class=\"wp-block-image size-large\"><img loading=\"lazy\" decoding=\"async\" width=\"768\" height=\"1024\" data-id=\"2074\" src=\"https:\/\/prahasobe.cz\/praha6sobe\/wp-content\/uploads\/sites\/5\/2026\/04\/543124685_771790292107070_4579348103407480033_n-1-1-768x1024.jpg\" alt=\"\" class=\"wp-image-2074\" srcset=\"https:\/\/prahasobe.cz\/praha6sobe\/wp-content\/uploads\/sites\/5\/2026\/04\/543124685_771790292107070_4579348103407480033_n-1-1-768x1024.jpg 768w, https:\/\/prahasobe.cz\/praha6sobe\/wp-content\/uploads\/sites\/5\/2026\/04\/543124685_771790292107070_4579348103407480033_n-1-1-225x300.jpg 225w, https:\/\/prahasobe.cz\/praha6sobe\/wp-content\/uploads\/sites\/5\/2026\/04\/543124685_771790292107070_4579348103407480033_n-1-1-1152x1536.jpg 1152w, https:\/\/prahasobe.cz\/praha6sobe\/wp-content\/uploads\/sites\/5\/2026\/04\/543124685_771790292107070_4579348103407480033_n-1-1.jpg 1536w\" sizes=\"auto, (max-width: 768px) 100vw, 768px\" \/><\/figure>\n\n\n\n<figure class=\"wp-block-image size-large\"><img loading=\"lazy\" decoding=\"async\" width=\"1024\" height=\"768\" data-id=\"2072\" src=\"https:\/\/prahasobe.cz\/praha6sobe\/wp-content\/uploads\/sites\/5\/2026\/04\/542752386_771790245440408_3018230147366525265_n-1-1024x768.jpg\" alt=\"\" class=\"wp-image-2072\" srcset=\"https:\/\/prahasobe.cz\/praha6sobe\/wp-content\/uploads\/sites\/5\/2026\/04\/542752386_771790245440408_3018230147366525265_n-1-1024x768.jpg 1024w, https:\/\/prahasobe.cz\/praha6sobe\/wp-content\/uploads\/sites\/5\/2026\/04\/542752386_771790245440408_3018230147366525265_n-1-300x225.jpg 300w, https:\/\/prahasobe.cz\/praha6sobe\/wp-content\/uploads\/sites\/5\/2026\/04\/542752386_771790245440408_3018230147366525265_n-1-768x576.jpg 768w, https:\/\/prahasobe.cz\/praha6sobe\/wp-content\/uploads\/sites\/5\/2026\/04\/542752386_771790245440408_3018230147366525265_n-1-1536x1152.jpg 1536w, https:\/\/prahasobe.cz\/praha6sobe\/wp-content\/uploads\/sites\/5\/2026\/04\/542752386_771790245440408_3018230147366525265_n-1.jpg 2048w\" sizes=\"auto, (max-width: 1024px) 100vw, 1024px\" \/><\/figure>\n\n\n\n<figure class=\"wp-block-image size-large\"><img loading=\"lazy\" decoding=\"async\" width=\"768\" height=\"1024\" data-id=\"2075\" src=\"https:\/\/prahasobe.cz\/praha6sobe\/wp-content\/uploads\/sites\/5\/2026\/04\/543124685_771790292107070_4579348103407480033_n-2-768x1024.jpg\" alt=\"\" class=\"wp-image-2075\" srcset=\"https:\/\/prahasobe.cz\/praha6sobe\/wp-content\/uploads\/sites\/5\/2026\/04\/543124685_771790292107070_4579348103407480033_n-2-768x1024.jpg 768w, https:\/\/prahasobe.cz\/praha6sobe\/wp-content\/uploads\/sites\/5\/2026\/04\/543124685_771790292107070_4579348103407480033_n-2-225x300.jpg 225w, https:\/\/prahasobe.cz\/praha6sobe\/wp-content\/uploads\/sites\/5\/2026\/04\/543124685_771790292107070_4579348103407480033_n-2-1152x1536.jpg 1152w, https:\/\/prahasobe.cz\/praha6sobe\/wp-content\/uploads\/sites\/5\/2026\/04\/543124685_771790292107070_4579348103407480033_n-2.jpg 1536w\" sizes=\"auto, (max-width: 768px) 100vw, 768px\" \/><\/figure>\n\n\n\n<figure class=\"wp-block-image size-large\"><img loading=\"lazy\" decoding=\"async\" width=\"768\" height=\"1024\" data-id=\"2073\" src=\"https:\/\/prahasobe.cz\/praha6sobe\/wp-content\/uploads\/sites\/5\/2026\/04\/541781029_771790218773744_3776054796021935081_n-1-768x1024.jpg\" alt=\"\" class=\"wp-image-2073\" srcset=\"https:\/\/prahasobe.cz\/praha6sobe\/wp-content\/uploads\/sites\/5\/2026\/04\/541781029_771790218773744_3776054796021935081_n-1-768x1024.jpg 768w, https:\/\/prahasobe.cz\/praha6sobe\/wp-content\/uploads\/sites\/5\/2026\/04\/541781029_771790218773744_3776054796021935081_n-1-225x300.jpg 225w, https:\/\/prahasobe.cz\/praha6sobe\/wp-content\/uploads\/sites\/5\/2026\/04\/541781029_771790218773744_3776054796021935081_n-1-1152x1536.jpg 1152w, https:\/\/prahasobe.cz\/praha6sobe\/wp-content\/uploads\/sites\/5\/2026\/04\/541781029_771790218773744_3776054796021935081_n-1.jpg 1536w\" sizes=\"auto, (max-width: 768px) 100vw, 768px\" \/><\/figure>\n<\/figure>\n","protected":false},"excerpt":{"rendered":"<p>1.&nbsp;z\u00e1\u0159\u00ed Praha 6 otev\u0159ela novou \u0161kolku ve Vokovic\u00edch a&nbsp;je tak kr\u00e1sn\u00e1, \u017ee se z&nbsp;n\u00ed d\u011btem nebude cht\u00edt dom\u016f. A&nbsp;up\u0159\u00edmn\u011b? Dosp\u011bl\u00fdm taky ne. Architekti tady vytvo\u0159ili prostor, kter\u00fd nen\u00ed jen funk\u010dn\u00ed, ale dechberouc\u00ed. Stoj\u00ed na m\u00edst\u011b p\u016fvodn\u00ed \u0161kolky, ale je \u00fapln\u011b nov\u00e1. Sv\u011btl\u00e1, otev\u0159en\u00e1, navr\u017een\u00e1 s&nbsp;respektem k&nbsp;d\u011btem i&nbsp;okol\u00ed. Architekti z&nbsp;Atelier Sever sem pustili sv\u011btlo, zele\u0148 a&nbsp;klid. [&hellip;]<\/p>\n","protected":false},"author":9,"featured_media":2065,"comment_status":"open","ping_status":"open","sticky":false,"template":"","format":"standard","meta":{"_acf_changed":false,"inline_featured_image":false,"footnotes":""},"categories":[4],"tags":[],"class_list":["post-2063","post","type-post","status-publish","format-standard","has-post-thumbnail","hentry","category-news"],"acf":[],"aioseo_notices":[],"distributor_meta":false,"distributor_terms":false,"distributor_media":false,"distributor_original_site_name":"Praha6Sob\u011b","distributor_original_site_url":"https:\/\/prahasobe.cz\/praha6sobe","push-errors":false,"_links":{"self":[{"href":"https:\/\/prahasobe.cz\/praha6sobe\/wp-json\/wp\/v2\/posts\/2063","targetHints":{"allow":["GET"]}}],"collection":[{"href":"https:\/\/prahasobe.cz\/praha6sobe\/wp-json\/wp\/v2\/posts"}],"about":[{"href":"https:\/\/prahasobe.cz\/praha6sobe\/wp-json\/wp\/v2\/types\/post"}],"author":[{"embeddable":true,"href":"https:\/\/prahasobe.cz\/praha6sobe\/wp-json\/wp\/v2\/users\/9"}],"replies":[{"embeddable":true,"href":"https:\/\/prahasobe.cz\/praha6sobe\/wp-json\/wp\/v2\/comments?post=2063"}],"version-history":[{"count":2,"href":"https:\/\/prahasobe.cz\/praha6sobe\/wp-json\/wp\/v2\/posts\/2063\/revisions"}],"predecessor-version":[{"id":2077,"href":"https:\/\/prahasobe.cz\/praha6sobe\/wp-json\/wp\/v2\/posts\/2063\/revisions\/2077"}],"wp:featuredmedia":[{"embeddable":true,"href":"https:\/\/prahasobe.cz\/praha6sobe\/wp-json\/wp\/v2\/media\/2065"}],"wp:attachment":[{"href":"https:\/\/prahasobe.cz\/praha6sobe\/wp-json\/wp\/v2\/media?parent=2063"}],"wp:term":[{"taxonomy":"category","embeddable":true,"href":"https:\/\/prahasobe.cz\/praha6sobe\/wp-json\/wp\/v2\/categories?post=2063"},{"taxonomy":"post_tag","embeddable":true,"href":"https:\/\/prahasobe.cz\/praha6sobe\/wp-json\/wp\/v2\/tags?post=2063"}],"curies":[{"name":"wp","href":"https:\/\/api.w.org\/{rel}","templated":true}]}}