{"id":2050,"date":"2025-10-21T09:33:00","date_gmt":"2025-10-21T09:33:00","guid":{"rendered":"https:\/\/prahasobe.cz\/praha6sobe\/?p=2050"},"modified":"2026-04-26T09:33:53","modified_gmt":"2026-04-26T09:33:53","slug":"napad-pro-sestku-je-zpet-a-tentokrat-poradne-nabusenej","status":"publish","type":"post","link":"https:\/\/prahasobe.cz\/praha6sobe\/2025\/10\/21\/napad-pro-sestku-je-zpet-a-tentokrat-poradne-nabusenej\/","title":{"rendered":"N\u00e1pad pro \u0160estku je zp\u011bt \u2013 a&nbsp;tentokr\u00e1t po\u0159\u00e1dn\u011b nabu\u0161enej!"},"content":{"rendered":"\n<p>M\u00e1te v&nbsp;hlav\u011b n\u00e1pad, jak vylep\u0161it ve\u0159ejn\u00fd prostor v&nbsp;Praze 6? Chcete v\u00edc zelen\u011b, lep\u0161\u00ed h\u0159i\u0161t\u011b, komunitn\u00ed zahradu nebo t\u0159eba nov\u00fd mobili\u00e1\u0159? Te\u010f je va\u0161e chv\u00edle zaz\u00e1\u0159it \u2013 pr\u00e1v\u011b startuje u\u017e \u0161est\u00fd ro\u010dn\u00edk participativn\u00edho projektu N\u00e1pad pro \u0160estku, ve kter\u00e9m m\u016f\u017ee va\u0161e my\u0161lenka p\u0159er\u016fst v&nbsp;re\u00e1lnou zm\u011bnu. A&nbsp;co je na tom nejlep\u0161\u00ed? Na realizaci n\u00e1pad\u016f je p\u0159ipraveno 6 milion\u016f korun!<\/p>\n\n\n\n<div style=\"height:20px\" aria-hidden=\"true\" class=\"wp-block-spacer\"><\/div>\n\n\n\n<p>Z toho p\u016fjde 3,6 milionu korun na takzvan\u00e9 velk\u00e9 n\u00e1pady a&nbsp;2,4 milionu na mal\u00e9. A&nbsp;letos poprv\u00e9 jsou nav\u00fd\u0161en\u00e9 limity. Mal\u00fd projekt m\u016f\u017ee st\u00e1t a\u017e 600&nbsp;000 korun, ten velk\u00fd a\u017e 2 miliony. \u017d\u00e1dn\u00e9 drobnosti, tady m\u016f\u017eete rozjet po\u0159\u00e1dnou prom\u011bnu! M\u011bstsk\u00e1 \u010d\u00e1st t\u00edm chce d\u00e1t lidem v\u00edc prostoru pro kreativitu. \u017d\u00e1dn\u00e9 svazov\u00e1n\u00ed rukou. Pokud m\u00e1\u0161 n\u00e1pad, te\u010f je \u010das ho pustit ven.<\/p>\n\n\n\n<div style=\"height:20px\" aria-hidden=\"true\" class=\"wp-block-spacer\"><\/div>\n\n\n\n<p><img loading=\"lazy\" decoding=\"async\" height=\"16\" width=\"16\" alt=\"\ud83d\udfe1\" src=\"https:\/\/static.xx.fbcdn.net\/images\/emoji.php\/v9\/t7b\/1\/16\/1f7e1.png\"> Co se m\u011bn\u00ed a&nbsp;co z\u016fst\u00e1v\u00e1<\/p>\n\n\n\n<div style=\"height:20px\" aria-hidden=\"true\" class=\"wp-block-spacer\"><\/div>\n\n\n\n<p>Novinkou je taky nov\u00fd web projektu, kter\u00fd te\u010f lad\u00ed s&nbsp;vizu\u00e1ln\u00ed identitou Prahy 6, ale z\u00e1rove\u0148 z\u016fst\u00e1v\u00e1 kreativn\u00ed a&nbsp;funk\u010dn\u00ed. V\u0161e pot\u0159ebn\u00e9 najdete p\u0159ehledn\u011b na <a href=\"https:\/\/l.facebook.com\/l.php?u=https%3A%2F%2Fwww.napadprosestku.cz%2F&amp;h=AT55ymjpBDywEZglTqOVAjkKJ1kIhgG5r6phGm3UT9Rzdh5RZKp53kpLbrcSreVsQPeztPkGqQg4PvmDTh_cOBsaCcWF1z9GZlrEXow71obzybC-rdGAdAF1zmHoGJZP5p-ivHehMCvepgsQArY0s06XaN-Jmniq2GORnOCmQy9XGeJT&amp;__tn__=-UK-R&amp;c[0]=AT4Ker_L55wzs6zFX875PKF4TC80K5uZBlbf0-kz-yPoc-njv9_IoxHyGiHJFV7y0HFRZcAgK5B_TVlRsLFGOa5dKPWDO9MS5nQVdX9gNtUrwEVSD1jjzJgaeniL7MsQjNo5IXfQyDDsVDb7yuUAzbFbeh6Ckjb6E9NcpdnOx3iOTdizrIptOp48n7NpJA\" rel=\"noreferrer noopener\" target=\"_blank\">www.napadprosestku.cz<\/a><\/p>\n\n\n\n<div style=\"height:20px\" aria-hidden=\"true\" class=\"wp-block-spacer\"><\/div>\n\n\n\n<p>Z\u00e1sadn\u00ed ale z\u016fst\u00e1v\u00e1 jedna v\u011bc: zapojit se m\u016f\u017ee kdokoli, kdo \u017eije, studuje nebo pracuje na Praze 6. Sta\u010d\u00ed b\u00fdt star\u0161\u00ed 15 let a&nbsp;p\u0159idat si k&nbsp;n\u00e1vrhu je\u0161t\u011b jednoho spoluautora. Oba uvedete sv\u00e9 jm\u00e9no, kontakty a&nbsp;podep\u00ed\u0161ete n\u00e1vrh.<\/p>\n\n\n\n<div style=\"height:20px\" aria-hidden=\"true\" class=\"wp-block-spacer\"><\/div>\n\n\n\n<p>N\u00e1pady mus\u00ed b\u00fdt realizovateln\u00e9 na ve\u0159ejn\u011b p\u0159\u00edstupn\u00fdch pozemc\u00edch, kter\u00e9 vlastn\u00ed nebo spravuje Praha 6. V&nbsp;n\u011bkter\u00fdch p\u0159\u00edpadech m\u016f\u017ee j\u00edt i&nbsp;o&nbsp;jin\u00e9 vlastn\u00edky \u2013 ale jen pokud se b\u011bhem hodnocen\u00ed poda\u0159\u00ed zajistit jejich souhlas.<\/p>\n\n\n\n<div style=\"height:20px\" aria-hidden=\"true\" class=\"wp-block-spacer\"><\/div>\n\n\n\n<p><img loading=\"lazy\" decoding=\"async\" height=\"16\" width=\"16\" alt=\"\ud83d\udfe1\" src=\"https:\/\/static.xx.fbcdn.net\/images\/emoji.php\/v9\/t7b\/1\/16\/1f7e1.png\"> Co mus\u00edte dodat k&nbsp;n\u00e1vrhu<\/p>\n\n\n\n<div style=\"height:20px\" aria-hidden=\"true\" class=\"wp-block-spacer\"><\/div>\n\n\n\n<p>Aby byl v\u00e1\u0161 n\u00e1pad za\u0159azen do v\u00fdb\u011bru, mus\u00edte k&nbsp;n\u011bmu dodat:<\/p>\n\n\n\n<div style=\"height:20px\" aria-hidden=\"true\" class=\"wp-block-spacer\"><\/div>\n\n\n\n<p><img loading=\"lazy\" decoding=\"async\" height=\"16\" width=\"16\" alt=\"\ud83d\udccc\" src=\"https:\/\/static.xx.fbcdn.net\/images\/emoji.php\/v9\/tac\/1\/16\/1f4cc.png\"> N\u00e1zev a&nbsp;kr\u00e1tkou anotaci (max. 500 znak\u016f \u2013 slou\u017e\u00ed k&nbsp;propagaci)<\/p>\n\n\n\n<p><img loading=\"lazy\" decoding=\"async\" height=\"16\" width=\"16\" alt=\"\ud83d\uddbc\ufe0f\" src=\"https:\/\/static.xx.fbcdn.net\/images\/emoji.php\/v9\/t4e\/1\/16\/1f5bc.png\"> Ilustra\u010dn\u00ed obr\u00e1zek nebo fotku<\/p>\n\n\n\n<p><img loading=\"lazy\" decoding=\"async\" height=\"16\" width=\"16\" alt=\"\ud83d\udccd\" src=\"https:\/\/static.xx.fbcdn.net\/images\/emoji.php\/v9\/t2d\/1\/16\/1f4cd.png\"> P\u0159esnou lokalitu (max. 5 m\u00edst, pokud se n\u00e1vrh t\u00fdk\u00e1 v\u00edce lokalit)<\/p>\n\n\n\n<p><img loading=\"lazy\" decoding=\"async\" height=\"16\" width=\"16\" alt=\"\ud83d\udd27\" src=\"https:\/\/static.xx.fbcdn.net\/images\/emoji.php\/v9\/t52\/1\/16\/1f527.png\"> Popis sou\u010dasn\u00e9ho stavu a&nbsp;jak by ho n\u00e1vrh m\u011bl zm\u011bnit<\/p>\n\n\n\n<p><img loading=\"lazy\" decoding=\"async\" height=\"16\" width=\"16\" alt=\"\ud83d\udcb0\" src=\"https:\/\/static.xx.fbcdn.net\/images\/emoji.php\/v9\/t5a\/1\/16\/1f4b0.png\"> P\u0159edb\u011b\u017en\u00fd rozpo\u010det (ide\u00e1ln\u011b i&nbsp;polo\u017ekov\u00fd)<\/p>\n\n\n\n<p><img loading=\"lazy\" decoding=\"async\" height=\"16\" width=\"16\" alt=\"\ud83d\udcf7\" src=\"https:\/\/static.xx.fbcdn.net\/images\/emoji.php\/v9\/t5d\/1\/16\/1f4f7.png\"> Fotky, vizualizace, grafiku \u2013 pokud jsou k&nbsp;dispozici<\/p>\n\n\n\n<p><img loading=\"lazy\" decoding=\"async\" height=\"16\" width=\"16\" alt=\"\u26a0\ufe0f\" src=\"https:\/\/static.xx.fbcdn.net\/images\/emoji.php\/v9\/tdc\/1\/16\/26a0.png\"> Odpov\u011b\u010f na ot\u00e1zku, jestli by n\u00e1vrh mohl n\u011bkoho ru\u0161it (nap\u0159.&nbsp;sousedy, spole\u010denstv\u00ed apod.)<\/p>\n\n\n\n<div style=\"height:20px\" aria-hidden=\"true\" class=\"wp-block-spacer\"><\/div>\n\n\n\n<p><img loading=\"lazy\" decoding=\"async\" height=\"16\" width=\"16\" alt=\"\ud83d\udfe1\" src=\"https:\/\/static.xx.fbcdn.net\/images\/emoji.php\/v9\/t7b\/1\/16\/1f7e1.png\"> Kdy, kde, jak<\/p>\n\n\n\n<div style=\"height:20px\" aria-hidden=\"true\" class=\"wp-block-spacer\"><\/div>\n\n\n\n<p><img loading=\"lazy\" decoding=\"async\" height=\"16\" width=\"16\" alt=\"\ud83d\udcc5\" src=\"https:\/\/static.xx.fbcdn.net\/images\/emoji.php\/v9\/t7e\/1\/16\/1f4c5.png\"> N\u00e1vrhy m\u016f\u017eete pod\u00e1vat od 20.&nbsp;\u0159\u00edjna do 1.&nbsp;prosince 2025.<\/p>\n\n\n\n<div style=\"height:20px\" aria-hidden=\"true\" class=\"wp-block-spacer\"><\/div>\n\n\n\n<p><img loading=\"lazy\" decoding=\"async\" height=\"16\" width=\"16\" alt=\"\ud83d\udcac\" src=\"https:\/\/static.xx.fbcdn.net\/images\/emoji.php\/v9\/t6e\/1\/16\/1f4ac.png\"> Pokud si nejste jisti, jestli v\u00e1\u0161 n\u00e1pad spl\u0148uje podm\u00ednky, doporu\u010dujeme v\u0161e konzultovat s&nbsp;participa\u010dn\u00edm t\u00fdmem radnice. Pom\u016f\u017eou v\u00e1m vyjasnit technick\u00e9 detaily i&nbsp;p\u0159\u00edpadn\u00e9 p\u0159ek\u00e1\u017eky.<\/p>\n\n\n\n<div style=\"height:20px\" aria-hidden=\"true\" class=\"wp-block-spacer\"><\/div>\n\n\n\n<p>Zajd\u011bte osobn\u011b nap\u0159\u00edklad 29.&nbsp;\u0159\u00edjna od 17 hodin do P\u00edseck\u00e9 br\u00e1ny. Bude tam prostor pro konzultace, dotazy i&nbsp;lad\u011bn\u00ed n\u00e1vrh\u016f.<\/p>\n\n\n\n<div style=\"height:20px\" aria-hidden=\"true\" class=\"wp-block-spacer\"><\/div>\n\n\n\n<p>Po uz\u00e1v\u011brce n\u00e1vrh\u016f p\u0159ich\u00e1z\u00ed \u010das na posuzov\u00e1n\u00ed proveditelnosti v&nbsp;obdob\u00ed od prosince 2025 do dubna 2026. N\u00e1sledn\u011b prob\u011bhne ve\u0159ejn\u00e9 hlasov\u00e1n\u00ed v&nbsp;kv\u011btnu 2026 a&nbsp;na z\u00e1v\u011br vyhl\u00e1s\u00edme v\u00edt\u011bzn\u00e9 n\u00e1pady v&nbsp;pr\u016fb\u011bhu \u010dervna 2026.<\/p>\n\n\n\n<div style=\"height:20px\" aria-hidden=\"true\" class=\"wp-block-spacer\"><\/div>\n\n\n\n<p><img loading=\"lazy\" decoding=\"async\" height=\"16\" width=\"16\" alt=\"\ud83d\udfe1\" src=\"https:\/\/static.xx.fbcdn.net\/images\/emoji.php\/v9\/t7b\/1\/16\/1f7e1.png\"> Jak n\u00e1vrh podat<\/p>\n\n\n\n<div style=\"height:20px\" aria-hidden=\"true\" class=\"wp-block-spacer\"><\/div>\n\n\n\n<p><img loading=\"lazy\" decoding=\"async\" height=\"16\" width=\"16\" alt=\"\ud83d\udce5\" src=\"https:\/\/static.xx.fbcdn.net\/images\/emoji.php\/v9\/tbc\/1\/16\/1f4e5.png\"> Elektronicky p\u0159es formul\u00e1\u0159 na <a href=\"https:\/\/l.facebook.com\/l.php?u=https%3A%2F%2Fwww.napadprosestku.cz%2F&amp;h=AT55ymjpBDywEZglTqOVAjkKJ1kIhgG5r6phGm3UT9Rzdh5RZKp53kpLbrcSreVsQPeztPkGqQg4PvmDTh_cOBsaCcWF1z9GZlrEXow71obzybC-rdGAdAF1zmHoGJZP5p-ivHehMCvepgsQArY0s06XaN-Jmniq2GORnOCmQy9XGeJT&amp;__tn__=-UK-R&amp;c[0]=AT4Ker_L55wzs6zFX875PKF4TC80K5uZBlbf0-kz-yPoc-njv9_IoxHyGiHJFV7y0HFRZcAgK5B_TVlRsLFGOa5dKPWDO9MS5nQVdX9gNtUrwEVSD1jjzJgaeniL7MsQjNo5IXfQyDDsVDb7yuUAzbFbeh6Ckjb6E9NcpdnOx3iOTdizrIptOp48n7NpJA\" rel=\"noreferrer noopener\" target=\"_blank\">www.napadprosestku.cz<\/a><\/p>\n\n\n\n<div style=\"height:20px\" aria-hidden=\"true\" class=\"wp-block-spacer\"><\/div>\n\n\n\n<p><img loading=\"lazy\" decoding=\"async\" height=\"16\" width=\"16\" alt=\"\ud83d\udce6\" src=\"https:\/\/static.xx.fbcdn.net\/images\/emoji.php\/v9\/t3d\/1\/16\/1f4e6.png\"> Pap\u00edrov\u011b v&nbsp;zalepen\u00e9 ob\u00e1lce ozna\u010den\u00e9 \u201eN\u00e1pad pro \u0160estku VI \u2013 NEOTV\u00cdRAT\u201c, doru\u010den\u00e9 nebo zaslan\u00e9 na adresu:<\/p>\n\n\n\n<p>Kancel\u00e1\u0159 starosty, \u010cs. arm\u00e1dy 23, 160&nbsp;00 Praha 6<\/p>\n\n\n\n<p><img loading=\"lazy\" decoding=\"async\" height=\"16\" width=\"16\" alt=\"\ud83d\udfe1\" src=\"https:\/\/static.xx.fbcdn.net\/images\/emoji.php\/v9\/t7b\/1\/16\/1f7e1.png\"> Te\u010f je \u0159ada na v\u00e1s<\/p>\n\n\n\n<p>Mluvili jste n\u011bkdy s&nbsp;kamar\u00e1dy u&nbsp;piva, \u017ee by tohle m\u00edsto zaslou\u017eilo lep\u0161\u00ed lavi\u010dky? \u017de tady chyb\u00ed stromy? \u017de by se hodil komunitn\u00ed prostor, h\u0159i\u0161t\u011b nebo ve\u0159ejn\u00fd gril?<\/p>\n\n\n\n<div style=\"height:20px\" aria-hidden=\"true\" class=\"wp-block-spacer\"><\/div>\n\n\n\n<p>Tak m\u00edsto \u0159e\u010d\u00ed to poj\u010fte zm\u011bnit. Praha 6 v\u00e1m d\u00e1v\u00e1 do rukou n\u00e1stroj i&nbsp;pen\u00edze. Vy u\u017e jen mus\u00edte p\u0159ij\u00edt s&nbsp;n\u00e1padem.<\/p>\n\n\n\n<div style=\"height:20px\" aria-hidden=\"true\" class=\"wp-block-spacer\"><\/div>\n\n\n\n<p>Nenech to ule\u017eet. Tvoje \u010dtvr\u0165 \u010dek\u00e1!<\/p>\n\n\n\n<p><img loading=\"lazy\" decoding=\"async\" height=\"16\" width=\"16\" alt=\"\ud83e\udd1d\" src=\"https:\/\/static.xx.fbcdn.net\/images\/emoji.php\/v9\/t64\/1\/16\/1f91d.png\"><img loading=\"lazy\" decoding=\"async\" height=\"16\" width=\"16\" alt=\"\ud83d\udc4d\" src=\"https:\/\/static.xx.fbcdn.net\/images\/emoji.php\/v9\/tfc\/1\/16\/1f44d.png\"><a href=\"https:\/\/www.facebook.com\/PRAHASOBE.CZ?__cft__[0]=AZY_2vj3K5egm6WBztWav8BXmVJ7sZcKWaiEa8QIG_w5Xioi9kNTIKvqw3H45JTwTVLtXNTofHamRw2N8z1iT28XxZZRuNWXUfuibGr_-1zut4BdHNpbk_b5KznYYHbvzrV_bJcEePuQEXW9Eog2aYrg4b3DodMqmBQaTfXlEmU0xA&amp;__tn__=-]K-R\">PRAHA SOB\u011a<\/a> | <a href=\"https:\/\/www.facebook.com\/Praha6?__cft__[0]=AZY_2vj3K5egm6WBztWav8BXmVJ7sZcKWaiEa8QIG_w5Xioi9kNTIKvqw3H45JTwTVLtXNTofHamRw2N8z1iT28XxZZRuNWXUfuibGr_-1zut4BdHNpbk_b5KznYYHbvzrV_bJcEePuQEXW9Eog2aYrg4b3DodMqmBQaTfXlEmU0xA&amp;__tn__=-]K-R\">Praha 6<\/a> |<a href=\"https:\/\/www.facebook.com\/capkovamariana?__cft__[0]=AZY_2vj3K5egm6WBztWav8BXmVJ7sZcKWaiEa8QIG_w5Xioi9kNTIKvqw3H45JTwTVLtXNTofHamRw2N8z1iT28XxZZRuNWXUfuibGr_-1zut4BdHNpbk_b5KznYYHbvzrV_bJcEePuQEXW9Eog2aYrg4b3DodMqmBQaTfXlEmU0xA&amp;__tn__=-]K-R\">Mariana \u010capkov\u00e1 &#8211; m\u00edstostarostka Prahy 6<\/a><\/p>\n","protected":false},"excerpt":{"rendered":"<p>M\u00e1te v&nbsp;hlav\u011b n\u00e1pad, jak vylep\u0161it ve\u0159ejn\u00fd prostor v&nbsp;Praze 6? Chcete v\u00edc zelen\u011b, lep\u0161\u00ed h\u0159i\u0161t\u011b, komunitn\u00ed zahradu nebo t\u0159eba nov\u00fd mobili\u00e1\u0159? Te\u010f je va\u0161e chv\u00edle zaz\u00e1\u0159it \u2013 pr\u00e1v\u011b startuje u\u017e \u0161est\u00fd ro\u010dn\u00edk participativn\u00edho projektu N\u00e1pad pro \u0160estku, ve kter\u00e9m m\u016f\u017ee va\u0161e my\u0161lenka p\u0159er\u016fst v&nbsp;re\u00e1lnou zm\u011bnu. A&nbsp;co je na tom nejlep\u0161\u00ed? Na realizaci n\u00e1pad\u016f je p\u0159ipraveno 6 [&hellip;]<\/p>\n","protected":false},"author":9,"featured_media":2052,"comment_status":"open","ping_status":"open","sticky":false,"template":"","format":"standard","meta":{"_acf_changed":false,"inline_featured_image":false,"footnotes":""},"categories":[4],"tags":[],"class_list":["post-2050","post","type-post","status-publish","format-standard","has-post-thumbnail","hentry","category-news"],"acf":[],"aioseo_notices":[],"distributor_meta":false,"distributor_terms":false,"distributor_media":false,"distributor_original_site_name":"Praha6Sob\u011b","distributor_original_site_url":"https:\/\/prahasobe.cz\/praha6sobe","push-errors":false,"_links":{"self":[{"href":"https:\/\/prahasobe.cz\/praha6sobe\/wp-json\/wp\/v2\/posts\/2050","targetHints":{"allow":["GET"]}}],"collection":[{"href":"https:\/\/prahasobe.cz\/praha6sobe\/wp-json\/wp\/v2\/posts"}],"about":[{"href":"https:\/\/prahasobe.cz\/praha6sobe\/wp-json\/wp\/v2\/types\/post"}],"author":[{"embeddable":true,"href":"https:\/\/prahasobe.cz\/praha6sobe\/wp-json\/wp\/v2\/users\/9"}],"replies":[{"embeddable":true,"href":"https:\/\/prahasobe.cz\/praha6sobe\/wp-json\/wp\/v2\/comments?post=2050"}],"version-history":[{"count":1,"href":"https:\/\/prahasobe.cz\/praha6sobe\/wp-json\/wp\/v2\/posts\/2050\/revisions"}],"predecessor-version":[{"id":2051,"href":"https:\/\/prahasobe.cz\/praha6sobe\/wp-json\/wp\/v2\/posts\/2050\/revisions\/2051"}],"wp:featuredmedia":[{"embeddable":true,"href":"https:\/\/prahasobe.cz\/praha6sobe\/wp-json\/wp\/v2\/media\/2052"}],"wp:attachment":[{"href":"https:\/\/prahasobe.cz\/praha6sobe\/wp-json\/wp\/v2\/media?parent=2050"}],"wp:term":[{"taxonomy":"category","embeddable":true,"href":"https:\/\/prahasobe.cz\/praha6sobe\/wp-json\/wp\/v2\/categories?post=2050"},{"taxonomy":"post_tag","embeddable":true,"href":"https:\/\/prahasobe.cz\/praha6sobe\/wp-json\/wp\/v2\/tags?post=2050"}],"curies":[{"name":"wp","href":"https:\/\/api.w.org\/{rel}","templated":true}]}}