{"id":2035,"date":"2025-10-26T08:57:00","date_gmt":"2025-10-26T08:57:00","guid":{"rendered":"https:\/\/prahasobe.cz\/praha6sobe\/?p=2035"},"modified":"2026-04-26T09:20:31","modified_gmt":"2026-04-26T09:20:31","slug":"ohlednuti-za-setkanim-bavime-se-o-dejvicich","status":"publish","type":"post","link":"https:\/\/prahasobe.cz\/praha6sobe\/2025\/10\/26\/ohlednuti-za-setkanim-bavime-se-o-dejvicich\/","title":{"rendered":"Ohl\u00e9dnut\u00ed za setk\u00e1n\u00edm bav\u00edme se o&nbsp;Dejvic\u00edch"},"content":{"rendered":"\n<div style=\"height:20px\" aria-hidden=\"true\" class=\"wp-block-spacer\"><\/div>\n\n\n\n<p>Dejvice mluv\u00ed, a&nbsp;vy jste byli sly\u0161et! D\u011bkujeme v\u0161em, kdo p\u0159i\u0161li do parku Hadovka a&nbsp;zapojili se do \u017eiv\u00e9 sousedsk\u00e9 debaty o&nbsp;tom, co h\u00fdbe nejen Dejvicemi, ale i&nbsp;celou Prahou 6. Va\u0161e podn\u011bty, ot\u00e1zky i&nbsp;n\u00e1pady m\u011bly v\u00e1hu a&nbsp;d\u00edky v\u00e1m v\u00edme l\u00edp, kde zatla\u010dit, co posunout a&nbsp;co d\u00e1l rozv\u00edjet.<\/p>\n\n\n\n<div style=\"height:20px\" aria-hidden=\"true\" class=\"wp-block-spacer\"><\/div>\n\n\n\n<p>Hlavn\u00edmi t\u00e9maty byla dostavba \u010dtvrt\u00e9ho kvadrantu a&nbsp;rekonstrukce V\u00edt\u011bzn\u00e9ho n\u00e1m\u011bst\u00ed, slo\u017eit\u00e1 dopravn\u00ed situace v&nbsp;okol\u00ed k\u0159\u00ed\u017een\u00ed Evropsk\u00e9 a&nbsp;Svatov\u00edtsk\u00e9, v\u00fdstavba nov\u00e9 z\u00e1kladn\u00ed \u0161koly Koc\u00ednka nebo t\u0159eba pl\u00e1novan\u00e9 vym\u00edst\u011bn\u00ed Pra\u017esk\u00fdch slu\u017eeb z&nbsp;Probo\u0161tsk\u00e9ho dvora. Prob\u00edrali jsme tak\u00e9 budoucnost rozvojov\u00e9ho \u00fazem\u00ed Hrad\u010dansk\u00e1, obnovu parku Kotl\u00e1\u0159ka i&nbsp;revitalizaci ulice Na Hanspaulce.<\/p>\n\n\n\n<div style=\"height:20px\" aria-hidden=\"true\" class=\"wp-block-spacer\"><\/div>\n\n\n\n<p>D\u00edky, \u017ee jste dorazili. Bylo to sousedsk\u00e9, v\u011bcn\u00e9 a&nbsp;p\u0159\u00edm\u00e9. P\u0159esn\u011b tak, jak m\u00e1 ve\u0159ejn\u00e1 diskuze vypadat.<\/p>\n\n\n\n<div style=\"height:20px\" aria-hidden=\"true\" class=\"wp-block-spacer\"><\/div>\n\n\n\n<p>A pokud jste to nestihli, nezoufejte. S\u00e9rie Bav\u00edme se o&#8230; bude pokra\u010dovat i&nbsp;v&nbsp;p\u0159\u00ed\u0161t\u00edm roce a&nbsp;op\u011bt budete m\u00edt mo\u017enost potkat se s&nbsp;Marianou \u010dapkovou a&nbsp;dal\u0161\u00edmi zastupiteli za Prahu 6 sob\u011b. P\u0159ij\u010fte si d\u00e1t k\u00e1vu, \u0159\u00edct, co v\u00e1s tr\u00e1p\u00ed, nebo co se v\u00e1m na va\u0161\u00ed \u010dtvrti l\u00edb\u00ed.<\/p>\n\n\n\n<div style=\"height:20px\" aria-hidden=\"true\" class=\"wp-block-spacer\"><\/div>\n\n\n\n<p><img loading=\"lazy\" decoding=\"async\" height=\"16\" width=\"16\" alt=\"\ud83d\udccd\" src=\"https:\/\/static.xx.fbcdn.net\/images\/emoji.php\/v9\/t2d\/1\/16\/1f4cd.png\"> Sledujte n\u00e1s pro nov\u00e9 term\u00edny setk\u00e1n\u00ed v&nbsp;roce 2026<\/p>\n\n\n\n<div style=\"height:20px\" aria-hidden=\"true\" class=\"wp-block-spacer\"><\/div>\n\n\n\n<p><img loading=\"lazy\" decoding=\"async\" height=\"16\" width=\"16\" src=\"https:\/\/static.xx.fbcdn.net\/images\/emoji.php\/v9\/t64\/1\/16\/1f91d.png\" alt=\"\ud83e\udd1d\"><img loading=\"lazy\" decoding=\"async\" height=\"16\" width=\"16\" src=\"https:\/\/static.xx.fbcdn.net\/images\/emoji.php\/v9\/tfc\/1\/16\/1f44d.png\" alt=\"\ud83d\udc4d\"><a href=\"https:\/\/www.facebook.com\/PRAHASOBE.CZ?__cft__[0]=AZacjUt1siZqOdCuHkjKSHyBpNgDZj2qiRj88qVGZN51po7vggpHWDivgDpLMaYN6jBCRDRwFsb9JmEWN3D4x2kDVX1FjC8ZzCXHudwM92ZBfHNfWJggeHGiZ00NKvBAhj2cnFw8tPktvly-LQffWQeeykp1lKfezojw4NYtw0gBGw&amp;__tn__=-]K-R\">PRAHA SOB\u011a<\/a> | <a href=\"https:\/\/www.facebook.com\/Praha6?__cft__[0]=AZacjUt1siZqOdCuHkjKSHyBpNgDZj2qiRj88qVGZN51po7vggpHWDivgDpLMaYN6jBCRDRwFsb9JmEWN3D4x2kDVX1FjC8ZzCXHudwM92ZBfHNfWJggeHGiZ00NKvBAhj2cnFw8tPktvly-LQffWQeeykp1lKfezojw4NYtw0gBGw&amp;__tn__=-]K-R\">Praha 6<\/a> | <a href=\"https:\/\/www.facebook.com\/capkovamariana?__cft__[0]=AZacjUt1siZqOdCuHkjKSHyBpNgDZj2qiRj88qVGZN51po7vggpHWDivgDpLMaYN6jBCRDRwFsb9JmEWN3D4x2kDVX1FjC8ZzCXHudwM92ZBfHNfWJggeHGiZ00NKvBAhj2cnFw8tPktvly-LQffWQeeykp1lKfezojw4NYtw0gBGw&amp;__tn__=-]K-R\">Mariana \u010capkov\u00e1 &#8211; m\u00edstostarostka Prahy 6<\/a><\/p>\n\n\n\n<figure class=\"wp-block-gallery has-nested-images columns-default is-cropped wp-block-gallery-1 is-layout-flex wp-block-gallery-is-layout-flex\">\n<figure class=\"wp-block-image size-large\"><img loading=\"lazy\" decoding=\"async\" width=\"768\" height=\"1024\" data-id=\"2046\" src=\"https:\/\/prahasobe.cz\/praha6sobe\/wp-content\/uploads\/sites\/5\/2026\/04\/572466213_816640907622008_2319479900564667277_n-1-768x1024.jpg\" alt=\"Obyvatel\u00e9 Prahy 6 diskutuj\u00ed o doprav\u011b a ve\u0159ejn\u00e9m prostoru\" class=\"wp-image-2046\" srcset=\"https:\/\/prahasobe.cz\/praha6sobe\/wp-content\/uploads\/sites\/5\/2026\/04\/572466213_816640907622008_2319479900564667277_n-1-768x1024.jpg 768w, https:\/\/prahasobe.cz\/praha6sobe\/wp-content\/uploads\/sites\/5\/2026\/04\/572466213_816640907622008_2319479900564667277_n-1-225x300.jpg 225w, https:\/\/prahasobe.cz\/praha6sobe\/wp-content\/uploads\/sites\/5\/2026\/04\/572466213_816640907622008_2319479900564667277_n-1-1152x1536.jpg 1152w, https:\/\/prahasobe.cz\/praha6sobe\/wp-content\/uploads\/sites\/5\/2026\/04\/572466213_816640907622008_2319479900564667277_n-1.jpg 1536w\" sizes=\"auto, (max-width: 768px) 100vw, 768px\" \/><\/figure>\n\n\n\n<figure class=\"wp-block-image size-large\"><img loading=\"lazy\" decoding=\"async\" width=\"1024\" height=\"768\" data-id=\"2048\" src=\"https:\/\/prahasobe.cz\/praha6sobe\/wp-content\/uploads\/sites\/5\/2026\/04\/571786139_816640970955335_5468248039904799447_n-1-1-1024x768.jpg\" alt=\"V\u00edt\u011bzn\u00e9 n\u00e1m\u011bst\u00ed v Dejvic\u00edch a pl\u00e1novan\u00e1 rekonstrukce\" class=\"wp-image-2048\" srcset=\"https:\/\/prahasobe.cz\/praha6sobe\/wp-content\/uploads\/sites\/5\/2026\/04\/571786139_816640970955335_5468248039904799447_n-1-1-1024x768.jpg 1024w, https:\/\/prahasobe.cz\/praha6sobe\/wp-content\/uploads\/sites\/5\/2026\/04\/571786139_816640970955335_5468248039904799447_n-1-1-300x225.jpg 300w, https:\/\/prahasobe.cz\/praha6sobe\/wp-content\/uploads\/sites\/5\/2026\/04\/571786139_816640970955335_5468248039904799447_n-1-1-768x576.jpg 768w, https:\/\/prahasobe.cz\/praha6sobe\/wp-content\/uploads\/sites\/5\/2026\/04\/571786139_816640970955335_5468248039904799447_n-1-1-1536x1152.jpg 1536w, https:\/\/prahasobe.cz\/praha6sobe\/wp-content\/uploads\/sites\/5\/2026\/04\/571786139_816640970955335_5468248039904799447_n-1-1.jpg 2048w\" sizes=\"auto, (max-width: 1024px) 100vw, 1024px\" \/><\/figure>\n\n\n\n<figure class=\"wp-block-image size-large\"><img loading=\"lazy\" decoding=\"async\" width=\"1024\" height=\"768\" data-id=\"2047\" src=\"https:\/\/prahasobe.cz\/praha6sobe\/wp-content\/uploads\/sites\/5\/2026\/04\/572402255_816640720955360_3601011893395877850_n-4-1024x768.jpg\" alt=\"Obyvatel\u00e9 Prahy 6 diskutuj\u00ed o doprav\u011b a ve\u0159ejn\u00e9m prostoru\" class=\"wp-image-2047\" srcset=\"https:\/\/prahasobe.cz\/praha6sobe\/wp-content\/uploads\/sites\/5\/2026\/04\/572402255_816640720955360_3601011893395877850_n-4-1024x768.jpg 1024w, https:\/\/prahasobe.cz\/praha6sobe\/wp-content\/uploads\/sites\/5\/2026\/04\/572402255_816640720955360_3601011893395877850_n-4-300x225.jpg 300w, https:\/\/prahasobe.cz\/praha6sobe\/wp-content\/uploads\/sites\/5\/2026\/04\/572402255_816640720955360_3601011893395877850_n-4-768x576.jpg 768w, https:\/\/prahasobe.cz\/praha6sobe\/wp-content\/uploads\/sites\/5\/2026\/04\/572402255_816640720955360_3601011893395877850_n-4-1536x1152.jpg 1536w, https:\/\/prahasobe.cz\/praha6sobe\/wp-content\/uploads\/sites\/5\/2026\/04\/572402255_816640720955360_3601011893395877850_n-4.jpg 2048w\" sizes=\"auto, (max-width: 1024px) 100vw, 1024px\" \/><\/figure>\n<\/figure>\n","protected":false},"excerpt":{"rendered":"<p>Dejvice mluv\u00ed, a&nbsp;vy jste byli sly\u0161et! D\u011bkujeme v\u0161em, kdo p\u0159i\u0161li do parku Hadovka a&nbsp;zapojili se do \u017eiv\u00e9 sousedsk\u00e9 debaty o&nbsp;tom, co h\u00fdbe nejen Dejvicemi, ale i&nbsp;celou Prahou 6. Va\u0161e podn\u011bty, ot\u00e1zky i&nbsp;n\u00e1pady m\u011bly v\u00e1hu a&nbsp;d\u00edky v\u00e1m v\u00edme l\u00edp, kde zatla\u010dit, co posunout a&nbsp;co d\u00e1l rozv\u00edjet. Hlavn\u00edmi t\u00e9maty byla dostavba \u010dtvrt\u00e9ho kvadrantu a&nbsp;rekonstrukce V\u00edt\u011bzn\u00e9ho n\u00e1m\u011bst\u00ed, slo\u017eit\u00e1 [&hellip;]<\/p>\n","protected":false},"author":9,"featured_media":2036,"comment_status":"open","ping_status":"open","sticky":false,"template":"","format":"standard","meta":{"_acf_changed":false,"inline_featured_image":false,"footnotes":""},"categories":[4],"tags":[],"class_list":["post-2035","post","type-post","status-publish","format-standard","has-post-thumbnail","hentry","category-news"],"acf":[],"aioseo_notices":[],"distributor_meta":false,"distributor_terms":false,"distributor_media":false,"distributor_original_site_name":"Praha6Sob\u011b","distributor_original_site_url":"https:\/\/prahasobe.cz\/praha6sobe","push-errors":false,"_links":{"self":[{"href":"https:\/\/prahasobe.cz\/praha6sobe\/wp-json\/wp\/v2\/posts\/2035","targetHints":{"allow":["GET"]}}],"collection":[{"href":"https:\/\/prahasobe.cz\/praha6sobe\/wp-json\/wp\/v2\/posts"}],"about":[{"href":"https:\/\/prahasobe.cz\/praha6sobe\/wp-json\/wp\/v2\/types\/post"}],"author":[{"embeddable":true,"href":"https:\/\/prahasobe.cz\/praha6sobe\/wp-json\/wp\/v2\/users\/9"}],"replies":[{"embeddable":true,"href":"https:\/\/prahasobe.cz\/praha6sobe\/wp-json\/wp\/v2\/comments?post=2035"}],"version-history":[{"count":4,"href":"https:\/\/prahasobe.cz\/praha6sobe\/wp-json\/wp\/v2\/posts\/2035\/revisions"}],"predecessor-version":[{"id":2049,"href":"https:\/\/prahasobe.cz\/praha6sobe\/wp-json\/wp\/v2\/posts\/2035\/revisions\/2049"}],"wp:featuredmedia":[{"embeddable":true,"href":"https:\/\/prahasobe.cz\/praha6sobe\/wp-json\/wp\/v2\/media\/2036"}],"wp:attachment":[{"href":"https:\/\/prahasobe.cz\/praha6sobe\/wp-json\/wp\/v2\/media?parent=2035"}],"wp:term":[{"taxonomy":"category","embeddable":true,"href":"https:\/\/prahasobe.cz\/praha6sobe\/wp-json\/wp\/v2\/categories?post=2035"},{"taxonomy":"post_tag","embeddable":true,"href":"https:\/\/prahasobe.cz\/praha6sobe\/wp-json\/wp\/v2\/tags?post=2035"}],"curies":[{"name":"wp","href":"https:\/\/api.w.org\/{rel}","templated":true}]}}