{"id":2032,"date":"2026-01-26T08:44:00","date_gmt":"2026-01-26T08:44:00","guid":{"rendered":"https:\/\/prahasobe.cz\/praha6sobe\/?p=2032"},"modified":"2026-04-26T08:55:34","modified_gmt":"2026-04-26T08:55:34","slug":"kastan-ceka-velka-promena","status":"publish","type":"post","link":"https:\/\/prahasobe.cz\/praha6sobe\/2026\/01\/26\/kastan-ceka-velka-promena\/","title":{"rendered":"Ka\u0161tan \u010dek\u00e1 velk\u00e1 prom\u011bna"},"content":{"rendered":"\n<p>Kulturn\u00ed centrum Ka\u0161tan je pro B\u0159evnov v\u00edc ne\u017e jen historick\u00e1 budova v&nbsp;B\u011blohorsk\u00e9 ulici. Des\u00edtky let bylo m\u00edstem koncert\u016f, divadla, setk\u00e1v\u00e1n\u00ed, debat i&nbsp;sousedsk\u00e9ho \u017eivota. M\u00edstem, kam lid\u00e9 chodili za kulturou, ale i&nbsp;jen tak b\u00fdt spolu. A&nbsp;pr\u00e1v\u011b proto si zaslou\u017e\u00ed citlivou a&nbsp;kvalitn\u00ed obnovu.<\/p>\n\n\n\n<div style=\"height:20px\" aria-hidden=\"true\" class=\"wp-block-spacer\"><\/div>\n\n\n\n<p>Praha 6 v&nbsp;posledn\u00edch t\u00fddnech ud\u011blala d\u016fle\u017eit\u00fd krok \u2013 prob\u00edh\u00e1 architektonick\u00e1 sout\u011b\u017e na rekonstrukci a&nbsp;dostavbu Kulturn\u00edho centra Ka\u0161tan. Jej\u00edm c\u00edlem nen\u00ed jen oprava st\u00e1vaj\u00edc\u00ed budovy, ale promy\u0161len\u00ed cel\u00e9ho are\u00e1lu tak, aby mohl Ka\u0161tan dob\u0159e fungovat i&nbsp;v&nbsp;dal\u0161\u00edch desetilet\u00edch a&nbsp;odpov\u00eddal dne\u0161n\u00edm pot\u0159eb\u00e1m.<\/p>\n\n\n\n<div style=\"height:20px\" aria-hidden=\"true\" class=\"wp-block-spacer\"><\/div>\n\n\n\n<p><img loading=\"lazy\" decoding=\"async\" height=\"16\" width=\"16\" alt=\"\ud83d\udca1\" src=\"https:\/\/static.xx.fbcdn.net\/images\/emoji.php\/v9\/t3c\/1\/16\/1f4a1.png\"> C\u00edl sout\u011b\u017ee<\/p>\n\n\n\n<p>Naj\u00edt n\u00e1vrh, kter\u00fd zachov\u00e1 historickou hodnotu pam\u00e1tkov\u011b chr\u00e1n\u011bn\u00e9 budovy a&nbsp;z\u00e1rove\u0148 ji citliv\u011b dopln\u00ed o&nbsp;nov\u00e9 funkce. Sout\u011b\u017en\u00ed zad\u00e1n\u00ed po\u010d\u00edt\u00e1 nap\u0159\u00edklad s:<\/p>\n\n\n\n<div style=\"height:20px\" aria-hidden=\"true\" class=\"wp-block-spacer\"><\/div>\n\n\n\n<p><img loading=\"lazy\" decoding=\"async\" height=\"16\" width=\"16\" alt=\"\u2714\ufe0f\" src=\"https:\/\/static.xx.fbcdn.net\/images\/emoji.php\/v9\/t51\/1\/16\/2714.png\"> nov\u00fdm v\u00edce\u00fa\u010delov\u00fdm s\u00e1lem pro 150 a\u017e 200&nbsp;lid\u00ed<\/p>\n\n\n\n<p><img loading=\"lazy\" decoding=\"async\" height=\"16\" width=\"16\" alt=\"\u2714\ufe0f\" src=\"https:\/\/static.xx.fbcdn.net\/images\/emoji.php\/v9\/t51\/1\/16\/2714.png\"> zahradn\u00ed kav\u00e1rnou se z\u00e1zem\u00edm pro trhy a&nbsp;venkovn\u00ed akce<\/p>\n\n\n\n<p><img loading=\"lazy\" decoding=\"async\" height=\"16\" width=\"16\" alt=\"\u2714\ufe0f\" src=\"https:\/\/static.xx.fbcdn.net\/images\/emoji.php\/v9\/t51\/1\/16\/2714.png\"> lep\u0161\u00edm propojen\u00edm are\u00e1lu s&nbsp;okol\u00edm<\/p>\n\n\n\n<p><img loading=\"lazy\" decoding=\"async\" height=\"16\" width=\"16\" alt=\"\u2714\ufe0f\" src=\"https:\/\/static.xx.fbcdn.net\/images\/emoji.php\/v9\/t51\/1\/16\/2714.png\"> \u00fapravou p\u0159ilehl\u00fdch parkov\u00fdch a&nbsp;ve\u0159ejn\u00fdch prostor<\/p>\n\n\n\n<div style=\"height:20px\" aria-hidden=\"true\" class=\"wp-block-spacer\"><\/div>\n\n\n\n<p>Ka\u0161tan m\u00e1 z\u016fstat otev\u0159en\u00fdm m\u00edstem pro kulturu, komunitu i&nbsp;ka\u017edodenn\u00ed \u017eivot. M\u00edstem, kde se potk\u00e1vaj\u00ed soused\u00e9, kde vznikaj\u00ed n\u00e1pady a&nbsp;kde m\u00e1 kultura sv\u00e9 pevn\u00e9 m\u00edsto p\u0159\u00edmo v&nbsp;m\u011bstsk\u00e9 \u010dtvrti.<\/p>\n\n\n\n<div style=\"height:20px\" aria-hidden=\"true\" class=\"wp-block-spacer\"><\/div>\n\n\n\n<p><img loading=\"lazy\" decoding=\"async\" height=\"16\" width=\"16\" alt=\"\ud83d\udcd0\" src=\"https:\/\/static.xx.fbcdn.net\/images\/emoji.php\/v9\/t98\/1\/16\/1f4d0.png\"> Architektonick\u00e1 sout\u011b\u017e je v&nbsp;b\u011bhu<\/p>\n\n\n\n<p>Sout\u011b\u017e je vyhl\u00e1\u0161ena jako u\u017e\u0161\u00ed a&nbsp;jednof\u00e1zov\u00e1, prob\u00edh\u00e1 pod dohledem <a href=\"https:\/\/www.facebook.com\/CeskaKomoraArchitektu?__cft__[0]=AZat3sDvzRAQ5LjSTLDhWluM_N0aORkx5xfLAlGr5aX4tIgk0PGGN0tC1DJOQrm35Qr_QlKKR7bDL5YyG58w4pXcmdtK7PPptLt1B7eOSYVYtjAXF1sFT84Hjcjk2iWOBGeBrayYHtcNZ1h_8_Q8v_SSt6zblik23LbJCKx9hJXHpA&amp;__tn__=-]K-R\">\u010cesk\u00e1 komora architekt\u016f<\/a> a&nbsp;klade d\u016fraz na kvalitu n\u00e1vrhu, pr\u00e1ci s&nbsp;ve\u0159ejn\u00fdm prostorem i&nbsp;respekt k&nbsp;pam\u00e1tkov\u00e9 ochran\u011b. P\u0159ihla\u0161ov\u00e1n\u00ed architektonick\u00fdch t\u00fdm\u016f ji\u017e bylo ukon\u010deno.<\/p>\n\n\n\n<div style=\"height:20px\" aria-hidden=\"true\" class=\"wp-block-spacer\"><\/div>\n\n\n\n<p>Realizace rekonstrukce a&nbsp;dostavby je pl\u00e1nov\u00e1na na roky 2027\u20132028.<\/p>\n\n\n\n<div style=\"height:20px\" aria-hidden=\"true\" class=\"wp-block-spacer\"><\/div>\n\n\n\n<p>\u201eM\u00e1me radost, \u017ee se cel\u00fd proces poda\u0159ilo posunout do f\u00e1ze architektonick\u00e9 sout\u011b\u017ee. Ka\u0161tan je m\u00edsto s&nbsp;bohatou histori\u00ed, ale p\u0159edev\u0161\u00edm s&nbsp;budoucnost\u00ed. Pr\u00e1v\u011b te\u010f se rozhoduje o&nbsp;tom, jak\u00e1 tato budoucnost bude,\u201c uv\u00e1d\u00ed <a href=\"https:\/\/www.facebook.com\/lukaspokornypraha6?__cft__[0]=AZat3sDvzRAQ5LjSTLDhWluM_N0aORkx5xfLAlGr5aX4tIgk0PGGN0tC1DJOQrm35Qr_QlKKR7bDL5YyG58w4pXcmdtK7PPptLt1B7eOSYVYtjAXF1sFT84Hjcjk2iWOBGeBrayYHtcNZ1h_8_Q8v_SSt6zblik23LbJCKx9hJXHpA&amp;__tn__=-]K-R\">Luk\u00e1\u0161 Pokorn\u00fd<\/a>, zastupitel a&nbsp;p\u0159edseda pam\u00e1tkov\u00e9 komise Prahy 6, kter\u00fd dlouhodob\u011b podporuje kvalitn\u00ed architekturu a&nbsp;cestu architektonick\u00fdch sout\u011b\u017e\u00ed. Dod\u00e1v\u00e1 tak\u00e9, \u017ee komise v\u00fdznamn\u011b p\u0159isp\u011bla k&nbsp;definici zad\u00e1n\u00ed sout\u011b\u017ee bez nutnosti \u017e\u00e1dosti o&nbsp;sejmut\u00ed pam\u00e1tkov\u00e9 ochrany, o&nbsp;kter\u00e9 se d\u0159\u00edve uva\u017eovalo.<\/p>\n\n\n\n<div style=\"height:20px\" aria-hidden=\"true\" class=\"wp-block-spacer\"><\/div>\n\n\n\n<p>Jak by podle v\u00e1s m\u011bl Ka\u0161tan vypadat za deset nebo dvacet let? <img loading=\"lazy\" decoding=\"async\" height=\"16\" width=\"16\" alt=\"\ud83c\udfad\" src=\"https:\/\/static.xx.fbcdn.net\/images\/emoji.php\/v9\/tae\/1\/16\/1f3ad.png\"><img loading=\"lazy\" decoding=\"async\" height=\"16\" width=\"16\" alt=\"\u2615\" src=\"https:\/\/static.xx.fbcdn.net\/images\/emoji.php\/v9\/t91\/1\/16\/2615.png\"><img loading=\"lazy\" decoding=\"async\" height=\"16\" width=\"16\" alt=\"\ud83c\udf3f\" src=\"https:\/\/static.xx.fbcdn.net\/images\/emoji.php\/v9\/t1e\/1\/16\/1f33f.png\"><\/p>\n","protected":false},"excerpt":{"rendered":"<p>Kulturn\u00ed centrum Ka\u0161tan je pro B\u0159evnov v\u00edc ne\u017e jen historick\u00e1 budova v&nbsp;B\u011blohorsk\u00e9 ulici. Des\u00edtky let bylo m\u00edstem koncert\u016f, divadla, setk\u00e1v\u00e1n\u00ed, debat i&nbsp;sousedsk\u00e9ho \u017eivota. M\u00edstem, kam lid\u00e9 chodili za kulturou, ale i&nbsp;jen tak b\u00fdt spolu. A&nbsp;pr\u00e1v\u011b proto si zaslou\u017e\u00ed citlivou a&nbsp;kvalitn\u00ed obnovu. Praha 6 v&nbsp;posledn\u00edch t\u00fddnech ud\u011blala d\u016fle\u017eit\u00fd krok \u2013 prob\u00edh\u00e1 architektonick\u00e1 sout\u011b\u017e na rekonstrukci a&nbsp;dostavbu [&hellip;]<\/p>\n","protected":false},"author":9,"featured_media":2033,"comment_status":"open","ping_status":"open","sticky":false,"template":"","format":"standard","meta":{"_acf_changed":false,"inline_featured_image":false,"footnotes":""},"categories":[4],"tags":[],"class_list":["post-2032","post","type-post","status-publish","format-standard","has-post-thumbnail","hentry","category-news"],"acf":[],"aioseo_notices":[],"distributor_meta":false,"distributor_terms":false,"distributor_media":false,"distributor_original_site_name":"Praha6Sob\u011b","distributor_original_site_url":"https:\/\/prahasobe.cz\/praha6sobe","push-errors":false,"_links":{"self":[{"href":"https:\/\/prahasobe.cz\/praha6sobe\/wp-json\/wp\/v2\/posts\/2032","targetHints":{"allow":["GET"]}}],"collection":[{"href":"https:\/\/prahasobe.cz\/praha6sobe\/wp-json\/wp\/v2\/posts"}],"about":[{"href":"https:\/\/prahasobe.cz\/praha6sobe\/wp-json\/wp\/v2\/types\/post"}],"author":[{"embeddable":true,"href":"https:\/\/prahasobe.cz\/praha6sobe\/wp-json\/wp\/v2\/users\/9"}],"replies":[{"embeddable":true,"href":"https:\/\/prahasobe.cz\/praha6sobe\/wp-json\/wp\/v2\/comments?post=2032"}],"version-history":[{"count":1,"href":"https:\/\/prahasobe.cz\/praha6sobe\/wp-json\/wp\/v2\/posts\/2032\/revisions"}],"predecessor-version":[{"id":2034,"href":"https:\/\/prahasobe.cz\/praha6sobe\/wp-json\/wp\/v2\/posts\/2032\/revisions\/2034"}],"wp:featuredmedia":[{"embeddable":true,"href":"https:\/\/prahasobe.cz\/praha6sobe\/wp-json\/wp\/v2\/media\/2033"}],"wp:attachment":[{"href":"https:\/\/prahasobe.cz\/praha6sobe\/wp-json\/wp\/v2\/media?parent=2032"}],"wp:term":[{"taxonomy":"category","embeddable":true,"href":"https:\/\/prahasobe.cz\/praha6sobe\/wp-json\/wp\/v2\/categories?post=2032"},{"taxonomy":"post_tag","embeddable":true,"href":"https:\/\/prahasobe.cz\/praha6sobe\/wp-json\/wp\/v2\/tags?post=2032"}],"curies":[{"name":"wp","href":"https:\/\/api.w.org\/{rel}","templated":true}]}}