{"id":2024,"date":"2026-04-02T08:14:00","date_gmt":"2026-04-02T08:14:00","guid":{"rendered":"https:\/\/prahasobe.cz\/praha6sobe\/?p=2024"},"modified":"2026-04-26T08:36:34","modified_gmt":"2026-04-26T08:36:34","slug":"dubnova-sestka-je-venku","status":"publish","type":"post","link":"https:\/\/prahasobe.cz\/praha6sobe\/2026\/04\/02\/dubnova-sestka-je-venku\/","title":{"rendered":"Dubnov\u00e1 \u0160estka je venku!"},"content":{"rendered":"\n<p>Tentokr\u00e1t se v&nbsp;politick\u00e9 diskusi v\u011bnujeme ot\u00e1zce, kter\u00e1 se dot\u00fdk\u00e1 mnoha rodin na Praze 6:<\/p>\n\n\n\n<p>Jak by se m\u011bla starat Praha 6 o&nbsp;sv\u00e9 seniory?<\/p>\n\n\n\n<div style=\"height:20px\" aria-hidden=\"true\" class=\"wp-block-spacer\"><\/div>\n\n\n\n<p>\u201ePraha 6 pova\u017euje p\u00e9\u010di o&nbsp;sv\u00e9 seniory za velmi d\u016fle\u017eitou .\u0160irok\u00e1 s\u00ed\u0165 neziskov\u00fdch organizac\u00ed, kter\u00e9 dotuje, nab\u00edz\u00ed pestr\u00e9 slu\u017eby od zdravotn\u00edch a&nbsp;kulturn\u00edch aktivit a\u017e po&nbsp;vzd\u011bl\u00e1vac\u00ed programy, a&nbsp;to za zv\u00fdhodn\u011bn\u00fdch podm\u00ednek. Senio\u0159i mohou d\u00e1le vyu\u017e\u00edvat nap\u0159\u00edklad plavenky zdarma na Petynce a&nbsp;velk\u00fd \u00fasp\u011bch si rychle z\u00edskala i&nbsp;nov\u00e1 slu\u017eba Senior taxi, kter\u00e1 jim usnad\u0148uje mobilitu.<\/p>\n\n\n\n<div style=\"height:20px\" aria-hidden=\"true\" class=\"wp-block-spacer\"><\/div>\n\n\n\n<p>Kapacita bytov\u00fdch dom\u016f s&nbsp;pe\u010dovatelskou slu\u017ebou Prahy 6 je zat\u00edm dosta\u010duj\u00edc\u00ed, p\u0159esto z\u016fst\u00e1v\u00e1 probl\u00e9mem nedostatek l\u016f\u017eek v&nbsp;domovech pro seniory s&nbsp;pot\u0159ebou st\u00e1l\u00e9 p\u00e9\u010de. Nad\u011bji p\u0159edstavuje chystan\u00e1 rekonstrukce tzv.&nbsp;trojdom\u00ed \u0160ol\u00ednova v&nbsp;majetku hlavn\u00edho m\u011bsta, kde ji\u017e brzy vznikne modern\u00ed kapacitn\u00ed za\u0159\u00edzen\u00ed dopln\u011bn\u00e9 o&nbsp;denn\u00ed stacion\u00e1\u0159, odleh\u010dovac\u00ed slu\u017ebu, komunitn\u00ed centrum a&nbsp;rehabilitaci.<\/p>\n\n\n\n<div style=\"height:20px\" aria-hidden=\"true\" class=\"wp-block-spacer\"><\/div>\n\n\n\n<p>Stejn\u011b d\u016fle\u017eit\u00e9 je ale umo\u017enit senior\u016fm z\u016fst\u00e1vat co nejd\u00e9le v&nbsp;dom\u00e1c\u00edm prost\u0159ed\u00ed, pokud cht\u011bj\u00ed. Pos\u00edlen\u00ed Pe\u010dovatelsk\u00e9 slu\u017eby Prahy 6, kter\u00e9 by m\u011blo v\u00e9st ke sni\u017eov\u00e1n\u00ed, nebo alespo\u0148 k&nbsp;nezvy\u0161ov\u00e1n\u00ed popt\u00e1vky po&nbsp;nedostatkov\u00e9 a&nbsp;n\u00e1kladn\u011bj\u0161\u00ed l\u016f\u017ekov\u00e9 p\u00e9\u010di, je proto jednou z&nbsp;na\u0161ich priorit. Stejn\u011b jako vyv\u00e1\u017een\u00fd mix soci\u00e1ln\u00edch slu\u017eeb pro v\u0161echny, kdo se ocitnou v&nbsp;n\u00e1ro\u010dn\u00e9 \u017eivotn\u00ed situaci, tedy nejen senio\u0159i.\u201c dod\u00e1v\u00e1 n\u00e1\u0161 zastupitel <a href=\"https:\/\/www.facebook.com\/lukaspokornypraha6?__cft__[0]=AZasG0fIg4Yie4Bre1DVW41-1hixs-nMqNeMiL3FHlrQp7w7xC-AgeW6I1V_wB3FuYxJ0xnw-iEeErlfCFFOuzgeqQqgGHtFeT0Kd9SzQRXqklW-UKK1mr6VRyqttglXqppU3-6tK45oOV1XnIv6Ue6GXriR6cVMgmNK2xYPYFWeBQ&amp;__tn__=-]K-R\">Luk\u00e1\u0161 Pokorn\u00fd<\/a><\/p>\n\n\n\n<div style=\"height:20px\" aria-hidden=\"true\" class=\"wp-block-spacer\"><\/div>\n\n\n\n<p>Co dal\u0161\u00edho najdete v&nbsp;dubnov\u00e9 \u0160estce?<\/p>\n\n\n\n<div style=\"height:20px\" aria-hidden=\"true\" class=\"wp-block-spacer\"><\/div>\n\n\n\n<p><img loading=\"lazy\" decoding=\"async\" height=\"16\" width=\"16\" alt=\"\ud83d\udc75\" src=\"https:\/\/static.xx.fbcdn.net\/images\/emoji.php\/v9\/t2a\/1\/16\/1f475.png\"> Virtu\u00e1ln\u00ed realita pro seniory<\/p>\n\n\n\n<p><img loading=\"lazy\" decoding=\"async\" height=\"16\" width=\"16\" alt=\"\ud83c\udfe1\" src=\"https:\/\/static.xx.fbcdn.net\/images\/emoji.php\/v9\/t77\/1\/16\/1f3e1.png\"> Zm\u011bny v&nbsp;dostupn\u00e9m bydlen\u00ed<\/p>\n\n\n\n<p><img loading=\"lazy\" decoding=\"async\" height=\"16\" width=\"16\" alt=\"\ud83c\udf33\" src=\"https:\/\/static.xx.fbcdn.net\/images\/emoji.php\/v9\/t6b\/1\/16\/1f333.png\"> Dobrodru\u017en\u00e9 h\u0159i\u0161t\u011b na Vypichu<\/p>\n\n\n\n<p><img loading=\"lazy\" decoding=\"async\" height=\"16\" width=\"16\" alt=\"\ud83d\udea7\" src=\"https:\/\/static.xx.fbcdn.net\/images\/emoji.php\/v9\/tc4\/1\/16\/1f6a7.png\"> Pokra\u010duj\u00edc\u00ed rekonstrukce ulice \u0160\u00e1reck\u00e1<\/p>\n\n\n\n<p><img loading=\"lazy\" decoding=\"async\" height=\"16\" width=\"16\" alt=\"\ud83c\udfad\" src=\"https:\/\/static.xx.fbcdn.net\/images\/emoji.php\/v9\/tae\/1\/16\/1f3ad.png\"> Novinky v&nbsp;Divadle Spejbla a&nbsp;Hurv\u00ednka<\/p>\n\n\n\n<p><img loading=\"lazy\" decoding=\"async\" height=\"16\" width=\"16\" alt=\"\ud83c\udf89\" src=\"https:\/\/static.xx.fbcdn.net\/images\/emoji.php\/v9\/t8c\/1\/16\/1f389.png\"> Jarn\u00ed akce a&nbsp;tipy po&nbsp;cel\u00e9 Praze 6<\/p>\n\n\n\n<div style=\"height:20px\" aria-hidden=\"true\" class=\"wp-block-spacer\"><\/div>\n\n\n\n<p><img loading=\"lazy\" decoding=\"async\" height=\"16\" width=\"16\" src=\"https:\/\/static.xx.fbcdn.net\/images\/emoji.php\/v9\/t9e\/1\/16\/1f4d6.png\" alt=\"\ud83d\udcd6\"> Cel\u00e9 \u010d\u00edslo si m\u016f\u017eete p\u0159e\u010d\u00edst tady: <\/p>\n\n\n\n<p><a href=\"https:\/\/www.sestka.cz\/04-2026\" target=\"_blank\" rel=\"noopener\" title=\"https:\/\/www.sestka.cz\/04-2026\">https:\/\/www.sestka.cz\/04-2026<\/a><\/p>\n\n\n\n<div style=\"height:20px\" aria-hidden=\"true\" class=\"wp-block-spacer\"><\/div>\n\n\n\n<p>Noviny jsou tak\u00e9 k&nbsp;dispozici na odb\u011brn\u00fdch m\u00edstech po&nbsp;cel\u00e9 m\u011bstsk\u00e9 \u010d\u00e1sti.<\/p>\n","protected":false},"excerpt":{"rendered":"<p>Tentokr\u00e1t se v&nbsp;politick\u00e9 diskusi v\u011bnujeme ot\u00e1zce, kter\u00e1 se dot\u00fdk\u00e1 mnoha rodin na Praze 6: Jak by se m\u011bla starat Praha 6 o&nbsp;sv\u00e9 seniory? \u201ePraha 6 pova\u017euje p\u00e9\u010di o&nbsp;sv\u00e9 seniory za velmi d\u016fle\u017eitou .\u0160irok\u00e1 s\u00ed\u0165 neziskov\u00fdch organizac\u00ed, kter\u00e9 dotuje, nab\u00edz\u00ed pestr\u00e9 slu\u017eby od zdravotn\u00edch a&nbsp;kulturn\u00edch aktivit a\u017e po&nbsp;vzd\u011bl\u00e1vac\u00ed programy, a&nbsp;to za zv\u00fdhodn\u011bn\u00fdch podm\u00ednek. Senio\u0159i mohou d\u00e1le [&hellip;]<\/p>\n","protected":false},"author":9,"featured_media":2029,"comment_status":"open","ping_status":"open","sticky":false,"template":"","format":"standard","meta":{"_acf_changed":false,"inline_featured_image":false,"footnotes":""},"categories":[4],"tags":[],"class_list":["post-2024","post","type-post","status-publish","format-standard","has-post-thumbnail","hentry","category-news"],"acf":[],"aioseo_notices":[],"distributor_meta":false,"distributor_terms":false,"distributor_media":false,"distributor_original_site_name":"Praha6Sob\u011b","distributor_original_site_url":"https:\/\/prahasobe.cz\/praha6sobe","push-errors":false,"_links":{"self":[{"href":"https:\/\/prahasobe.cz\/praha6sobe\/wp-json\/wp\/v2\/posts\/2024","targetHints":{"allow":["GET"]}}],"collection":[{"href":"https:\/\/prahasobe.cz\/praha6sobe\/wp-json\/wp\/v2\/posts"}],"about":[{"href":"https:\/\/prahasobe.cz\/praha6sobe\/wp-json\/wp\/v2\/types\/post"}],"author":[{"embeddable":true,"href":"https:\/\/prahasobe.cz\/praha6sobe\/wp-json\/wp\/v2\/users\/9"}],"replies":[{"embeddable":true,"href":"https:\/\/prahasobe.cz\/praha6sobe\/wp-json\/wp\/v2\/comments?post=2024"}],"version-history":[{"count":5,"href":"https:\/\/prahasobe.cz\/praha6sobe\/wp-json\/wp\/v2\/posts\/2024\/revisions"}],"predecessor-version":[{"id":2031,"href":"https:\/\/prahasobe.cz\/praha6sobe\/wp-json\/wp\/v2\/posts\/2024\/revisions\/2031"}],"wp:featuredmedia":[{"embeddable":true,"href":"https:\/\/prahasobe.cz\/praha6sobe\/wp-json\/wp\/v2\/media\/2029"}],"wp:attachment":[{"href":"https:\/\/prahasobe.cz\/praha6sobe\/wp-json\/wp\/v2\/media?parent=2024"}],"wp:term":[{"taxonomy":"category","embeddable":true,"href":"https:\/\/prahasobe.cz\/praha6sobe\/wp-json\/wp\/v2\/categories?post=2024"},{"taxonomy":"post_tag","embeddable":true,"href":"https:\/\/prahasobe.cz\/praha6sobe\/wp-json\/wp\/v2\/tags?post=2024"}],"curies":[{"name":"wp","href":"https:\/\/api.w.org\/{rel}","templated":true}]}}