{"id":2017,"date":"2026-04-08T12:53:00","date_gmt":"2026-04-08T12:53:00","guid":{"rendered":"https:\/\/prahasobe.cz\/praha6sobe\/?p=2017"},"modified":"2026-04-25T13:59:11","modified_gmt":"2026-04-25T13:59:11","slug":"praha-6-podpori-obnovu-pamatek","status":"publish","type":"post","link":"https:\/\/prahasobe.cz\/praha6sobe\/2026\/04\/08\/praha-6-podpori-obnovu-pamatek\/","title":{"rendered":"Praha 6 podpo\u0159\u00ed obnovu pam\u00e1tek"},"content":{"rendered":"\n<p><\/p>\n\n\n\n<p>Praha 6 letos rozd\u011bl\u00ed 1,5 milionu korun na opravy historicky hodnotn\u00fdch objekt\u016f. O&nbsp;dotaci mohou po\u017e\u00e1dat majitel\u00e9 dom\u016f, vil i&nbsp;dal\u0161\u00edch staveb v&nbsp;pam\u00e1tkov\u00fdch z\u00f3n\u00e1ch nebo v&nbsp;Pra\u017esk\u00e9 pam\u00e1tkov\u00e9 rezervaci.<\/p>\n\n\n\n<div style=\"height:20px\" aria-hidden=\"true\" class=\"wp-block-spacer\"><\/div>\n\n\n\n<p><img loading=\"lazy\" decoding=\"async\" height=\"16\" width=\"16\" alt=\"\ud83d\udcc5\" src=\"https:\/\/static.xx.fbcdn.net\/images\/emoji.php\/v9\/t7e\/1\/16\/1f4c5.png\"> \u017d\u00e1dosti je mo\u017en\u00e9 pod\u00e1vat do 30.&nbsp;dubna<\/p>\n\n\n\n<div style=\"height:20px\" aria-hidden=\"true\" class=\"wp-block-spacer\"><\/div>\n\n\n\n<p>Pen\u00edze jsou ur\u010den\u00e9 na stavebn\u00ed a&nbsp;restaur\u00e1torsk\u00e9 pr\u00e1ce a&nbsp;mohou pokr\u00fdt a\u017e 65&nbsp;% n\u00e1klad\u016f. Nejde p\u0159itom jen o&nbsp;ofici\u00e1ln\u011b chr\u00e1n\u011bn\u00e9 pam\u00e1tky, ale i&nbsp;o&nbsp;domy, kter\u00e9 maj\u00ed pro Prahu 6 svou hodnotu a&nbsp;dotv\u00e1\u0159ej\u00ed jej\u00ed podobu.<\/p>\n\n\n\n<div style=\"height:20px\" aria-hidden=\"true\" class=\"wp-block-spacer\"><\/div>\n\n\n\n<p><img loading=\"lazy\" decoding=\"async\" height=\"16\" width=\"16\" alt=\"\ud83d\udfe2\" src=\"https:\/\/static.xx.fbcdn.net\/images\/emoji.php\/v9\/tfc\/1\/16\/1f7e2.png\"> \u201eHistorick\u00e9 domy, kostely, vily i&nbsp;drobn\u00e9 stavby jsou m\u00edsta s&nbsp;p\u0159\u00edb\u011bhem, kter\u00e1 dod\u00e1vaj\u00ed Praze 6 jedine\u010dn\u00fd charakter. Pokud se o&nbsp;n\u011b nebudeme systematicky starat, jejich stav se bude zhor\u0161ovat. Prevence a&nbsp;podpora obnovy jsou proto rozumnou investic\u00ed do budoucnosti,\u201c dod\u00e1v\u00e1 n\u00e1\u0161 p\u0159edseda komise pro pam\u00e1tkovou p\u00e9\u010di @Luk\u00e1\u0161 Pokorn\u00fd.<\/p>\n\n\n\n<div style=\"height:20px\" aria-hidden=\"true\" class=\"wp-block-spacer\"><\/div>\n\n\n\n<p>Dotaci nelze vyu\u017e\u00edt na modernizace nebo p\u0159\u00edstavby, slou\u017e\u00ed opravdu jen na opravy a&nbsp;obnovu.<\/p>\n\n\n\n<div style=\"height:20px\" aria-hidden=\"true\" class=\"wp-block-spacer\"><\/div>\n\n\n\n<p>V minul\u00e9m roce Praha 6 podpo\u0159ila nap\u0159\u00edklad opravu st\u0159echy kostela sv.&nbsp;Fabi\u00e1na a&nbsp;\u0160ebesti\u00e1na v&nbsp;Liboci nebo v\u00fdm\u011bnu oken bytov\u00e9ho domu v&nbsp;ulici \u010ds. arm\u00e1dy.<\/p>\n\n\n\n<div style=\"height:20px\" aria-hidden=\"true\" class=\"wp-block-spacer\"><\/div>\n\n\n\n<p><img loading=\"lazy\" decoding=\"async\" height=\"16\" width=\"16\" alt=\"\ud83d\udccd\" src=\"https:\/\/static.xx.fbcdn.net\/images\/emoji.php\/v9\/t2d\/1\/16\/1f4cd.png\"> V\u00edce informac\u00ed najdete na webu Prahy 6<\/p>\n\n\n\n<div style=\"height:20px\" aria-hidden=\"true\" class=\"wp-block-spacer\"><\/div>\n\n\n\n<p>Proto\u017ee na tom, jak na\u0161e m\u011bsto vypad\u00e1, z\u00e1le\u017e\u00ed<\/p>\n","protected":false},"excerpt":{"rendered":"<p>Praha 6 letos rozd\u011bl\u00ed 1,5 milionu korun na opravy historicky hodnotn\u00fdch objekt\u016f. O&nbsp;dotaci mohou po\u017e\u00e1dat majitel\u00e9 dom\u016f, vil i&nbsp;dal\u0161\u00edch staveb v&nbsp;pam\u00e1tkov\u00fdch z\u00f3n\u00e1ch nebo v&nbsp;Pra\u017esk\u00e9 pam\u00e1tkov\u00e9 rezervaci. \u017d\u00e1dosti je mo\u017en\u00e9 pod\u00e1vat do 30.&nbsp;dubna Pen\u00edze jsou ur\u010den\u00e9 na stavebn\u00ed a&nbsp;restaur\u00e1torsk\u00e9 pr\u00e1ce a&nbsp;mohou pokr\u00fdt a\u017e 65&nbsp;% n\u00e1klad\u016f. Nejde p\u0159itom jen o&nbsp;ofici\u00e1ln\u011b chr\u00e1n\u011bn\u00e9 pam\u00e1tky, ale i&nbsp;o&nbsp;domy, kter\u00e9 maj\u00ed pro [&hellip;]<\/p>\n","protected":false},"author":9,"featured_media":2022,"comment_status":"open","ping_status":"open","sticky":false,"template":"","format":"standard","meta":{"_acf_changed":false,"inline_featured_image":false,"footnotes":""},"categories":[4],"tags":[],"class_list":["post-2017","post","type-post","status-publish","format-standard","has-post-thumbnail","hentry","category-news"],"acf":[],"aioseo_notices":[],"distributor_meta":false,"distributor_terms":false,"distributor_media":false,"distributor_original_site_name":"Praha6Sob\u011b","distributor_original_site_url":"https:\/\/prahasobe.cz\/praha6sobe","push-errors":false,"_links":{"self":[{"href":"https:\/\/prahasobe.cz\/praha6sobe\/wp-json\/wp\/v2\/posts\/2017","targetHints":{"allow":["GET"]}}],"collection":[{"href":"https:\/\/prahasobe.cz\/praha6sobe\/wp-json\/wp\/v2\/posts"}],"about":[{"href":"https:\/\/prahasobe.cz\/praha6sobe\/wp-json\/wp\/v2\/types\/post"}],"author":[{"embeddable":true,"href":"https:\/\/prahasobe.cz\/praha6sobe\/wp-json\/wp\/v2\/users\/9"}],"replies":[{"embeddable":true,"href":"https:\/\/prahasobe.cz\/praha6sobe\/wp-json\/wp\/v2\/comments?post=2017"}],"version-history":[{"count":3,"href":"https:\/\/prahasobe.cz\/praha6sobe\/wp-json\/wp\/v2\/posts\/2017\/revisions"}],"predecessor-version":[{"id":2023,"href":"https:\/\/prahasobe.cz\/praha6sobe\/wp-json\/wp\/v2\/posts\/2017\/revisions\/2023"}],"wp:featuredmedia":[{"embeddable":true,"href":"https:\/\/prahasobe.cz\/praha6sobe\/wp-json\/wp\/v2\/media\/2022"}],"wp:attachment":[{"href":"https:\/\/prahasobe.cz\/praha6sobe\/wp-json\/wp\/v2\/media?parent=2017"}],"wp:term":[{"taxonomy":"category","embeddable":true,"href":"https:\/\/prahasobe.cz\/praha6sobe\/wp-json\/wp\/v2\/categories?post=2017"},{"taxonomy":"post_tag","embeddable":true,"href":"https:\/\/prahasobe.cz\/praha6sobe\/wp-json\/wp\/v2\/tags?post=2017"}],"curies":[{"name":"wp","href":"https:\/\/api.w.org\/{rel}","templated":true}]}}