{"id":2001,"date":"2026-04-11T12:10:00","date_gmt":"2026-04-11T12:10:00","guid":{"rendered":"https:\/\/prahasobe.cz\/praha6sobe\/?p=2001"},"modified":"2026-04-25T12:40:18","modified_gmt":"2026-04-25T12:40:18","slug":"pojdme-naplnit-dzban","status":"publish","type":"post","link":"https:\/\/prahasobe.cz\/praha6sobe\/2026\/04\/11\/pojdme-naplnit-dzban\/","title":{"rendered":"Poj\u010fme naplnit D\u017eb\u00e1n!"},"content":{"rendered":"\n<p> Budoucnost D\u017eb\u00e1nu je ve va\u0161ich rukou.<\/p>\n\n\n\n<div style=\"height:20px\" aria-hidden=\"true\" class=\"wp-block-spacer\"><\/div>\n\n\n\n<p>Praha 6 sob\u011b a&nbsp;Zelen\u00ed jdou do podzimn\u00edch voleb spole\u010dn\u011b. Spojuj\u00ed n\u00e1s stejn\u00e9 hodnoty i&nbsp;zku\u0161enost z&nbsp;radnice a&nbsp;chu\u0165 d\u011blat v\u011bci smyslupln\u011b a&nbsp;s&nbsp;lidmi.<\/p>\n\n\n\n<div style=\"height:20px\" aria-hidden=\"true\" class=\"wp-block-spacer\"><\/div>\n\n\n\n<p>\u201cNa Praze 6 u\u017e dnes spolupracujeme na konkr\u00e9tn\u00edch v\u011bcech a&nbsp;d\u00e1v\u00e1 n\u00e1m smysl tuhle zku\u0161enost p\u0159en\u00e9st i&nbsp;do voleb. Chceme nab\u00eddnout jasnou a&nbsp;srozumitelnou alternativu, kter\u00e1 se op\u00edr\u00e1 o&nbsp;zku\u0161enost z&nbsp;radnice i&nbsp;o&nbsp;ka\u017edodenn\u00ed kontakt s&nbsp;lidmi v&nbsp;ulic\u00edch,\u201c \u0159\u00edk\u00e1 <a href=\"https:\/\/www.facebook.com\/capkovamariana?__cft__[0]=AZa7MHeFAMP6kHXccRR9zCNUuUOtT16OQwDHxQIDhEPYxpdZYHnamCT1x89Zm33vNw79INQXZGqrz7SgtzQ7VV--p3hCLLgvmlDjXTCo5_fwDVWzr7ynnphossZ6dVesRIoit7wd7osVc5Kq0np3JohfK2FNENmVFcQ0-kepMbEuiA&amp;__tn__=-]K-R\">Mariana \u010capkov\u00e1 &#8211; m\u00edstostarostka Prahy 6<\/a> .<\/p>\n\n\n\n<div style=\"height:20px\" aria-hidden=\"true\" class=\"wp-block-spacer\"><\/div>\n\n\n\n<p>D\u017eb\u00e1n jsme spole\u010dn\u011b uklidili v&nbsp;r\u00e1mci akce <a href=\"https:\/\/www.facebook.com\/UklidmeCesko?__cft__[0]=AZa7MHeFAMP6kHXccRR9zCNUuUOtT16OQwDHxQIDhEPYxpdZYHnamCT1x89Zm33vNw79INQXZGqrz7SgtzQ7VV--p3hCLLgvmlDjXTCo5_fwDVWzr7ynnphossZ6dVesRIoit7wd7osVc5Kq0np3JohfK2FNENmVFcQ0-kepMbEuiA&amp;__tn__=-]K-R\">Ukli\u010fme \u010cesko<\/a> a&nbsp;p\u0159i&nbsp;t\u00e9 p\u0159\u00edle\u017eitosti odstartovali petici Poj\u010fme naplnit D\u017eb\u00e1n. Ta upozor\u0148uje na dlouhodob\u011b nevyhovuj\u00edc\u00ed stav are\u00e1lu a&nbsp;navrhuje konkr\u00e9tn\u00ed kroky, jak to zm\u011bnit.<\/p>\n\n\n\n<div style=\"height:20px\" aria-hidden=\"true\" class=\"wp-block-spacer\"><\/div>\n\n\n\n<p><img loading=\"lazy\" decoding=\"async\" height=\"16\" width=\"16\" alt=\"\ud83d\udc49\" src=\"https:\/\/static.xx.fbcdn.net\/images\/emoji.php\/v9\/t51\/1\/16\/1f449.png\"> n\u00e1vrat kl\u00ed\u010dov\u00fdch pozemk\u016f do ve\u0159ejn\u00e9ho vlastnictv\u00ed<\/p>\n\n\n\n<p><img loading=\"lazy\" decoding=\"async\" height=\"16\" width=\"16\" alt=\"\ud83d\udc49\" src=\"https:\/\/static.xx.fbcdn.net\/images\/emoji.php\/v9\/t51\/1\/16\/1f449.png\"> rekonstrukci koupali\u0161t\u011b<\/p>\n\n\n\n<p><img loading=\"lazy\" decoding=\"async\" height=\"16\" width=\"16\" alt=\"\ud83d\udc49\" src=\"https:\/\/static.xx.fbcdn.net\/images\/emoji.php\/v9\/t51\/1\/16\/1f449.png\"> zachov\u00e1n\u00ed \u00fazem\u00ed bez bytov\u00e9 v\u00fdstavby<\/p>\n\n\n\n<div style=\"height:20px\" aria-hidden=\"true\" class=\"wp-block-spacer\"><\/div>\n\n\n\n<p>Na m\u00edst\u011b n\u00e1s p\u0159i\u0161li podpo\u0159it <a href=\"https:\/\/www.facebook.com\/jenda.cizinsky?__cft__[0]=AZa7MHeFAMP6kHXccRR9zCNUuUOtT16OQwDHxQIDhEPYxpdZYHnamCT1x89Zm33vNw79INQXZGqrz7SgtzQ7VV--p3hCLLgvmlDjXTCo5_fwDVWzr7ynnphossZ6dVesRIoit7wd7osVc5Kq0np3JohfK2FNENmVFcQ0-kepMbEuiA&amp;__tn__=-]K-R\">Jan \u010ci\u017einsk\u00fd<\/a> a&nbsp;Gabriela Sv\u00e1rovsk\u00e1 &#8211; Zelen\u00ed <img loading=\"lazy\" decoding=\"async\" height=\"16\" width=\"16\" alt=\"\ud83d\udc9b\" src=\"https:\/\/static.xx.fbcdn.net\/images\/emoji.php\/v9\/t15\/1\/16\/1f49b.png\"><\/p>\n\n\n\n<div style=\"height:20px\" aria-hidden=\"true\" class=\"wp-block-spacer\"><\/div>\n\n\n\n<p>\u201eD\u017eb\u00e1n je unik\u00e1tn\u00ed lokalita s&nbsp;obrovsk\u00fdm potenci\u00e1lem. Chceme ho vr\u00e1tit lidem jako kvalitn\u00ed ve\u0159ejn\u00fd prostor,\u201c \u0159\u00edk\u00e1 <a href=\"https:\/\/www.facebook.com\/PetrPalackyP6?__cft__[0]=AZa7MHeFAMP6kHXccRR9zCNUuUOtT16OQwDHxQIDhEPYxpdZYHnamCT1x89Zm33vNw79INQXZGqrz7SgtzQ7VV--p3hCLLgvmlDjXTCo5_fwDVWzr7ynnphossZ6dVesRIoit7wd7osVc5Kq0np3JohfK2FNENmVFcQ0-kepMbEuiA&amp;__tn__=-]K-R\">Petr Palack\u00fd, radn\u00ed pro \u017eivotn\u00ed prost\u0159ed\u00ed a&nbsp;klima<\/a>.<\/p>\n\n\n\n<div style=\"height:20px\" aria-hidden=\"true\" class=\"wp-block-spacer\"><\/div>\n\n\n\n<p>Chceme, aby D\u017eb\u00e1n byl m\u00edsto pro lidi. Pro odpo\u010dinek, sport i&nbsp;kulturu. A&nbsp;hlavn\u011b aby jeho budoucnost mohli ovlivnit sami obyvatel\u00e9.<\/p>\n\n\n\n<div style=\"height:20px\" aria-hidden=\"true\" class=\"wp-block-spacer\"><\/div>\n\n\n\n<p>\u201eD\u017eb\u00e1n m\u00e1 obrovsk\u00fd potenci\u00e1l st\u00e1t se jedn\u00edm z&nbsp;nejkr\u00e1sn\u011bj\u0161\u00edch p\u0159\u00edrodn\u011b rekrea\u010dn\u00edch m\u00edst v&nbsp;Praze. Petic\u00ed z\u00e1rove\u0148 d\u00e1v\u00e1me lidem mo\u017enost \u0159\u00edct, co p\u0159esn\u011b tu cht\u011bj\u00ed,\u201c dopl\u0148uje Mariana \u010capkov\u00e1.<\/p>\n\n\n\n<div style=\"height:20px\" aria-hidden=\"true\" class=\"wp-block-spacer\"><\/div>\n\n\n\n<p><img loading=\"lazy\" decoding=\"async\" height=\"16\" width=\"16\" alt=\"\ud83d\udc49\" src=\"https:\/\/static.xx.fbcdn.net\/images\/emoji.php\/v9\/t51\/1\/16\/1f449.png\"> V&nbsp;n\u00e1sleduj\u00edc\u00edch t\u00fddnech n\u00e1s potk\u00e1te v&nbsp;ulic\u00edch Prahy 6. P\u0159ij\u010fte se pobavit a&nbsp;p\u0159ipojit sv\u016fj podpis.<\/p>\n\n\n\n<div style=\"height:20px\" aria-hidden=\"true\" class=\"wp-block-spacer\"><\/div>\n\n\n\n<p>Proto\u017ee o&nbsp;podob\u011b na\u0161eho m\u011bsta m\u00e1me rozhodovat spole\u010dn\u011b<\/p>\n\n\n\n<div style=\"height:20px\" aria-hidden=\"true\" class=\"wp-block-spacer\"><\/div>\n\n\n\n<figure class=\"wp-block-gallery has-nested-images columns-default is-cropped wp-block-gallery-1 is-layout-flex wp-block-gallery-is-layout-flex\">\n<figure class=\"wp-block-image size-large\"><img loading=\"lazy\" decoding=\"async\" width=\"1536\" height=\"2048\" data-id=\"2008\" src=\"http:\/\/prahasobe.cz\/praha6sobe\/wp-content\/uploads\/sites\/5\/2026\/04\/669687018_946035634682534_4066198696772303100_n-2.jpg\" alt=\"Z\u00e1stupci Praha 6 sob\u011b a Zelen\u00fdch p\u0159i zah\u00e1jen\u00ed petice Poj\u010fme naplnit D\u017eb\u00e1n\" class=\"wp-image-2008\" srcset=\"https:\/\/prahasobe.cz\/praha6sobe\/wp-content\/uploads\/sites\/5\/2026\/04\/669687018_946035634682534_4066198696772303100_n-2.jpg 1536w, https:\/\/prahasobe.cz\/praha6sobe\/wp-content\/uploads\/sites\/5\/2026\/04\/669687018_946035634682534_4066198696772303100_n-2-225x300.jpg 225w, https:\/\/prahasobe.cz\/praha6sobe\/wp-content\/uploads\/sites\/5\/2026\/04\/669687018_946035634682534_4066198696772303100_n-2-768x1024.jpg 768w, https:\/\/prahasobe.cz\/praha6sobe\/wp-content\/uploads\/sites\/5\/2026\/04\/669687018_946035634682534_4066198696772303100_n-2-1152x1536.jpg 1152w\" sizes=\"auto, (max-width: 1536px) 100vw, 1536px\" \/><\/figure>\n\n\n\n<figure class=\"wp-block-image size-large\"><img loading=\"lazy\" decoding=\"async\" width=\"1536\" height=\"2048\" data-id=\"2009\" src=\"http:\/\/prahasobe.cz\/praha6sobe\/wp-content\/uploads\/sites\/5\/2026\/04\/669410977_946035808015850_3901801415821684812_n.jpg\" alt=\"Z\u00e1stupci Praha 6 sob\u011b a Zelen\u00fdch p\u0159i zah\u00e1jen\u00ed petice Poj\u010fme naplnit D\u017eb\u00e1n\" class=\"wp-image-2009\" srcset=\"https:\/\/prahasobe.cz\/praha6sobe\/wp-content\/uploads\/sites\/5\/2026\/04\/669410977_946035808015850_3901801415821684812_n.jpg 1536w, https:\/\/prahasobe.cz\/praha6sobe\/wp-content\/uploads\/sites\/5\/2026\/04\/669410977_946035808015850_3901801415821684812_n-225x300.jpg 225w, https:\/\/prahasobe.cz\/praha6sobe\/wp-content\/uploads\/sites\/5\/2026\/04\/669410977_946035808015850_3901801415821684812_n-768x1024.jpg 768w, https:\/\/prahasobe.cz\/praha6sobe\/wp-content\/uploads\/sites\/5\/2026\/04\/669410977_946035808015850_3901801415821684812_n-1152x1536.jpg 1152w\" sizes=\"auto, (max-width: 1536px) 100vw, 1536px\" \/><\/figure>\n\n\n\n<figure class=\"wp-block-image size-large\"><img loading=\"lazy\" decoding=\"async\" width=\"2048\" height=\"1536\" data-id=\"2010\" src=\"http:\/\/prahasobe.cz\/praha6sobe\/wp-content\/uploads\/sites\/5\/2026\/04\/670188075_946035121349252_8786501687775192843_n.jpg\" alt=\"Z\u00e1stupci Praha 6 sob\u011b a Zelen\u00fdch p\u0159i zah\u00e1jen\u00ed petice Poj\u010fme naplnit D\u017eb\u00e1n\" class=\"wp-image-2010\" srcset=\"https:\/\/prahasobe.cz\/praha6sobe\/wp-content\/uploads\/sites\/5\/2026\/04\/670188075_946035121349252_8786501687775192843_n.jpg 2048w, https:\/\/prahasobe.cz\/praha6sobe\/wp-content\/uploads\/sites\/5\/2026\/04\/670188075_946035121349252_8786501687775192843_n-300x225.jpg 300w, https:\/\/prahasobe.cz\/praha6sobe\/wp-content\/uploads\/sites\/5\/2026\/04\/670188075_946035121349252_8786501687775192843_n-1024x768.jpg 1024w, https:\/\/prahasobe.cz\/praha6sobe\/wp-content\/uploads\/sites\/5\/2026\/04\/670188075_946035121349252_8786501687775192843_n-768x576.jpg 768w, https:\/\/prahasobe.cz\/praha6sobe\/wp-content\/uploads\/sites\/5\/2026\/04\/670188075_946035121349252_8786501687775192843_n-1536x1152.jpg 1536w\" sizes=\"auto, (max-width: 2048px) 100vw, 2048px\" \/><\/figure>\n\n\n\n<figure class=\"wp-block-image size-large\"><img loading=\"lazy\" decoding=\"async\" width=\"1536\" height=\"2048\" data-id=\"2011\" src=\"http:\/\/prahasobe.cz\/praha6sobe\/wp-content\/uploads\/sites\/5\/2026\/04\/670337372_946035478015883_8555704274217537768_n.jpg\" alt=\"Z\u00e1stupci Praha 6 sob\u011b a Zelen\u00fdch p\u0159i zah\u00e1jen\u00ed petice Poj\u010fme naplnit D\u017eb\u00e1n\" class=\"wp-image-2011\" srcset=\"https:\/\/prahasobe.cz\/praha6sobe\/wp-content\/uploads\/sites\/5\/2026\/04\/670337372_946035478015883_8555704274217537768_n.jpg 1536w, https:\/\/prahasobe.cz\/praha6sobe\/wp-content\/uploads\/sites\/5\/2026\/04\/670337372_946035478015883_8555704274217537768_n-225x300.jpg 225w, https:\/\/prahasobe.cz\/praha6sobe\/wp-content\/uploads\/sites\/5\/2026\/04\/670337372_946035478015883_8555704274217537768_n-768x1024.jpg 768w, https:\/\/prahasobe.cz\/praha6sobe\/wp-content\/uploads\/sites\/5\/2026\/04\/670337372_946035478015883_8555704274217537768_n-1152x1536.jpg 1152w\" sizes=\"auto, (max-width: 1536px) 100vw, 1536px\" \/><\/figure>\n\n\n\n<figure class=\"wp-block-image size-large\"><img loading=\"lazy\" decoding=\"async\" width=\"1536\" height=\"2048\" data-id=\"2012\" src=\"http:\/\/prahasobe.cz\/praha6sobe\/wp-content\/uploads\/sites\/5\/2026\/04\/670495319_946035844682513_5403101569156483248_n.jpg\" alt=\"Dobrovoln\u00edci ukl\u00edz\u00ed are\u00e1l D\u017eb\u00e1n v r\u00e1mci akce Ukli\u010fme \u010cesko\" class=\"wp-image-2012\" srcset=\"https:\/\/prahasobe.cz\/praha6sobe\/wp-content\/uploads\/sites\/5\/2026\/04\/670495319_946035844682513_5403101569156483248_n.jpg 1536w, https:\/\/prahasobe.cz\/praha6sobe\/wp-content\/uploads\/sites\/5\/2026\/04\/670495319_946035844682513_5403101569156483248_n-225x300.jpg 225w, https:\/\/prahasobe.cz\/praha6sobe\/wp-content\/uploads\/sites\/5\/2026\/04\/670495319_946035844682513_5403101569156483248_n-768x1024.jpg 768w, https:\/\/prahasobe.cz\/praha6sobe\/wp-content\/uploads\/sites\/5\/2026\/04\/670495319_946035844682513_5403101569156483248_n-1152x1536.jpg 1152w\" sizes=\"auto, (max-width: 1536px) 100vw, 1536px\" \/><\/figure>\n\n\n\n<figure class=\"wp-block-image size-large\"><img loading=\"lazy\" decoding=\"async\" width=\"2048\" height=\"1536\" data-id=\"2013\" src=\"http:\/\/prahasobe.cz\/praha6sobe\/wp-content\/uploads\/sites\/5\/2026\/04\/669759186_946035888015842_7802040920369780851_n.jpg\" alt=\"Dobrovoln\u00edci ukl\u00edz\u00ed are\u00e1l D\u017eb\u00e1n v r\u00e1mci akce Ukli\u010fme \u010cesko\" class=\"wp-image-2013\" srcset=\"https:\/\/prahasobe.cz\/praha6sobe\/wp-content\/uploads\/sites\/5\/2026\/04\/669759186_946035888015842_7802040920369780851_n.jpg 2048w, https:\/\/prahasobe.cz\/praha6sobe\/wp-content\/uploads\/sites\/5\/2026\/04\/669759186_946035888015842_7802040920369780851_n-300x225.jpg 300w, https:\/\/prahasobe.cz\/praha6sobe\/wp-content\/uploads\/sites\/5\/2026\/04\/669759186_946035888015842_7802040920369780851_n-1024x768.jpg 1024w, https:\/\/prahasobe.cz\/praha6sobe\/wp-content\/uploads\/sites\/5\/2026\/04\/669759186_946035888015842_7802040920369780851_n-768x576.jpg 768w, https:\/\/prahasobe.cz\/praha6sobe\/wp-content\/uploads\/sites\/5\/2026\/04\/669759186_946035888015842_7802040920369780851_n-1536x1152.jpg 1536w\" sizes=\"auto, (max-width: 2048px) 100vw, 2048px\" \/><\/figure>\n\n\n\n<figure class=\"wp-block-image size-large\"><img loading=\"lazy\" decoding=\"async\" width=\"1536\" height=\"2048\" data-id=\"2014\" src=\"http:\/\/prahasobe.cz\/praha6sobe\/wp-content\/uploads\/sites\/5\/2026\/04\/669848552_946035191349245_4344906361026240803_n.jpg\" alt=\"Dobrovoln\u00edci ukl\u00edz\u00ed are\u00e1l D\u017eb\u00e1n v r\u00e1mci akce Ukli\u010fme \u010cesko\" class=\"wp-image-2014\" srcset=\"https:\/\/prahasobe.cz\/praha6sobe\/wp-content\/uploads\/sites\/5\/2026\/04\/669848552_946035191349245_4344906361026240803_n.jpg 1536w, https:\/\/prahasobe.cz\/praha6sobe\/wp-content\/uploads\/sites\/5\/2026\/04\/669848552_946035191349245_4344906361026240803_n-225x300.jpg 225w, https:\/\/prahasobe.cz\/praha6sobe\/wp-content\/uploads\/sites\/5\/2026\/04\/669848552_946035191349245_4344906361026240803_n-768x1024.jpg 768w, https:\/\/prahasobe.cz\/praha6sobe\/wp-content\/uploads\/sites\/5\/2026\/04\/669848552_946035191349245_4344906361026240803_n-1152x1536.jpg 1152w\" sizes=\"auto, (max-width: 1536px) 100vw, 1536px\" \/><\/figure>\n\n\n\n<figure class=\"wp-block-image size-large\"><img loading=\"lazy\" decoding=\"async\" width=\"1536\" height=\"2048\" data-id=\"2015\" src=\"http:\/\/prahasobe.cz\/praha6sobe\/wp-content\/uploads\/sites\/5\/2026\/04\/670004139_946035421349222_1251869678585170770_n.jpg\" alt=\"Dobrovoln\u00edci ukl\u00edz\u00ed are\u00e1l D\u017eb\u00e1n v r\u00e1mci akce Ukli\u010fme \u010cesko\" class=\"wp-image-2015\" srcset=\"https:\/\/prahasobe.cz\/praha6sobe\/wp-content\/uploads\/sites\/5\/2026\/04\/670004139_946035421349222_1251869678585170770_n.jpg 1536w, https:\/\/prahasobe.cz\/praha6sobe\/wp-content\/uploads\/sites\/5\/2026\/04\/670004139_946035421349222_1251869678585170770_n-225x300.jpg 225w, https:\/\/prahasobe.cz\/praha6sobe\/wp-content\/uploads\/sites\/5\/2026\/04\/670004139_946035421349222_1251869678585170770_n-768x1024.jpg 768w, https:\/\/prahasobe.cz\/praha6sobe\/wp-content\/uploads\/sites\/5\/2026\/04\/670004139_946035421349222_1251869678585170770_n-1152x1536.jpg 1152w\" sizes=\"auto, (max-width: 1536px) 100vw, 1536px\" \/><\/figure>\n<\/figure>\n","protected":false},"excerpt":{"rendered":"<p>Budoucnost D\u017eb\u00e1nu je ve va\u0161ich rukou. Praha 6 sob\u011b a&nbsp;Zelen\u00ed jdou do podzimn\u00edch voleb spole\u010dn\u011b. Spojuj\u00ed n\u00e1s stejn\u00e9 hodnoty i&nbsp;zku\u0161enost z&nbsp;radnice a&nbsp;chu\u0165 d\u011blat v\u011bci smyslupln\u011b a&nbsp;s&nbsp;lidmi. \u201cNa Praze 6 u\u017e dnes spolupracujeme na konkr\u00e9tn\u00edch v\u011bcech a&nbsp;d\u00e1v\u00e1 n\u00e1m smysl tuhle zku\u0161enost p\u0159en\u00e9st i&nbsp;do voleb. Chceme nab\u00eddnout jasnou a&nbsp;srozumitelnou alternativu, kter\u00e1 se op\u00edr\u00e1 o&nbsp;zku\u0161enost z&nbsp;radnice i&nbsp;o&nbsp;ka\u017edodenn\u00ed kontakt [&hellip;]<\/p>\n","protected":false},"author":9,"featured_media":2002,"comment_status":"open","ping_status":"open","sticky":false,"template":"","format":"standard","meta":{"_acf_changed":false,"inline_featured_image":false,"footnotes":""},"categories":[4],"tags":[],"class_list":["post-2001","post","type-post","status-publish","format-standard","has-post-thumbnail","hentry","category-news"],"acf":[],"aioseo_notices":[],"distributor_meta":false,"distributor_terms":false,"distributor_media":false,"distributor_original_site_name":"Praha6Sob\u011b","distributor_original_site_url":"https:\/\/prahasobe.cz\/praha6sobe","push-errors":false,"_links":{"self":[{"href":"https:\/\/prahasobe.cz\/praha6sobe\/wp-json\/wp\/v2\/posts\/2001","targetHints":{"allow":["GET"]}}],"collection":[{"href":"https:\/\/prahasobe.cz\/praha6sobe\/wp-json\/wp\/v2\/posts"}],"about":[{"href":"https:\/\/prahasobe.cz\/praha6sobe\/wp-json\/wp\/v2\/types\/post"}],"author":[{"embeddable":true,"href":"https:\/\/prahasobe.cz\/praha6sobe\/wp-json\/wp\/v2\/users\/9"}],"replies":[{"embeddable":true,"href":"https:\/\/prahasobe.cz\/praha6sobe\/wp-json\/wp\/v2\/comments?post=2001"}],"version-history":[{"count":2,"href":"https:\/\/prahasobe.cz\/praha6sobe\/wp-json\/wp\/v2\/posts\/2001\/revisions"}],"predecessor-version":[{"id":2016,"href":"https:\/\/prahasobe.cz\/praha6sobe\/wp-json\/wp\/v2\/posts\/2001\/revisions\/2016"}],"wp:featuredmedia":[{"embeddable":true,"href":"https:\/\/prahasobe.cz\/praha6sobe\/wp-json\/wp\/v2\/media\/2002"}],"wp:attachment":[{"href":"https:\/\/prahasobe.cz\/praha6sobe\/wp-json\/wp\/v2\/media?parent=2001"}],"wp:term":[{"taxonomy":"category","embeddable":true,"href":"https:\/\/prahasobe.cz\/praha6sobe\/wp-json\/wp\/v2\/categories?post=2001"},{"taxonomy":"post_tag","embeddable":true,"href":"https:\/\/prahasobe.cz\/praha6sobe\/wp-json\/wp\/v2\/tags?post=2001"}],"curies":[{"name":"wp","href":"https:\/\/api.w.org\/{rel}","templated":true}]}}