{"id":1997,"date":"2026-04-24T10:31:00","date_gmt":"2026-04-24T10:31:00","guid":{"rendered":"https:\/\/prahasobe.cz\/praha6sobe\/?p=1997"},"modified":"2026-04-25T11:51:15","modified_gmt":"2026-04-25T11:51:15","slug":"komunitni-zahrada-bubenec-vstupuje-do-treti-sezony","status":"publish","type":"post","link":"https:\/\/prahasobe.cz\/praha6sobe\/2026\/04\/24\/komunitni-zahrada-bubenec-vstupuje-do-treti-sezony\/","title":{"rendered":"Komunitn\u00ed zahrada Bubene\u010d vstupuje do t\u0159et\u00ed sezony"},"content":{"rendered":"\n<p>Zahrada u&nbsp;kanadsk\u00e9 ambas\u00e1dy znovu o\u017e\u00edv\u00e1 \u2013 a&nbsp;letos ve velk\u00e9m. Zapojilo se u\u017e 50 rodin, nejv\u00edc od jej\u00edho vzniku.<\/p>\n\n\n\n<div style=\"height:20px\" aria-hidden=\"true\" class=\"wp-block-spacer\"><\/div>\n\n\n\n<p>A letos se zahrada je\u0161t\u011b v\u00edc otev\u0159e ve\u0159ejnosti <img loading=\"lazy\" decoding=\"async\" height=\"16\" width=\"16\" alt=\"\ud83d\udc47\" src=\"https:\/\/static.xx.fbcdn.net\/images\/emoji.php\/v9\/t4f\/1\/16\/1f447.png\"><\/p>\n\n\n\n<p>P\u011bstuje se tu zelenina, bylinky i&nbsp;jedl\u00e9 ke\u0159e, ale hlavn\u011b sousedsk\u00e9 vztahy. Jen loni tu dobrovoln\u00edci odpracovali p\u0159es 700 hodin.<\/p>\n\n\n\n<div style=\"height:19px\" aria-hidden=\"true\" class=\"wp-block-spacer\"><\/div>\n\n\n\n<p><img loading=\"lazy\" decoding=\"async\" height=\"16\" width=\"16\" alt=\"\ud83d\udc55\" src=\"https:\/\/static.xx.fbcdn.net\/images\/emoji.php\/v9\/tec\/1\/16\/1f455.png\"> 26.&nbsp;dubna swap v\u011bc\u00ed a&nbsp;oble\u010den\u00ed (10:00\u201315:00)<\/p>\n\n\n\n<p><img loading=\"lazy\" decoding=\"async\" height=\"16\" width=\"16\" alt=\"\ud83d\udd25\" src=\"https:\/\/static.xx.fbcdn.net\/images\/emoji.php\/v9\/t50\/1\/16\/1f525.png\"> 30.&nbsp;dubna \u010darod\u011bjnice (15:00\u201319:00)<\/p>\n\n\n\n<div style=\"height:20px\" aria-hidden=\"true\" class=\"wp-block-spacer\"><\/div>\n\n\n\n<p>P\u0159ij\u010fte se pod\u00edvat, posed\u011bt nebo se zapojit. Proto\u017ee i&nbsp;uprost\u0159ed m\u011bsta m\u016f\u017ee vzniknout m\u00edsto, kde to opravdu \u017eije<\/p>\n","protected":false},"excerpt":{"rendered":"<p>Zahrada u&nbsp;kanadsk\u00e9 ambas\u00e1dy znovu o\u017e\u00edv\u00e1 \u2013 a&nbsp;letos ve velk\u00e9m. Zapojilo se u\u017e 50 rodin, nejv\u00edc od jej\u00edho vzniku. A&nbsp;letos se zahrada je\u0161t\u011b v\u00edc otev\u0159e ve\u0159ejnosti P\u011bstuje se tu zelenina, bylinky i&nbsp;jedl\u00e9 ke\u0159e, ale hlavn\u011b sousedsk\u00e9 vztahy. Jen loni tu dobrovoln\u00edci odpracovali p\u0159es 700 hodin. 26.&nbsp;dubna swap v\u011bc\u00ed a&nbsp;oble\u010den\u00ed (10:00\u201315:00) 30.&nbsp;dubna \u010darod\u011bjnice (15:00\u201319:00) P\u0159ij\u010fte se [&hellip;]<\/p>\n","protected":false},"author":9,"featured_media":2000,"comment_status":"open","ping_status":"open","sticky":false,"template":"","format":"standard","meta":{"_acf_changed":false,"inline_featured_image":false,"footnotes":""},"categories":[4],"tags":[],"class_list":["post-1997","post","type-post","status-publish","format-standard","has-post-thumbnail","hentry","category-news"],"acf":[],"aioseo_notices":[],"distributor_meta":false,"distributor_terms":false,"distributor_media":false,"distributor_original_site_name":"Praha6Sob\u011b","distributor_original_site_url":"https:\/\/prahasobe.cz\/praha6sobe","push-errors":false,"_links":{"self":[{"href":"https:\/\/prahasobe.cz\/praha6sobe\/wp-json\/wp\/v2\/posts\/1997","targetHints":{"allow":["GET"]}}],"collection":[{"href":"https:\/\/prahasobe.cz\/praha6sobe\/wp-json\/wp\/v2\/posts"}],"about":[{"href":"https:\/\/prahasobe.cz\/praha6sobe\/wp-json\/wp\/v2\/types\/post"}],"author":[{"embeddable":true,"href":"https:\/\/prahasobe.cz\/praha6sobe\/wp-json\/wp\/v2\/users\/9"}],"replies":[{"embeddable":true,"href":"https:\/\/prahasobe.cz\/praha6sobe\/wp-json\/wp\/v2\/comments?post=1997"}],"version-history":[{"count":1,"href":"https:\/\/prahasobe.cz\/praha6sobe\/wp-json\/wp\/v2\/posts\/1997\/revisions"}],"predecessor-version":[{"id":1998,"href":"https:\/\/prahasobe.cz\/praha6sobe\/wp-json\/wp\/v2\/posts\/1997\/revisions\/1998"}],"wp:featuredmedia":[{"embeddable":true,"href":"https:\/\/prahasobe.cz\/praha6sobe\/wp-json\/wp\/v2\/media\/2000"}],"wp:attachment":[{"href":"https:\/\/prahasobe.cz\/praha6sobe\/wp-json\/wp\/v2\/media?parent=1997"}],"wp:term":[{"taxonomy":"category","embeddable":true,"href":"https:\/\/prahasobe.cz\/praha6sobe\/wp-json\/wp\/v2\/categories?post=1997"},{"taxonomy":"post_tag","embeddable":true,"href":"https:\/\/prahasobe.cz\/praha6sobe\/wp-json\/wp\/v2\/tags?post=1997"}],"curies":[{"name":"wp","href":"https:\/\/api.w.org\/{rel}","templated":true}]}}