{"id":1990,"date":"2026-02-19T10:18:00","date_gmt":"2026-02-19T10:18:00","guid":{"rendered":"https:\/\/prahasobe.cz\/praha6sobe\/?p=1990"},"modified":"2026-04-25T10:28:03","modified_gmt":"2026-04-25T10:28:03","slug":"nadrazi-dejvice-miri-pod-zem","status":"publish","type":"post","link":"https:\/\/prahasobe.cz\/praha6sobe\/2026\/02\/19\/nadrazi-dejvice-miri-pod-zem\/","title":{"rendered":"N\u00e1dra\u017e\u00ed Dejvice m\u00ed\u0159\u00ed pod zem"},"content":{"rendered":"\n<p>Spr\u00e1va \u017eeleznic poprv\u00e9 zve\u0159ejnila vizualizace nov\u00e9 podzemn\u00ed stanice Praha-Dejvice, kter\u00e1 vznikne v&nbsp;r\u00e1mci modernizace trati na Leti\u0161t\u011b V\u00e1clava Havla a&nbsp;do Kladna. Vlaky se p\u0159esunou pod zem a&nbsp;nov\u00e1 stanice nab\u00eddne p\u0159\u00edm\u00fd p\u0159estup na metro Hrad\u010dansk\u00e1.<\/p>\n\n\n\n<div style=\"height:20px\" aria-hidden=\"true\" class=\"wp-block-spacer\"><\/div>\n\n\n\n<p>Te\u010f je d\u016fle\u017eit\u00e9, aby nov\u00e1 dopravn\u00ed infrastruktura \u0161la ruku v&nbsp;ruce s&nbsp;citliv\u00fdm \u0159e\u0161en\u00edm okol\u00ed.<\/p>\n\n\n\n<div style=\"height:20px\" aria-hidden=\"true\" class=\"wp-block-spacer\"><\/div>\n\n\n\n<p>Jak se v\u00e1m nov\u00e1 podoba stanice l\u00edb\u00ed? Napi\u0161te n\u00e1m do koment\u00e1\u0159\u016f.<\/p>\n\n\n\n<div style=\"height:20px\" aria-hidden=\"true\" class=\"wp-block-spacer\"><\/div>\n\n\n\n<figure class=\"wp-block-gallery has-nested-images columns-default is-cropped wp-block-gallery-1 is-layout-flex wp-block-gallery-is-layout-flex\">\n<figure class=\"wp-block-image size-large\"><img loading=\"lazy\" decoding=\"async\" width=\"2000\" height=\"1334\" data-id=\"1991\" src=\"http:\/\/prahasobe.cz\/praha6sobe\/wp-content\/uploads\/sites\/5\/2026\/04\/637124937_906086162010815_7376592513579088175_n.jpg\" alt=\"Vizualizace podzemn\u00ed stanice Praha Dejvice modern\u00ed \u017eelezni\u010dn\u00ed uzel\" class=\"wp-image-1991\" srcset=\"https:\/\/prahasobe.cz\/praha6sobe\/wp-content\/uploads\/sites\/5\/2026\/04\/637124937_906086162010815_7376592513579088175_n.jpg 2000w, https:\/\/prahasobe.cz\/praha6sobe\/wp-content\/uploads\/sites\/5\/2026\/04\/637124937_906086162010815_7376592513579088175_n-300x200.jpg 300w, https:\/\/prahasobe.cz\/praha6sobe\/wp-content\/uploads\/sites\/5\/2026\/04\/637124937_906086162010815_7376592513579088175_n-1024x683.jpg 1024w, https:\/\/prahasobe.cz\/praha6sobe\/wp-content\/uploads\/sites\/5\/2026\/04\/637124937_906086162010815_7376592513579088175_n-768x512.jpg 768w, https:\/\/prahasobe.cz\/praha6sobe\/wp-content\/uploads\/sites\/5\/2026\/04\/637124937_906086162010815_7376592513579088175_n-1536x1025.jpg 1536w\" sizes=\"auto, (max-width: 2000px) 100vw, 2000px\" \/><\/figure>\n\n\n\n<figure class=\"wp-block-image size-large\"><img loading=\"lazy\" decoding=\"async\" width=\"2000\" height=\"1334\" data-id=\"1993\" src=\"http:\/\/prahasobe.cz\/praha6sobe\/wp-content\/uploads\/sites\/5\/2026\/04\/638445120_906086142010817_3728834418734517113_n.jpg\" alt=\"Vizualizace podzemn\u00ed stanice Praha Dejvice modern\u00ed \u017eelezni\u010dn\u00ed uzel\" class=\"wp-image-1993\" srcset=\"https:\/\/prahasobe.cz\/praha6sobe\/wp-content\/uploads\/sites\/5\/2026\/04\/638445120_906086142010817_3728834418734517113_n.jpg 2000w, https:\/\/prahasobe.cz\/praha6sobe\/wp-content\/uploads\/sites\/5\/2026\/04\/638445120_906086142010817_3728834418734517113_n-300x200.jpg 300w, https:\/\/prahasobe.cz\/praha6sobe\/wp-content\/uploads\/sites\/5\/2026\/04\/638445120_906086142010817_3728834418734517113_n-1024x683.jpg 1024w, https:\/\/prahasobe.cz\/praha6sobe\/wp-content\/uploads\/sites\/5\/2026\/04\/638445120_906086142010817_3728834418734517113_n-768x512.jpg 768w, https:\/\/prahasobe.cz\/praha6sobe\/wp-content\/uploads\/sites\/5\/2026\/04\/638445120_906086142010817_3728834418734517113_n-1536x1025.jpg 1536w\" sizes=\"auto, (max-width: 2000px) 100vw, 2000px\" \/><\/figure>\n\n\n\n<figure class=\"wp-block-image size-large\"><img loading=\"lazy\" decoding=\"async\" width=\"1600\" height=\"1600\" data-id=\"1994\" src=\"http:\/\/prahasobe.cz\/praha6sobe\/wp-content\/uploads\/sites\/5\/2026\/04\/WhatsApp-Image-2026-04-25-at-12.21.12.jpeg\" alt=\"Vizualizace podzemn\u00ed stanice Praha Dejvice modern\u00ed \u017eelezni\u010dn\u00ed uzel\" class=\"wp-image-1994\" srcset=\"https:\/\/prahasobe.cz\/praha6sobe\/wp-content\/uploads\/sites\/5\/2026\/04\/WhatsApp-Image-2026-04-25-at-12.21.12.jpeg 1600w, https:\/\/prahasobe.cz\/praha6sobe\/wp-content\/uploads\/sites\/5\/2026\/04\/WhatsApp-Image-2026-04-25-at-12.21.12-300x300.jpeg 300w, https:\/\/prahasobe.cz\/praha6sobe\/wp-content\/uploads\/sites\/5\/2026\/04\/WhatsApp-Image-2026-04-25-at-12.21.12-1024x1024.jpeg 1024w, https:\/\/prahasobe.cz\/praha6sobe\/wp-content\/uploads\/sites\/5\/2026\/04\/WhatsApp-Image-2026-04-25-at-12.21.12-150x150.jpeg 150w, https:\/\/prahasobe.cz\/praha6sobe\/wp-content\/uploads\/sites\/5\/2026\/04\/WhatsApp-Image-2026-04-25-at-12.21.12-768x768.jpeg 768w, https:\/\/prahasobe.cz\/praha6sobe\/wp-content\/uploads\/sites\/5\/2026\/04\/WhatsApp-Image-2026-04-25-at-12.21.12-1536x1536.jpeg 1536w\" sizes=\"auto, (max-width: 1600px) 100vw, 1600px\" \/><\/figure>\n\n\n\n<figure class=\"wp-block-image size-large\"><img loading=\"lazy\" decoding=\"async\" width=\"2000\" height=\"1334\" data-id=\"1992\" src=\"http:\/\/prahasobe.cz\/praha6sobe\/wp-content\/uploads\/sites\/5\/2026\/04\/637283843_906086122010819_5917292554848484515_n.jpg\" alt=\"Vizualizace podzemn\u00ed stanice Praha Dejvice modern\u00ed \u017eelezni\u010dn\u00ed uzel\" class=\"wp-image-1992\" srcset=\"https:\/\/prahasobe.cz\/praha6sobe\/wp-content\/uploads\/sites\/5\/2026\/04\/637283843_906086122010819_5917292554848484515_n.jpg 2000w, https:\/\/prahasobe.cz\/praha6sobe\/wp-content\/uploads\/sites\/5\/2026\/04\/637283843_906086122010819_5917292554848484515_n-300x200.jpg 300w, https:\/\/prahasobe.cz\/praha6sobe\/wp-content\/uploads\/sites\/5\/2026\/04\/637283843_906086122010819_5917292554848484515_n-1024x683.jpg 1024w, https:\/\/prahasobe.cz\/praha6sobe\/wp-content\/uploads\/sites\/5\/2026\/04\/637283843_906086122010819_5917292554848484515_n-768x512.jpg 768w, https:\/\/prahasobe.cz\/praha6sobe\/wp-content\/uploads\/sites\/5\/2026\/04\/637283843_906086122010819_5917292554848484515_n-1536x1025.jpg 1536w\" sizes=\"auto, (max-width: 2000px) 100vw, 2000px\" \/><\/figure>\n<\/figure>\n","protected":false},"excerpt":{"rendered":"<p>Spr\u00e1va \u017eeleznic poprv\u00e9 zve\u0159ejnila vizualizace nov\u00e9 podzemn\u00ed stanice Praha-Dejvice, kter\u00e1 vznikne v&nbsp;r\u00e1mci modernizace trati na Leti\u0161t\u011b V\u00e1clava Havla a&nbsp;do Kladna. Vlaky se p\u0159esunou pod zem a&nbsp;nov\u00e1 stanice nab\u00eddne p\u0159\u00edm\u00fd p\u0159estup na metro Hrad\u010dansk\u00e1. Te\u010f je d\u016fle\u017eit\u00e9, aby nov\u00e1 dopravn\u00ed infrastruktura \u0161la ruku v&nbsp;ruce s&nbsp;citliv\u00fdm \u0159e\u0161en\u00edm okol\u00ed. Jak se v\u00e1m nov\u00e1 podoba stanice l\u00edb\u00ed? Napi\u0161te n\u00e1m [&hellip;]<\/p>\n","protected":false},"author":9,"featured_media":1995,"comment_status":"open","ping_status":"open","sticky":false,"template":"","format":"standard","meta":{"_acf_changed":false,"inline_featured_image":false,"footnotes":""},"categories":[4],"tags":[],"class_list":["post-1990","post","type-post","status-publish","format-standard","has-post-thumbnail","hentry","category-news"],"acf":[],"aioseo_notices":[],"distributor_meta":false,"distributor_terms":false,"distributor_media":false,"distributor_original_site_name":"Praha6Sob\u011b","distributor_original_site_url":"https:\/\/prahasobe.cz\/praha6sobe","push-errors":false,"_links":{"self":[{"href":"https:\/\/prahasobe.cz\/praha6sobe\/wp-json\/wp\/v2\/posts\/1990","targetHints":{"allow":["GET"]}}],"collection":[{"href":"https:\/\/prahasobe.cz\/praha6sobe\/wp-json\/wp\/v2\/posts"}],"about":[{"href":"https:\/\/prahasobe.cz\/praha6sobe\/wp-json\/wp\/v2\/types\/post"}],"author":[{"embeddable":true,"href":"https:\/\/prahasobe.cz\/praha6sobe\/wp-json\/wp\/v2\/users\/9"}],"replies":[{"embeddable":true,"href":"https:\/\/prahasobe.cz\/praha6sobe\/wp-json\/wp\/v2\/comments?post=1990"}],"version-history":[{"count":1,"href":"https:\/\/prahasobe.cz\/praha6sobe\/wp-json\/wp\/v2\/posts\/1990\/revisions"}],"predecessor-version":[{"id":1996,"href":"https:\/\/prahasobe.cz\/praha6sobe\/wp-json\/wp\/v2\/posts\/1990\/revisions\/1996"}],"wp:featuredmedia":[{"embeddable":true,"href":"https:\/\/prahasobe.cz\/praha6sobe\/wp-json\/wp\/v2\/media\/1995"}],"wp:attachment":[{"href":"https:\/\/prahasobe.cz\/praha6sobe\/wp-json\/wp\/v2\/media?parent=1990"}],"wp:term":[{"taxonomy":"category","embeddable":true,"href":"https:\/\/prahasobe.cz\/praha6sobe\/wp-json\/wp\/v2\/categories?post=1990"},{"taxonomy":"post_tag","embeddable":true,"href":"https:\/\/prahasobe.cz\/praha6sobe\/wp-json\/wp\/v2\/tags?post=1990"}],"curies":[{"name":"wp","href":"https:\/\/api.w.org\/{rel}","templated":true}]}}