{"id":1970,"date":"2026-04-16T12:20:00","date_gmt":"2026-04-16T12:20:00","guid":{"rendered":"https:\/\/prahasobe.cz\/praha6sobe\/?p=1970"},"modified":"2026-04-22T12:33:05","modified_gmt":"2026-04-22T12:33:05","slug":"odstartovali-jsme-sber-podpisu-pro-dzban","status":"publish","type":"post","link":"https:\/\/prahasobe.cz\/praha6sobe\/2026\/04\/16\/odstartovali-jsme-sber-podpisu-pro-dzban\/","title":{"rendered":"Odstartovali jsme sb\u011br podpis\u016f pro D\u017eb\u00e1n"},"content":{"rendered":"\n<p>V\u010dera jsme poprv\u00e9 vyrazili na Hrad\u010danskou s&nbsp;petic\u00ed Poj\u010fme naplnit D\u017eb\u00e1n a&nbsp;hned prvn\u00ed den n\u00e1m uk\u00e1zal, \u017ee tohle t\u00e9ma lidi opravdu zaj\u00edm\u00e1.<\/p>\n\n\n\n<div style=\"height:20px\" aria-hidden=\"true\" class=\"wp-block-spacer\"><\/div>\n\n\n\n<p>D\u011bkujeme v\u0161em, kdo se zastavili, podepsali nebo se s&nbsp;n\u00e1mi dali do \u0159e\u010di. Moc si toho v\u00e1\u017e\u00edme.<\/p>\n\n\n\n<div style=\"height:20px\" aria-hidden=\"true\" class=\"wp-block-spacer\"><\/div>\n\n\n\n<p>Pokra\u010dujeme d\u00e1l a&nbsp;v&nbsp;n\u00e1sleduj\u00edc\u00edch dnech n\u00e1s potk\u00e1te znovu v&nbsp;ulic\u00edch Prahy 6.<\/p>\n\n\n\n<div style=\"height:20px\" aria-hidden=\"true\" class=\"wp-block-spacer\"><\/div>\n\n\n\n<p>D\u00edky, \u017ee v&nbsp;tom jedete s&nbsp;n\u00e1mi <img loading=\"lazy\" decoding=\"async\" height=\"16\" width=\"16\" src=\"https:\/\/static.xx.fbcdn.net\/images\/emoji.php\/v9\/tb4\/2\/16\/1f49b.png\" alt=\"\ud83d\udc9b\"><\/p>\n\n\n\n<div style=\"height:21px\" aria-hidden=\"true\" class=\"wp-block-spacer\"><\/div>\n\n\n\n<figure class=\"wp-block-gallery has-nested-images columns-default is-cropped wp-block-gallery-1 is-layout-flex wp-block-gallery-is-layout-flex\">\n<figure class=\"wp-block-image size-large\"><img loading=\"lazy\" decoding=\"async\" width=\"1152\" height=\"2048\" data-id=\"1971\" src=\"http:\/\/prahasobe.cz\/praha6sobe\/wp-content\/uploads\/sites\/5\/2026\/04\/671865656_949725804313517_1402801243392291222_n.jpg\" alt=\"Sb\u011br podpis\u016f pro petici D\u017eb\u00e1n Praha 6 na Hrad\u010dansk\u00e9\" class=\"wp-image-1971\" srcset=\"https:\/\/prahasobe.cz\/praha6sobe\/wp-content\/uploads\/sites\/5\/2026\/04\/671865656_949725804313517_1402801243392291222_n.jpg 1152w, https:\/\/prahasobe.cz\/praha6sobe\/wp-content\/uploads\/sites\/5\/2026\/04\/671865656_949725804313517_1402801243392291222_n-169x300.jpg 169w, https:\/\/prahasobe.cz\/praha6sobe\/wp-content\/uploads\/sites\/5\/2026\/04\/671865656_949725804313517_1402801243392291222_n-576x1024.jpg 576w, https:\/\/prahasobe.cz\/praha6sobe\/wp-content\/uploads\/sites\/5\/2026\/04\/671865656_949725804313517_1402801243392291222_n-768x1365.jpg 768w, https:\/\/prahasobe.cz\/praha6sobe\/wp-content\/uploads\/sites\/5\/2026\/04\/671865656_949725804313517_1402801243392291222_n-864x1536.jpg 864w\" sizes=\"auto, (max-width: 1152px) 100vw, 1152px\" \/><\/figure>\n\n\n\n<figure class=\"wp-block-image size-large\"><img loading=\"lazy\" decoding=\"async\" width=\"1536\" height=\"2048\" data-id=\"1972\" src=\"http:\/\/prahasobe.cz\/praha6sobe\/wp-content\/uploads\/sites\/5\/2026\/04\/672129186_949725967646834_6867782437297578228_n.jpg\" alt=\"Sb\u011br podpis\u016f pro petici D\u017eb\u00e1n Praha 6 na Hrad\u010dansk\u00e9\" class=\"wp-image-1972\" srcset=\"https:\/\/prahasobe.cz\/praha6sobe\/wp-content\/uploads\/sites\/5\/2026\/04\/672129186_949725967646834_6867782437297578228_n.jpg 1536w, https:\/\/prahasobe.cz\/praha6sobe\/wp-content\/uploads\/sites\/5\/2026\/04\/672129186_949725967646834_6867782437297578228_n-225x300.jpg 225w, https:\/\/prahasobe.cz\/praha6sobe\/wp-content\/uploads\/sites\/5\/2026\/04\/672129186_949725967646834_6867782437297578228_n-768x1024.jpg 768w, https:\/\/prahasobe.cz\/praha6sobe\/wp-content\/uploads\/sites\/5\/2026\/04\/672129186_949725967646834_6867782437297578228_n-1152x1536.jpg 1152w\" sizes=\"auto, (max-width: 1536px) 100vw, 1536px\" \/><\/figure>\n\n\n\n<figure class=\"wp-block-image size-large\"><img loading=\"lazy\" decoding=\"async\" width=\"1536\" height=\"2048\" data-id=\"1973\" src=\"http:\/\/prahasobe.cz\/praha6sobe\/wp-content\/uploads\/sites\/5\/2026\/04\/672165761_949725494313548_9049166607769275223_n.jpg\" alt=\"Sb\u011br podpis\u016f pro petici D\u017eb\u00e1n Praha 6 na Hrad\u010dansk\u00e9\" class=\"wp-image-1973\" srcset=\"https:\/\/prahasobe.cz\/praha6sobe\/wp-content\/uploads\/sites\/5\/2026\/04\/672165761_949725494313548_9049166607769275223_n.jpg 1536w, https:\/\/prahasobe.cz\/praha6sobe\/wp-content\/uploads\/sites\/5\/2026\/04\/672165761_949725494313548_9049166607769275223_n-225x300.jpg 225w, https:\/\/prahasobe.cz\/praha6sobe\/wp-content\/uploads\/sites\/5\/2026\/04\/672165761_949725494313548_9049166607769275223_n-768x1024.jpg 768w, https:\/\/prahasobe.cz\/praha6sobe\/wp-content\/uploads\/sites\/5\/2026\/04\/672165761_949725494313548_9049166607769275223_n-1152x1536.jpg 1152w\" sizes=\"auto, (max-width: 1536px) 100vw, 1536px\" \/><\/figure>\n\n\n\n<figure class=\"wp-block-image size-large\"><img loading=\"lazy\" decoding=\"async\" width=\"1536\" height=\"2048\" data-id=\"1974\" src=\"http:\/\/prahasobe.cz\/praha6sobe\/wp-content\/uploads\/sites\/5\/2026\/04\/672236382_949725774313520_2649008686639423776_n.jpg\" alt=\"Sb\u011br podpis\u016f pro petici D\u017eb\u00e1n Praha 6 na Hrad\u010dansk\u00e9\" class=\"wp-image-1974\" srcset=\"https:\/\/prahasobe.cz\/praha6sobe\/wp-content\/uploads\/sites\/5\/2026\/04\/672236382_949725774313520_2649008686639423776_n.jpg 1536w, https:\/\/prahasobe.cz\/praha6sobe\/wp-content\/uploads\/sites\/5\/2026\/04\/672236382_949725774313520_2649008686639423776_n-225x300.jpg 225w, https:\/\/prahasobe.cz\/praha6sobe\/wp-content\/uploads\/sites\/5\/2026\/04\/672236382_949725774313520_2649008686639423776_n-768x1024.jpg 768w, https:\/\/prahasobe.cz\/praha6sobe\/wp-content\/uploads\/sites\/5\/2026\/04\/672236382_949725774313520_2649008686639423776_n-1152x1536.jpg 1152w\" sizes=\"auto, (max-width: 1536px) 100vw, 1536px\" \/><\/figure>\n\n\n\n<figure class=\"wp-block-image size-large\"><img loading=\"lazy\" decoding=\"async\" width=\"2048\" height=\"1536\" data-id=\"1975\" src=\"http:\/\/prahasobe.cz\/praha6sobe\/wp-content\/uploads\/sites\/5\/2026\/04\/672672312_949725647646866_1636614961401330020_n.jpg\" alt=\"Sb\u011br podpis\u016f pro petici D\u017eb\u00e1n Praha 6 na Hrad\u010dansk\u00e9\" class=\"wp-image-1975\" srcset=\"https:\/\/prahasobe.cz\/praha6sobe\/wp-content\/uploads\/sites\/5\/2026\/04\/672672312_949725647646866_1636614961401330020_n.jpg 2048w, https:\/\/prahasobe.cz\/praha6sobe\/wp-content\/uploads\/sites\/5\/2026\/04\/672672312_949725647646866_1636614961401330020_n-300x225.jpg 300w, https:\/\/prahasobe.cz\/praha6sobe\/wp-content\/uploads\/sites\/5\/2026\/04\/672672312_949725647646866_1636614961401330020_n-1024x768.jpg 1024w, https:\/\/prahasobe.cz\/praha6sobe\/wp-content\/uploads\/sites\/5\/2026\/04\/672672312_949725647646866_1636614961401330020_n-768x576.jpg 768w, https:\/\/prahasobe.cz\/praha6sobe\/wp-content\/uploads\/sites\/5\/2026\/04\/672672312_949725647646866_1636614961401330020_n-1536x1152.jpg 1536w\" sizes=\"auto, (max-width: 2048px) 100vw, 2048px\" \/><\/figure>\n\n\n\n<figure class=\"wp-block-image size-large\"><img loading=\"lazy\" decoding=\"async\" width=\"2048\" height=\"1536\" data-id=\"1976\" src=\"http:\/\/prahasobe.cz\/praha6sobe\/wp-content\/uploads\/sites\/5\/2026\/04\/672677170_949725744313523_8458535681392229322_n.jpg\" alt=\"Lid\u00e9 podepisuj\u00ed petici Poj\u010fme naplnit D\u017eb\u00e1n Praha 6\" class=\"wp-image-1976\" srcset=\"https:\/\/prahasobe.cz\/praha6sobe\/wp-content\/uploads\/sites\/5\/2026\/04\/672677170_949725744313523_8458535681392229322_n.jpg 2048w, https:\/\/prahasobe.cz\/praha6sobe\/wp-content\/uploads\/sites\/5\/2026\/04\/672677170_949725744313523_8458535681392229322_n-300x225.jpg 300w, https:\/\/prahasobe.cz\/praha6sobe\/wp-content\/uploads\/sites\/5\/2026\/04\/672677170_949725744313523_8458535681392229322_n-1024x768.jpg 1024w, https:\/\/prahasobe.cz\/praha6sobe\/wp-content\/uploads\/sites\/5\/2026\/04\/672677170_949725744313523_8458535681392229322_n-768x576.jpg 768w, https:\/\/prahasobe.cz\/praha6sobe\/wp-content\/uploads\/sites\/5\/2026\/04\/672677170_949725744313523_8458535681392229322_n-1536x1152.jpg 1536w\" sizes=\"auto, (max-width: 2048px) 100vw, 2048px\" \/><\/figure>\n\n\n\n<figure class=\"wp-block-image size-large\"><img loading=\"lazy\" decoding=\"async\" width=\"1536\" height=\"2048\" data-id=\"1977\" src=\"http:\/\/prahasobe.cz\/praha6sobe\/wp-content\/uploads\/sites\/5\/2026\/04\/672677223_949725537646877_8438736740131202669_n.jpg\" alt=\"Lid\u00e9 podepisuj\u00ed petici Poj\u010fme naplnit D\u017eb\u00e1n Praha 6\" class=\"wp-image-1977\" srcset=\"https:\/\/prahasobe.cz\/praha6sobe\/wp-content\/uploads\/sites\/5\/2026\/04\/672677223_949725537646877_8438736740131202669_n.jpg 1536w, https:\/\/prahasobe.cz\/praha6sobe\/wp-content\/uploads\/sites\/5\/2026\/04\/672677223_949725537646877_8438736740131202669_n-225x300.jpg 225w, https:\/\/prahasobe.cz\/praha6sobe\/wp-content\/uploads\/sites\/5\/2026\/04\/672677223_949725537646877_8438736740131202669_n-768x1024.jpg 768w, https:\/\/prahasobe.cz\/praha6sobe\/wp-content\/uploads\/sites\/5\/2026\/04\/672677223_949725537646877_8438736740131202669_n-1152x1536.jpg 1152w\" sizes=\"auto, (max-width: 1536px) 100vw, 1536px\" \/><\/figure>\n\n\n\n<figure class=\"wp-block-image size-large\"><img loading=\"lazy\" decoding=\"async\" width=\"1152\" height=\"2048\" data-id=\"1978\" src=\"http:\/\/prahasobe.cz\/praha6sobe\/wp-content\/uploads\/sites\/5\/2026\/04\/672677258_949725857646845_2492571530986428126_n.jpg\" alt=\"Lid\u00e9 podepisuj\u00ed petici Poj\u010fme naplnit D\u017eb\u00e1n Praha 6\" class=\"wp-image-1978\" srcset=\"https:\/\/prahasobe.cz\/praha6sobe\/wp-content\/uploads\/sites\/5\/2026\/04\/672677258_949725857646845_2492571530986428126_n.jpg 1152w, https:\/\/prahasobe.cz\/praha6sobe\/wp-content\/uploads\/sites\/5\/2026\/04\/672677258_949725857646845_2492571530986428126_n-169x300.jpg 169w, https:\/\/prahasobe.cz\/praha6sobe\/wp-content\/uploads\/sites\/5\/2026\/04\/672677258_949725857646845_2492571530986428126_n-576x1024.jpg 576w, https:\/\/prahasobe.cz\/praha6sobe\/wp-content\/uploads\/sites\/5\/2026\/04\/672677258_949725857646845_2492571530986428126_n-768x1365.jpg 768w, https:\/\/prahasobe.cz\/praha6sobe\/wp-content\/uploads\/sites\/5\/2026\/04\/672677258_949725857646845_2492571530986428126_n-864x1536.jpg 864w\" sizes=\"auto, (max-width: 1152px) 100vw, 1152px\" \/><\/figure>\n\n\n\n<figure class=\"wp-block-image size-large\"><img loading=\"lazy\" decoding=\"async\" width=\"1536\" height=\"2048\" data-id=\"1979\" src=\"http:\/\/prahasobe.cz\/praha6sobe\/wp-content\/uploads\/sites\/5\/2026\/04\/672677258_949726034313494_4938013471448449911_n.jpg\" alt=\"Lid\u00e9 podepisuj\u00ed petici Poj\u010fme naplnit D\u017eb\u00e1n Praha 6\" class=\"wp-image-1979\" srcset=\"https:\/\/prahasobe.cz\/praha6sobe\/wp-content\/uploads\/sites\/5\/2026\/04\/672677258_949726034313494_4938013471448449911_n.jpg 1536w, https:\/\/prahasobe.cz\/praha6sobe\/wp-content\/uploads\/sites\/5\/2026\/04\/672677258_949726034313494_4938013471448449911_n-225x300.jpg 225w, https:\/\/prahasobe.cz\/praha6sobe\/wp-content\/uploads\/sites\/5\/2026\/04\/672677258_949726034313494_4938013471448449911_n-768x1024.jpg 768w, https:\/\/prahasobe.cz\/praha6sobe\/wp-content\/uploads\/sites\/5\/2026\/04\/672677258_949726034313494_4938013471448449911_n-1152x1536.jpg 1152w\" sizes=\"auto, (max-width: 1536px) 100vw, 1536px\" \/><\/figure>\n\n\n\n<figure class=\"wp-block-image size-large\"><img loading=\"lazy\" decoding=\"async\" width=\"1536\" height=\"2048\" data-id=\"1980\" src=\"http:\/\/prahasobe.cz\/praha6sobe\/wp-content\/uploads\/sites\/5\/2026\/04\/672689942_949726010980163_3298661088780242841_n.jpg\" alt=\"Lid\u00e9 podepisuj\u00ed petici Poj\u010fme naplnit D\u017eb\u00e1n Praha 6\" class=\"wp-image-1980\" srcset=\"https:\/\/prahasobe.cz\/praha6sobe\/wp-content\/uploads\/sites\/5\/2026\/04\/672689942_949726010980163_3298661088780242841_n.jpg 1536w, https:\/\/prahasobe.cz\/praha6sobe\/wp-content\/uploads\/sites\/5\/2026\/04\/672689942_949726010980163_3298661088780242841_n-225x300.jpg 225w, https:\/\/prahasobe.cz\/praha6sobe\/wp-content\/uploads\/sites\/5\/2026\/04\/672689942_949726010980163_3298661088780242841_n-768x1024.jpg 768w, https:\/\/prahasobe.cz\/praha6sobe\/wp-content\/uploads\/sites\/5\/2026\/04\/672689942_949726010980163_3298661088780242841_n-1152x1536.jpg 1152w\" sizes=\"auto, (max-width: 1536px) 100vw, 1536px\" \/><\/figure>\n<\/figure>\n","protected":false},"excerpt":{"rendered":"<p>V\u010dera jsme poprv\u00e9 vyrazili na Hrad\u010danskou s&nbsp;petic\u00ed Poj\u010fme naplnit D\u017eb\u00e1n a&nbsp;hned prvn\u00ed den n\u00e1m uk\u00e1zal, \u017ee tohle t\u00e9ma lidi opravdu zaj\u00edm\u00e1. D\u011bkujeme v\u0161em, kdo se zastavili, podepsali nebo se s&nbsp;n\u00e1mi dali do \u0159e\u010di. Moc si toho v\u00e1\u017e\u00edme. Pokra\u010dujeme d\u00e1l a&nbsp;v&nbsp;n\u00e1sleduj\u00edc\u00edch dnech n\u00e1s potk\u00e1te znovu v&nbsp;ulic\u00edch Prahy 6. D\u00edky, \u017ee v&nbsp;tom jedete s&nbsp;n\u00e1mi<\/p>\n","protected":false},"author":9,"featured_media":1981,"comment_status":"open","ping_status":"open","sticky":false,"template":"","format":"standard","meta":{"_acf_changed":false,"inline_featured_image":false,"footnotes":""},"categories":[4],"tags":[],"class_list":["post-1970","post","type-post","status-publish","format-standard","has-post-thumbnail","hentry","category-news"],"acf":[],"aioseo_notices":[],"distributor_meta":false,"distributor_terms":false,"distributor_media":false,"distributor_original_site_name":"Praha6Sob\u011b","distributor_original_site_url":"https:\/\/prahasobe.cz\/praha6sobe","push-errors":false,"_links":{"self":[{"href":"https:\/\/prahasobe.cz\/praha6sobe\/wp-json\/wp\/v2\/posts\/1970","targetHints":{"allow":["GET"]}}],"collection":[{"href":"https:\/\/prahasobe.cz\/praha6sobe\/wp-json\/wp\/v2\/posts"}],"about":[{"href":"https:\/\/prahasobe.cz\/praha6sobe\/wp-json\/wp\/v2\/types\/post"}],"author":[{"embeddable":true,"href":"https:\/\/prahasobe.cz\/praha6sobe\/wp-json\/wp\/v2\/users\/9"}],"replies":[{"embeddable":true,"href":"https:\/\/prahasobe.cz\/praha6sobe\/wp-json\/wp\/v2\/comments?post=1970"}],"version-history":[{"count":1,"href":"https:\/\/prahasobe.cz\/praha6sobe\/wp-json\/wp\/v2\/posts\/1970\/revisions"}],"predecessor-version":[{"id":1982,"href":"https:\/\/prahasobe.cz\/praha6sobe\/wp-json\/wp\/v2\/posts\/1970\/revisions\/1982"}],"wp:featuredmedia":[{"embeddable":true,"href":"https:\/\/prahasobe.cz\/praha6sobe\/wp-json\/wp\/v2\/media\/1981"}],"wp:attachment":[{"href":"https:\/\/prahasobe.cz\/praha6sobe\/wp-json\/wp\/v2\/media?parent=1970"}],"wp:term":[{"taxonomy":"category","embeddable":true,"href":"https:\/\/prahasobe.cz\/praha6sobe\/wp-json\/wp\/v2\/categories?post=1970"},{"taxonomy":"post_tag","embeddable":true,"href":"https:\/\/prahasobe.cz\/praha6sobe\/wp-json\/wp\/v2\/tags?post=1970"}],"curies":[{"name":"wp","href":"https:\/\/api.w.org\/{rel}","templated":true}]}}