{"id":1951,"date":"2026-04-17T10:49:00","date_gmt":"2026-04-17T10:49:00","guid":{"rendered":"https:\/\/prahasobe.cz\/praha6sobe\/?p=1951"},"modified":"2026-04-22T11:12:13","modified_gmt":"2026-04-22T11:12:13","slug":"ohlednuti-za-setkanim-bavime-se-o-cervenem-vrchu","status":"publish","type":"post","link":"https:\/\/prahasobe.cz\/praha6sobe\/2026\/04\/17\/ohlednuti-za-setkanim-bavime-se-o-cervenem-vrchu\/","title":{"rendered":"Ohl\u00e9dnut\u00ed za setk\u00e1n\u00edm Bav\u00edme se o&nbsp;\u010cerven\u00e9m vrchu"},"content":{"rendered":"\n<p>D\u011bkujeme v\u0161em, kdo dorazili p\u0159ed Billu na \u010cerven\u00e9m vrchu a&nbsp;zapojili se do diskuze o&nbsp;tom, co se v&nbsp;lokalit\u011b d\u011bje a&nbsp;co ji \u010dek\u00e1 d\u00e1l. Bylo skv\u011bl\u00e9 vid\u011bt, kolik z&nbsp;v\u00e1s m\u00e1 chu\u0165 mluvit o&nbsp;sv\u00e9m okol\u00ed a&nbsp;aktivn\u011b se zapojit.<\/p>\n\n\n\n<div style=\"height:21px\" aria-hidden=\"true\" class=\"wp-block-spacer\"><\/div>\n\n\n\n<p>Mluvili jsme o&nbsp;konkr\u00e9tn\u00edch t\u00e9matech, kter\u00e1 \u010cerven\u00fd vrch ovliv\u0148uj\u00ed. Roz\u0161\u00ed\u0159en\u00ed Horom\u011b\u0159ick\u00e9, prom\u011bna osy \u010cerven\u00fd vrch, nov\u00e9 \u0161kolky, revitalizace h\u0159i\u0161\u0165 i&nbsp;budoucnost are\u00e1lu z\u00e1mku Veleslav\u00edn. Nechyb\u011bla ani debata o&nbsp;doprav\u011b nebo nab\u00edjec\u00edch stanic\u00edch.<\/p>\n\n\n\n<div style=\"height:20px\" aria-hidden=\"true\" class=\"wp-block-spacer\"><\/div>\n\n\n\n<p>Na m\u00edst\u011b byla na\u0161e m\u00edstostarostka <a href=\"https:\/\/www.facebook.com\/mariana.capkova?__cft__[0]=AZZSJjX44WqLGmF9ov0d7JAnayllcwUjTeTYc3Pz7DU-b3NXI-MMRcamylD8xlwEUcfCbcWoMhquwk9gabqDvtaKnYErpTQO0jhBfEFNteAmuyC0pY6TGkeJCcYjJmY_JV22BHukHoZz2HcRtKqaI1-7kwxBpKzay33v8kZ7BXsxvg&amp;__tn__=-]K-R\">Mariana Capkova<\/a> spolu se zastupiteli <a href=\"https:\/\/www.facebook.com\/PetrPalackyP6?__cft__[0]=AZZSJjX44WqLGmF9ov0d7JAnayllcwUjTeTYc3Pz7DU-b3NXI-MMRcamylD8xlwEUcfCbcWoMhquwk9gabqDvtaKnYErpTQO0jhBfEFNteAmuyC0pY6TGkeJCcYjJmY_JV22BHukHoZz2HcRtKqaI1-7kwxBpKzay33v8kZ7BXsxvg&amp;__tn__=-]K-R\">Petr Palack\u00fd, radn\u00ed pro \u017eivotn\u00ed prost\u0159ed\u00ed a&nbsp;klima<\/a> a&nbsp;<a href=\"https:\/\/www.facebook.com\/lukas.pokorny.5832?__cft__[0]=AZZSJjX44WqLGmF9ov0d7JAnayllcwUjTeTYc3Pz7DU-b3NXI-MMRcamylD8xlwEUcfCbcWoMhquwk9gabqDvtaKnYErpTQO0jhBfEFNteAmuyC0pY6TGkeJCcYjJmY_JV22BHukHoZz2HcRtKqaI1-7kwxBpKzay33v8kZ7BXsxvg&amp;__tn__=-]K-R\">Luk\u00e1\u0161 Pokorn\u00fd<\/a> , se kter\u00fdmi jste mohli v\u0161echno probrat osobn\u011b.<\/p>\n\n\n\n<div style=\"height:20px\" aria-hidden=\"true\" class=\"wp-block-spacer\"><\/div>\n\n\n\n<p>D\u00edky, \u017ee jste p\u0159i\u0161li sd\u00edlet sv\u00e9 n\u00e1zory, podn\u011bty i&nbsp;zku\u0161enosti. P\u0159esn\u011b o&nbsp;tom tahle setk\u00e1n\u00ed jsou.<\/p>\n\n\n\n<div style=\"height:20px\" aria-hidden=\"true\" class=\"wp-block-spacer\"><\/div>\n\n\n\n<p>Dal\u0161\u00ed term\u00edny:<img loading=\"lazy\" decoding=\"async\" height=\"16\" width=\"16\" alt=\"\ud83d\udc47\" src=\"https:\/\/static.xx.fbcdn.net\/images\/emoji.php\/v9\/tee\/2\/16\/1f447.png\"><\/p>\n\n\n\n<p><img loading=\"lazy\" decoding=\"async\" height=\"16\" width=\"16\" alt=\"\ud83d\udccd\" src=\"https:\/\/static.xx.fbcdn.net\/images\/emoji.php\/v9\/tcc\/2\/16\/1f4cd.png\"> 6.&nbsp;kv\u011btna | Pet\u0159iny<\/p>\n\n\n\n<p><img loading=\"lazy\" decoding=\"async\" height=\"16\" width=\"16\" alt=\"\ud83d\udccd\" src=\"https:\/\/static.xx.fbcdn.net\/images\/emoji.php\/v9\/tcc\/2\/16\/1f4cd.png\"> 27.&nbsp;kv\u011btna | Ruzyn\u011b<\/p>\n\n\n\n<p><img loading=\"lazy\" decoding=\"async\" height=\"16\" width=\"16\" alt=\"\ud83d\udccd\" src=\"https:\/\/static.xx.fbcdn.net\/images\/emoji.php\/v9\/tcc\/2\/16\/1f4cd.png\"> 24.&nbsp;\u010dervna | \u0160\u00e1reck\u00e9 \u00fadol\u00ed<\/p>\n\n\n\n<p><img loading=\"lazy\" decoding=\"async\" height=\"16\" width=\"16\" src=\"https:\/\/static.xx.fbcdn.net\/images\/emoji.php\/v9\/t4b\/2\/16\/1f554.png\" alt=\"\ud83d\udd54\"> v\u017edy od 17:00 do 19:00<\/p>\n\n\n\n<div style=\"height:20px\" aria-hidden=\"true\" class=\"wp-block-spacer\"><\/div>\n\n\n\n<p><img loading=\"lazy\" decoding=\"async\" height=\"16\" width=\"16\" src=\"https:\/\/static.xx.fbcdn.net\/images\/emoji.php\/v9\/t12\/2\/16\/2615.png\" alt=\"\u2615\"> T\u011b\u0161it se m\u016f\u017eete na k\u00e1vu, vodu a&nbsp;hlavn\u011b otev\u0159enou debatu o&nbsp;va\u0161\u00ed \u010dtvrti. P\u0159ij\u010fte \u0159\u00edct, co v\u00e1s tr\u00e1p\u00ed i&nbsp;co se v\u00e1m l\u00edb\u00ed. T\u011b\u0161\u00edme se na v\u00e1s!<\/p>\n\n\n\n<div style=\"height:20px\" aria-hidden=\"true\" class=\"wp-block-spacer\"><\/div>\n\n\n\n<figure class=\"wp-block-gallery has-nested-images columns-default is-cropped wp-block-gallery-1 is-layout-flex wp-block-gallery-is-layout-flex\">\n<figure class=\"wp-block-image size-large\"><img loading=\"lazy\" decoding=\"async\" width=\"2040\" height=\"1148\" data-id=\"1955\" src=\"http:\/\/prahasobe.cz\/praha6sobe\/wp-content\/uploads\/sites\/5\/2026\/04\/672671527_949855857633845_2134810481977381789_n.jpg\" alt=\"Setk\u00e1n\u00ed Bav\u00edme se o \u010cerven\u00e9m vrchu Praha 6 diskuze s obyvateli\" class=\"wp-image-1955\" srcset=\"https:\/\/prahasobe.cz\/praha6sobe\/wp-content\/uploads\/sites\/5\/2026\/04\/672671527_949855857633845_2134810481977381789_n.jpg 2040w, https:\/\/prahasobe.cz\/praha6sobe\/wp-content\/uploads\/sites\/5\/2026\/04\/672671527_949855857633845_2134810481977381789_n-300x169.jpg 300w, https:\/\/prahasobe.cz\/praha6sobe\/wp-content\/uploads\/sites\/5\/2026\/04\/672671527_949855857633845_2134810481977381789_n-1024x576.jpg 1024w, https:\/\/prahasobe.cz\/praha6sobe\/wp-content\/uploads\/sites\/5\/2026\/04\/672671527_949855857633845_2134810481977381789_n-768x432.jpg 768w, https:\/\/prahasobe.cz\/praha6sobe\/wp-content\/uploads\/sites\/5\/2026\/04\/672671527_949855857633845_2134810481977381789_n-1536x864.jpg 1536w\" sizes=\"auto, (max-width: 2040px) 100vw, 2040px\" \/><\/figure>\n\n\n\n<figure class=\"wp-block-image size-large\"><img loading=\"lazy\" decoding=\"async\" width=\"2040\" height=\"1148\" data-id=\"1952\" src=\"http:\/\/prahasobe.cz\/praha6sobe\/wp-content\/uploads\/sites\/5\/2026\/04\/671962879_949855720967192_1022577493778100188_n.jpg\" alt=\"Setk\u00e1n\u00ed Bav\u00edme se o \u010cerven\u00e9m vrchu Praha 6 diskuze s obyvateli\" class=\"wp-image-1952\" srcset=\"https:\/\/prahasobe.cz\/praha6sobe\/wp-content\/uploads\/sites\/5\/2026\/04\/671962879_949855720967192_1022577493778100188_n.jpg 2040w, https:\/\/prahasobe.cz\/praha6sobe\/wp-content\/uploads\/sites\/5\/2026\/04\/671962879_949855720967192_1022577493778100188_n-300x169.jpg 300w, https:\/\/prahasobe.cz\/praha6sobe\/wp-content\/uploads\/sites\/5\/2026\/04\/671962879_949855720967192_1022577493778100188_n-1024x576.jpg 1024w, https:\/\/prahasobe.cz\/praha6sobe\/wp-content\/uploads\/sites\/5\/2026\/04\/671962879_949855720967192_1022577493778100188_n-768x432.jpg 768w, https:\/\/prahasobe.cz\/praha6sobe\/wp-content\/uploads\/sites\/5\/2026\/04\/671962879_949855720967192_1022577493778100188_n-1536x864.jpg 1536w\" sizes=\"auto, (max-width: 2040px) 100vw, 2040px\" \/><\/figure>\n\n\n\n<figure class=\"wp-block-image size-large\"><img loading=\"lazy\" decoding=\"async\" width=\"2040\" height=\"1148\" data-id=\"1953\" src=\"http:\/\/prahasobe.cz\/praha6sobe\/wp-content\/uploads\/sites\/5\/2026\/04\/672089150_949855540967210_8626452121142468444_n.jpg\" alt=\"Setk\u00e1n\u00ed Bav\u00edme se o \u010cerven\u00e9m vrchu Praha 6 diskuze s obyvateli\" class=\"wp-image-1953\" srcset=\"https:\/\/prahasobe.cz\/praha6sobe\/wp-content\/uploads\/sites\/5\/2026\/04\/672089150_949855540967210_8626452121142468444_n.jpg 2040w, https:\/\/prahasobe.cz\/praha6sobe\/wp-content\/uploads\/sites\/5\/2026\/04\/672089150_949855540967210_8626452121142468444_n-300x169.jpg 300w, https:\/\/prahasobe.cz\/praha6sobe\/wp-content\/uploads\/sites\/5\/2026\/04\/672089150_949855540967210_8626452121142468444_n-1024x576.jpg 1024w, https:\/\/prahasobe.cz\/praha6sobe\/wp-content\/uploads\/sites\/5\/2026\/04\/672089150_949855540967210_8626452121142468444_n-768x432.jpg 768w, https:\/\/prahasobe.cz\/praha6sobe\/wp-content\/uploads\/sites\/5\/2026\/04\/672089150_949855540967210_8626452121142468444_n-1536x864.jpg 1536w\" sizes=\"auto, (max-width: 2040px) 100vw, 2040px\" \/><\/figure>\n\n\n\n<figure class=\"wp-block-image size-large\"><img loading=\"lazy\" decoding=\"async\" width=\"1148\" height=\"2040\" data-id=\"1954\" src=\"http:\/\/prahasobe.cz\/praha6sobe\/wp-content\/uploads\/sites\/5\/2026\/04\/672165761_949855827633848_3841041482404440269_n.jpg\" alt=\"Setk\u00e1n\u00ed Bav\u00edme se o \u010cerven\u00e9m vrchu Praha 6 diskuze s obyvateli\" class=\"wp-image-1954\" srcset=\"https:\/\/prahasobe.cz\/praha6sobe\/wp-content\/uploads\/sites\/5\/2026\/04\/672165761_949855827633848_3841041482404440269_n.jpg 1148w, https:\/\/prahasobe.cz\/praha6sobe\/wp-content\/uploads\/sites\/5\/2026\/04\/672165761_949855827633848_3841041482404440269_n-169x300.jpg 169w, https:\/\/prahasobe.cz\/praha6sobe\/wp-content\/uploads\/sites\/5\/2026\/04\/672165761_949855827633848_3841041482404440269_n-576x1024.jpg 576w, https:\/\/prahasobe.cz\/praha6sobe\/wp-content\/uploads\/sites\/5\/2026\/04\/672165761_949855827633848_3841041482404440269_n-768x1365.jpg 768w, https:\/\/prahasobe.cz\/praha6sobe\/wp-content\/uploads\/sites\/5\/2026\/04\/672165761_949855827633848_3841041482404440269_n-864x1536.jpg 864w\" sizes=\"auto, (max-width: 1148px) 100vw, 1148px\" \/><\/figure>\n\n\n\n<figure class=\"wp-block-image size-large\"><img loading=\"lazy\" decoding=\"async\" width=\"2040\" height=\"1148\" data-id=\"1956\" src=\"http:\/\/prahasobe.cz\/praha6sobe\/wp-content\/uploads\/sites\/5\/2026\/04\/672673386_949855484300549_100961747828796034_n.jpg\" alt=\"Setk\u00e1n\u00ed Bav\u00edme se o \u010cerven\u00e9m vrchu Praha 6 diskuze s obyvateli\" class=\"wp-image-1956\" srcset=\"https:\/\/prahasobe.cz\/praha6sobe\/wp-content\/uploads\/sites\/5\/2026\/04\/672673386_949855484300549_100961747828796034_n.jpg 2040w, https:\/\/prahasobe.cz\/praha6sobe\/wp-content\/uploads\/sites\/5\/2026\/04\/672673386_949855484300549_100961747828796034_n-300x169.jpg 300w, https:\/\/prahasobe.cz\/praha6sobe\/wp-content\/uploads\/sites\/5\/2026\/04\/672673386_949855484300549_100961747828796034_n-1024x576.jpg 1024w, https:\/\/prahasobe.cz\/praha6sobe\/wp-content\/uploads\/sites\/5\/2026\/04\/672673386_949855484300549_100961747828796034_n-768x432.jpg 768w, https:\/\/prahasobe.cz\/praha6sobe\/wp-content\/uploads\/sites\/5\/2026\/04\/672673386_949855484300549_100961747828796034_n-1536x864.jpg 1536w\" sizes=\"auto, (max-width: 2040px) 100vw, 2040px\" \/><\/figure>\n\n\n\n<figure class=\"wp-block-image size-large\"><img loading=\"lazy\" decoding=\"async\" width=\"1148\" height=\"2040\" data-id=\"1957\" src=\"http:\/\/prahasobe.cz\/praha6sobe\/wp-content\/uploads\/sites\/5\/2026\/04\/672677296_949855924300505_9176462150697981544_n.jpg\" alt=\"Obyvatel\u00e9 Prahy 6 diskutuj\u00ed p\u0159ed Billou na \u010cerven\u00e9m vrchu\" class=\"wp-image-1957\" srcset=\"https:\/\/prahasobe.cz\/praha6sobe\/wp-content\/uploads\/sites\/5\/2026\/04\/672677296_949855924300505_9176462150697981544_n.jpg 1148w, https:\/\/prahasobe.cz\/praha6sobe\/wp-content\/uploads\/sites\/5\/2026\/04\/672677296_949855924300505_9176462150697981544_n-169x300.jpg 169w, https:\/\/prahasobe.cz\/praha6sobe\/wp-content\/uploads\/sites\/5\/2026\/04\/672677296_949855924300505_9176462150697981544_n-576x1024.jpg 576w, https:\/\/prahasobe.cz\/praha6sobe\/wp-content\/uploads\/sites\/5\/2026\/04\/672677296_949855924300505_9176462150697981544_n-768x1365.jpg 768w, https:\/\/prahasobe.cz\/praha6sobe\/wp-content\/uploads\/sites\/5\/2026\/04\/672677296_949855924300505_9176462150697981544_n-864x1536.jpg 864w\" sizes=\"auto, (max-width: 1148px) 100vw, 1148px\" \/><\/figure>\n\n\n\n<figure class=\"wp-block-image size-large\"><img loading=\"lazy\" decoding=\"async\" width=\"1148\" height=\"2040\" data-id=\"1958\" src=\"http:\/\/prahasobe.cz\/praha6sobe\/wp-content\/uploads\/sites\/5\/2026\/04\/672677340_949855777633853_4151430822431114003_n.jpg\" alt=\"Obyvatel\u00e9 Prahy 6 diskutuj\u00ed p\u0159ed Billou na \u010cerven\u00e9m vrchu\" class=\"wp-image-1958\" srcset=\"https:\/\/prahasobe.cz\/praha6sobe\/wp-content\/uploads\/sites\/5\/2026\/04\/672677340_949855777633853_4151430822431114003_n.jpg 1148w, https:\/\/prahasobe.cz\/praha6sobe\/wp-content\/uploads\/sites\/5\/2026\/04\/672677340_949855777633853_4151430822431114003_n-169x300.jpg 169w, https:\/\/prahasobe.cz\/praha6sobe\/wp-content\/uploads\/sites\/5\/2026\/04\/672677340_949855777633853_4151430822431114003_n-576x1024.jpg 576w, https:\/\/prahasobe.cz\/praha6sobe\/wp-content\/uploads\/sites\/5\/2026\/04\/672677340_949855777633853_4151430822431114003_n-768x1365.jpg 768w, https:\/\/prahasobe.cz\/praha6sobe\/wp-content\/uploads\/sites\/5\/2026\/04\/672677340_949855777633853_4151430822431114003_n-864x1536.jpg 864w\" sizes=\"auto, (max-width: 1148px) 100vw, 1148px\" \/><\/figure>\n\n\n\n<figure class=\"wp-block-image size-large\"><img loading=\"lazy\" decoding=\"async\" width=\"1148\" height=\"2040\" data-id=\"1959\" src=\"http:\/\/prahasobe.cz\/praha6sobe\/wp-content\/uploads\/sites\/5\/2026\/04\/672681934_949855920967172_6900703379829825102_n.jpg\" alt=\"Obyvatel\u00e9 Prahy 6 diskutuj\u00ed p\u0159ed Billou na \u010cerven\u00e9m vrchu\" class=\"wp-image-1959\" srcset=\"https:\/\/prahasobe.cz\/praha6sobe\/wp-content\/uploads\/sites\/5\/2026\/04\/672681934_949855920967172_6900703379829825102_n.jpg 1148w, https:\/\/prahasobe.cz\/praha6sobe\/wp-content\/uploads\/sites\/5\/2026\/04\/672681934_949855920967172_6900703379829825102_n-169x300.jpg 169w, https:\/\/prahasobe.cz\/praha6sobe\/wp-content\/uploads\/sites\/5\/2026\/04\/672681934_949855920967172_6900703379829825102_n-576x1024.jpg 576w, https:\/\/prahasobe.cz\/praha6sobe\/wp-content\/uploads\/sites\/5\/2026\/04\/672681934_949855920967172_6900703379829825102_n-768x1365.jpg 768w, https:\/\/prahasobe.cz\/praha6sobe\/wp-content\/uploads\/sites\/5\/2026\/04\/672681934_949855920967172_6900703379829825102_n-864x1536.jpg 864w\" sizes=\"auto, (max-width: 1148px) 100vw, 1148px\" \/><\/figure>\n\n\n\n<figure class=\"wp-block-image size-large\"><img loading=\"lazy\" decoding=\"async\" width=\"2040\" height=\"1148\" data-id=\"1960\" src=\"http:\/\/prahasobe.cz\/praha6sobe\/wp-content\/uploads\/sites\/5\/2026\/04\/672688823_949855590967205_2624237201508375609_n.jpg\" alt=\"Obyvatel\u00e9 Prahy 6 diskutuj\u00ed p\u0159ed Billou na \u010cerven\u00e9m vrchu\" class=\"wp-image-1960\" srcset=\"https:\/\/prahasobe.cz\/praha6sobe\/wp-content\/uploads\/sites\/5\/2026\/04\/672688823_949855590967205_2624237201508375609_n.jpg 2040w, https:\/\/prahasobe.cz\/praha6sobe\/wp-content\/uploads\/sites\/5\/2026\/04\/672688823_949855590967205_2624237201508375609_n-300x169.jpg 300w, https:\/\/prahasobe.cz\/praha6sobe\/wp-content\/uploads\/sites\/5\/2026\/04\/672688823_949855590967205_2624237201508375609_n-1024x576.jpg 1024w, https:\/\/prahasobe.cz\/praha6sobe\/wp-content\/uploads\/sites\/5\/2026\/04\/672688823_949855590967205_2624237201508375609_n-768x432.jpg 768w, https:\/\/prahasobe.cz\/praha6sobe\/wp-content\/uploads\/sites\/5\/2026\/04\/672688823_949855590967205_2624237201508375609_n-1536x864.jpg 1536w\" sizes=\"auto, (max-width: 2040px) 100vw, 2040px\" \/><\/figure>\n\n\n\n<figure class=\"wp-block-image size-large\"><img loading=\"lazy\" decoding=\"async\" width=\"2040\" height=\"1148\" data-id=\"1962\" src=\"http:\/\/prahasobe.cz\/praha6sobe\/wp-content\/uploads\/sites\/5\/2026\/04\/672691259_949855877633843_6808325245544757532_n.jpg\" alt=\"Komunitn\u00ed setk\u00e1n\u00ed Praha 6 k\u00e1va a neform\u00e1ln\u00ed debata s obyvateli\" class=\"wp-image-1962\" srcset=\"https:\/\/prahasobe.cz\/praha6sobe\/wp-content\/uploads\/sites\/5\/2026\/04\/672691259_949855877633843_6808325245544757532_n.jpg 2040w, https:\/\/prahasobe.cz\/praha6sobe\/wp-content\/uploads\/sites\/5\/2026\/04\/672691259_949855877633843_6808325245544757532_n-300x169.jpg 300w, https:\/\/prahasobe.cz\/praha6sobe\/wp-content\/uploads\/sites\/5\/2026\/04\/672691259_949855877633843_6808325245544757532_n-1024x576.jpg 1024w, https:\/\/prahasobe.cz\/praha6sobe\/wp-content\/uploads\/sites\/5\/2026\/04\/672691259_949855877633843_6808325245544757532_n-768x432.jpg 768w, https:\/\/prahasobe.cz\/praha6sobe\/wp-content\/uploads\/sites\/5\/2026\/04\/672691259_949855877633843_6808325245544757532_n-1536x864.jpg 1536w\" sizes=\"auto, (max-width: 2040px) 100vw, 2040px\" \/><\/figure>\n\n\n\n<figure class=\"wp-block-image size-large\"><img loading=\"lazy\" decoding=\"async\" width=\"2040\" height=\"1148\" data-id=\"1963\" src=\"http:\/\/prahasobe.cz\/praha6sobe\/wp-content\/uploads\/sites\/5\/2026\/04\/673356886_949855647633866_165486023293327803_n.jpg\" alt=\"Komunitn\u00ed setk\u00e1n\u00ed Praha 6 k\u00e1va a neform\u00e1ln\u00ed debata s obyvateli\" class=\"wp-image-1963\" srcset=\"https:\/\/prahasobe.cz\/praha6sobe\/wp-content\/uploads\/sites\/5\/2026\/04\/673356886_949855647633866_165486023293327803_n.jpg 2040w, https:\/\/prahasobe.cz\/praha6sobe\/wp-content\/uploads\/sites\/5\/2026\/04\/673356886_949855647633866_165486023293327803_n-300x169.jpg 300w, https:\/\/prahasobe.cz\/praha6sobe\/wp-content\/uploads\/sites\/5\/2026\/04\/673356886_949855647633866_165486023293327803_n-1024x576.jpg 1024w, https:\/\/prahasobe.cz\/praha6sobe\/wp-content\/uploads\/sites\/5\/2026\/04\/673356886_949855647633866_165486023293327803_n-768x432.jpg 768w, https:\/\/prahasobe.cz\/praha6sobe\/wp-content\/uploads\/sites\/5\/2026\/04\/673356886_949855647633866_165486023293327803_n-1536x864.jpg 1536w\" sizes=\"auto, (max-width: 2040px) 100vw, 2040px\" \/><\/figure>\n\n\n\n<figure class=\"wp-block-image size-large\"><img loading=\"lazy\" decoding=\"async\" width=\"2040\" height=\"1148\" data-id=\"1964\" src=\"http:\/\/prahasobe.cz\/praha6sobe\/wp-content\/uploads\/sites\/5\/2026\/04\/674118314_949855954300502_6326064372038655875_n.jpg\" alt=\"Komunitn\u00ed setk\u00e1n\u00ed Praha 6 k\u00e1va a neform\u00e1ln\u00ed debata s obyvateli\" class=\"wp-image-1964\" srcset=\"https:\/\/prahasobe.cz\/praha6sobe\/wp-content\/uploads\/sites\/5\/2026\/04\/674118314_949855954300502_6326064372038655875_n.jpg 2040w, https:\/\/prahasobe.cz\/praha6sobe\/wp-content\/uploads\/sites\/5\/2026\/04\/674118314_949855954300502_6326064372038655875_n-300x169.jpg 300w, https:\/\/prahasobe.cz\/praha6sobe\/wp-content\/uploads\/sites\/5\/2026\/04\/674118314_949855954300502_6326064372038655875_n-1024x576.jpg 1024w, https:\/\/prahasobe.cz\/praha6sobe\/wp-content\/uploads\/sites\/5\/2026\/04\/674118314_949855954300502_6326064372038655875_n-768x432.jpg 768w, https:\/\/prahasobe.cz\/praha6sobe\/wp-content\/uploads\/sites\/5\/2026\/04\/674118314_949855954300502_6326064372038655875_n-1536x864.jpg 1536w\" sizes=\"auto, (max-width: 2040px) 100vw, 2040px\" \/><\/figure>\n\n\n\n<figure class=\"wp-block-image size-large\"><img loading=\"lazy\" decoding=\"async\" width=\"2040\" height=\"1148\" data-id=\"1965\" src=\"http:\/\/prahasobe.cz\/praha6sobe\/wp-content\/uploads\/sites\/5\/2026\/04\/674121329_949855684300529_1197081906076285433_n.jpg\" alt=\"Komunitn\u00ed setk\u00e1n\u00ed Praha 6 k\u00e1va a neform\u00e1ln\u00ed debata s obyvateli\" class=\"wp-image-1965\" srcset=\"https:\/\/prahasobe.cz\/praha6sobe\/wp-content\/uploads\/sites\/5\/2026\/04\/674121329_949855684300529_1197081906076285433_n.jpg 2040w, https:\/\/prahasobe.cz\/praha6sobe\/wp-content\/uploads\/sites\/5\/2026\/04\/674121329_949855684300529_1197081906076285433_n-300x169.jpg 300w, https:\/\/prahasobe.cz\/praha6sobe\/wp-content\/uploads\/sites\/5\/2026\/04\/674121329_949855684300529_1197081906076285433_n-1024x576.jpg 1024w, https:\/\/prahasobe.cz\/praha6sobe\/wp-content\/uploads\/sites\/5\/2026\/04\/674121329_949855684300529_1197081906076285433_n-768x432.jpg 768w, https:\/\/prahasobe.cz\/praha6sobe\/wp-content\/uploads\/sites\/5\/2026\/04\/674121329_949855684300529_1197081906076285433_n-1536x864.jpg 1536w\" sizes=\"auto, (max-width: 2040px) 100vw, 2040px\" \/><\/figure>\n\n\n\n<figure class=\"wp-block-image size-large\"><img loading=\"lazy\" decoding=\"async\" width=\"2040\" height=\"1148\" data-id=\"1966\" src=\"http:\/\/prahasobe.cz\/praha6sobe\/wp-content\/uploads\/sites\/5\/2026\/04\/674173996_949855914300506_5697564753653606755_n.jpg\" alt=\"Komunitn\u00ed setk\u00e1n\u00ed Praha 6 k\u00e1va a neform\u00e1ln\u00ed debata s obyvateli\" class=\"wp-image-1966\" srcset=\"https:\/\/prahasobe.cz\/praha6sobe\/wp-content\/uploads\/sites\/5\/2026\/04\/674173996_949855914300506_5697564753653606755_n.jpg 2040w, https:\/\/prahasobe.cz\/praha6sobe\/wp-content\/uploads\/sites\/5\/2026\/04\/674173996_949855914300506_5697564753653606755_n-300x169.jpg 300w, https:\/\/prahasobe.cz\/praha6sobe\/wp-content\/uploads\/sites\/5\/2026\/04\/674173996_949855914300506_5697564753653606755_n-1024x576.jpg 1024w, https:\/\/prahasobe.cz\/praha6sobe\/wp-content\/uploads\/sites\/5\/2026\/04\/674173996_949855914300506_5697564753653606755_n-768x432.jpg 768w, https:\/\/prahasobe.cz\/praha6sobe\/wp-content\/uploads\/sites\/5\/2026\/04\/674173996_949855914300506_5697564753653606755_n-1536x864.jpg 1536w\" sizes=\"auto, (max-width: 2040px) 100vw, 2040px\" \/><\/figure>\n<\/figure>\n","protected":false},"excerpt":{"rendered":"<p>D\u011bkujeme v\u0161em, kdo dorazili p\u0159ed Billu na \u010cerven\u00e9m vrchu a&nbsp;zapojili se do diskuze o&nbsp;tom, co se v&nbsp;lokalit\u011b d\u011bje a&nbsp;co ji \u010dek\u00e1 d\u00e1l. Bylo skv\u011bl\u00e9 vid\u011bt, kolik z&nbsp;v\u00e1s m\u00e1 chu\u0165 mluvit o&nbsp;sv\u00e9m okol\u00ed a&nbsp;aktivn\u011b se zapojit. Mluvili jsme o&nbsp;konkr\u00e9tn\u00edch t\u00e9matech, kter\u00e1 \u010cerven\u00fd vrch ovliv\u0148uj\u00ed. Roz\u0161\u00ed\u0159en\u00ed Horom\u011b\u0159ick\u00e9, prom\u011bna osy \u010cerven\u00fd vrch, nov\u00e9 \u0161kolky, revitalizace h\u0159i\u0161\u0165 i&nbsp;budoucnost are\u00e1lu [&hellip;]<\/p>\n","protected":false},"author":9,"featured_media":1968,"comment_status":"open","ping_status":"open","sticky":false,"template":"","format":"standard","meta":{"_acf_changed":false,"inline_featured_image":false,"footnotes":""},"categories":[4],"tags":[],"class_list":["post-1951","post","type-post","status-publish","format-standard","has-post-thumbnail","hentry","category-news"],"acf":[],"aioseo_notices":[],"distributor_meta":false,"distributor_terms":false,"distributor_media":false,"distributor_original_site_name":"Praha6Sob\u011b","distributor_original_site_url":"https:\/\/prahasobe.cz\/praha6sobe","push-errors":false,"_links":{"self":[{"href":"https:\/\/prahasobe.cz\/praha6sobe\/wp-json\/wp\/v2\/posts\/1951","targetHints":{"allow":["GET"]}}],"collection":[{"href":"https:\/\/prahasobe.cz\/praha6sobe\/wp-json\/wp\/v2\/posts"}],"about":[{"href":"https:\/\/prahasobe.cz\/praha6sobe\/wp-json\/wp\/v2\/types\/post"}],"author":[{"embeddable":true,"href":"https:\/\/prahasobe.cz\/praha6sobe\/wp-json\/wp\/v2\/users\/9"}],"replies":[{"embeddable":true,"href":"https:\/\/prahasobe.cz\/praha6sobe\/wp-json\/wp\/v2\/comments?post=1951"}],"version-history":[{"count":1,"href":"https:\/\/prahasobe.cz\/praha6sobe\/wp-json\/wp\/v2\/posts\/1951\/revisions"}],"predecessor-version":[{"id":1969,"href":"https:\/\/prahasobe.cz\/praha6sobe\/wp-json\/wp\/v2\/posts\/1951\/revisions\/1969"}],"wp:featuredmedia":[{"embeddable":true,"href":"https:\/\/prahasobe.cz\/praha6sobe\/wp-json\/wp\/v2\/media\/1968"}],"wp:attachment":[{"href":"https:\/\/prahasobe.cz\/praha6sobe\/wp-json\/wp\/v2\/media?parent=1951"}],"wp:term":[{"taxonomy":"category","embeddable":true,"href":"https:\/\/prahasobe.cz\/praha6sobe\/wp-json\/wp\/v2\/categories?post=1951"},{"taxonomy":"post_tag","embeddable":true,"href":"https:\/\/prahasobe.cz\/praha6sobe\/wp-json\/wp\/v2\/tags?post=1951"}],"curies":[{"name":"wp","href":"https:\/\/api.w.org\/{rel}","templated":true}]}}