{"id":1929,"date":"2024-11-28T10:12:00","date_gmt":"2024-11-28T10:12:00","guid":{"rendered":"https:\/\/prahasobe.cz\/praha6sobe\/?p=1929"},"modified":"2026-04-22T10:22:23","modified_gmt":"2026-04-22T10:22:23","slug":"vystavba-nove-skolni-budovy-v-ulici-na-kocince","status":"publish","type":"post","link":"https:\/\/prahasobe.cz\/praha6sobe\/2024\/11\/28\/vystavba-nove-skolni-budovy-v-ulici-na-kocince\/","title":{"rendered":"V\u00fdstavba nov\u00e9 \u0161koln\u00ed budovy v&nbsp;ulici na Koc\u00ednce"},"content":{"rendered":"\n<p>Minul\u00fd t\u00fdden zah\u00e1jila na\u0161e <a href=\"https:\/\/www.facebook.com\/capkovamariana?__cft__[0]=AZa6EbBZQ0ch_9kG7qfjf0en1_7O6cBTkuXgMsxs4RMybbp21Q_uhufs0vBjjNgWEBhXzM5xIuYln3ZcF0a4RSjhHtp6cx3XEjJWbVAtNVwqE1MV_reMCbvei1W2RyVPtaUzMRlWMnWRSnzxLXgtHjv0Q77LEmF77b0jzCkMlB9ZeA&amp;__tn__=-]K-R\">Mariana \u010capkov\u00e1 &#8211; m\u00edstostarostka Prahy 6<\/a> v\u00fdstavbu nov\u00e9 \u0161koln\u00ed budovy v&nbsp;ulici Na Koc\u00ednce! <img loading=\"lazy\" decoding=\"async\" height=\"16\" width=\"16\" src=\"https:\/\/static.xx.fbcdn.net\/images\/emoji.php\/v9\/t2b\/2\/16\/1f389.png\" alt=\"\ud83c\udf89\"><\/p>\n\n\n\n<div style=\"height:19px\" aria-hidden=\"true\" class=\"wp-block-spacer\"><\/div>\n\n\n\n<p><img loading=\"lazy\" decoding=\"async\" height=\"16\" width=\"16\" src=\"https:\/\/static.xx.fbcdn.net\/images\/emoji.php\/v9\/t1e\/2\/16\/1f60a.png\" alt=\"\ud83d\ude0a\"> V&nbsp;Praha 6 sob\u011b pova\u017eujeme kvalitn\u00ed vzd\u011bl\u00e1v\u00e1n\u00ed za jednu z&nbsp;hlavn\u00edch priorit. Po&nbsp;dvou letech intenzivn\u00ed pr\u00e1ce jsme s&nbsp;radost\u00ed p\u0159ivedli projekt nov\u00e9 budovy pro Z\u0160 B\u00edl\u00e1 do f\u00e1ze realizace. Tato modern\u00ed budova nab\u00eddne prostor pro 240 \u017e\u00e1k\u016f, celkem 8 u\u010deben, \u0161koln\u00ed dru\u017einu i&nbsp;modern\u00ed j\u00eddelnu. Jedn\u00edm z&nbsp;kl\u00ed\u010dov\u00fdch prvk\u016f je p\u0159\u00edrodn\u00ed koncept zahrady, kter\u00e1 propoj\u00ed v\u00fduku s&nbsp;venkovn\u00edm prost\u0159ed\u00edm a&nbsp;nab\u00eddne d\u011btem atraktivn\u00ed hern\u00ed prvky. T\u011b\u0161\u00edme se, a\u017e tato investice za\u010dne slou\u017eit nejen \u017e\u00e1k\u016fm a&nbsp;pedagog\u016fm, ale cel\u00e9 na\u0161\u00ed komunit\u011b!<\/p>\n\n\n\n<div style=\"height:20px\" aria-hidden=\"true\" class=\"wp-block-spacer\"><\/div>\n\n\n\n<p><img loading=\"lazy\" decoding=\"async\" height=\"16\" width=\"16\" src=\"https:\/\/static.xx.fbcdn.net\/images\/emoji.php\/v9\/t49\/2\/16\/1f4ca.png\" alt=\"\ud83d\udcca\"> Budova bude spl\u0148ovat vysok\u00e9 standardy nejen v&nbsp;oblasti vzd\u011bl\u00e1v\u00e1n\u00ed, ale tak\u00e9 ekologick\u00e9 udr\u017eitelnosti. Vyu\u017eit\u00ed tepeln\u00fdch \u010derpadel pro vyt\u00e1p\u011bn\u00ed a&nbsp;chlazen\u00ed, zelen\u00e9 st\u0159echy a&nbsp;zavla\u017eov\u00e1n\u00ed de\u0161\u0165ovou vodou z&nbsp;akumula\u010dn\u00edch n\u00e1dr\u017e\u00ed minimalizuje jej\u00ed energetickou n\u00e1ro\u010dnost a&nbsp;n\u00e1klady na provoz. Celkov\u00e9 n\u00e1klady na projekt dosahuj\u00ed 170 milion\u016f korun, p\u0159i\u010dem\u017e m\u011bstsk\u00e1 \u010d\u00e1st z\u00edskala v\u00edce ne\u017e 50 milion\u016f korun z&nbsp;programu ENERGov spravovan\u00e9ho St\u00e1tn\u00ed fond \u017eivotn\u00edho prost\u0159ed\u00ed \u010cR a&nbsp;dal\u0161\u00edch 100 milion\u016f korun z&nbsp;dotace Magistr\u00e1t hl. m. <a href=\"https:\/\/www.facebook.com\/Prahaeu?__cft__[0]=AZa6EbBZQ0ch_9kG7qfjf0en1_7O6cBTkuXgMsxs4RMybbp21Q_uhufs0vBjjNgWEBhXzM5xIuYln3ZcF0a4RSjhHtp6cx3XEjJWbVAtNVwqE1MV_reMCbvei1W2RyVPtaUzMRlWMnWRSnzxLXgtHjv0Q77LEmF77b0jzCkMlB9ZeA&amp;__tn__=-]K-R\">Praha.eu<\/a>.<\/p>\n\n\n\n<div style=\"height:20px\" aria-hidden=\"true\" class=\"wp-block-spacer\"><\/div>\n\n\n\n<p><strong><img loading=\"lazy\" decoding=\"async\" height=\"16\" width=\"16\" src=\"https:\/\/static.xx.fbcdn.net\/images\/emoji.php\/v9\/t28\/2\/16\/1f3db.png\" alt=\"\ud83c\udfdb\"> Architektura: Tradice spojen\u00e1 s&nbsp;inovac\u00ed<\/strong><\/p>\n\n\n\n<p>Kone\u010dn\u00fd n\u00e1vrh stavby \u0161koly vznikl v&nbsp;ateli\u00e9ru AND, jeho\u017e autory jsou architekti Jarom\u00edr Kosnar a&nbsp;Radovan Kupka. N\u00e1vrh navazuje na budovu Z\u0160 B\u00edl\u00e1, kterou navrhl architekt Jan Gillar \u2013 ve sv\u00e9 dob\u011b jedna z&nbsp;nejmodern\u011bj\u0161\u00edch \u0161kol na sv\u011bt\u011b.<\/p>\n\n\n\n<div style=\"height:20px\" aria-hidden=\"true\" class=\"wp-block-spacer\"><\/div>\n\n\n\n<p><strong><img loading=\"lazy\" decoding=\"async\" height=\"16\" width=\"16\" src=\"https:\/\/static.xx.fbcdn.net\/images\/emoji.php\/v9\/tdb\/2\/16\/1f4a1.png\" alt=\"\ud83d\udca1\"> Jak bude nov\u00e1 \u0161kola ekologicky \u0161etrn\u00e1?<\/strong><\/p>\n\n\n\n<p>Nov\u00e1 budova byla navr\u017eena ve spolupr\u00e1ci s&nbsp;Univerzitn\u00edm centrem energeticky efektivn\u00edch budov \u010cVUT (<a href=\"https:\/\/www.facebook.com\/uceeb.cvut?__cft__[0]=AZa6EbBZQ0ch_9kG7qfjf0en1_7O6cBTkuXgMsxs4RMybbp21Q_uhufs0vBjjNgWEBhXzM5xIuYln3ZcF0a4RSjhHtp6cx3XEjJWbVAtNVwqE1MV_reMCbvei1W2RyVPtaUzMRlWMnWRSnzxLXgtHjv0Q77LEmF77b0jzCkMlB9ZeA&amp;__tn__=-]K-R\">UCEEB<\/a>) t\u00e9m\u011b\u0159 s&nbsp;nulovou spot\u0159ebou energie. Vyt\u00e1p\u011bn\u00ed je zalo\u017een\u00e9 na tepeln\u00fdch \u010derpadlech a&nbsp;zemn\u00edch vrtech, p\u0159i\u010dem\u017e tepeln\u00e9 ztr\u00e1ty minimalizuje technick\u00e9 \u0159e\u0161en\u00ed budovy i&nbsp;jej\u00ed orientace.<\/p>\n\n\n\n<div style=\"height:20px\" aria-hidden=\"true\" class=\"wp-block-spacer\"><\/div>\n\n\n\n<p><strong><img loading=\"lazy\" decoding=\"async\" height=\"16\" width=\"16\" src=\"https:\/\/static.xx.fbcdn.net\/images\/emoji.php\/v9\/t83\/2\/16\/1f6b8.png\" alt=\"\ud83d\udeb8\"> Bezpe\u010dnost a&nbsp;komfort d\u011bt\u00ed<\/strong><\/p>\n\n\n\n<p>Souvisej\u00edc\u00ed investi\u010dn\u00ed akce, kter\u00e1 je podm\u00ednkou kolaudace \u0161koly, zahrnuje kompletn\u00ed rekonstrukci p\u0159ilehl\u00fdch komunikac\u00ed. \u00daprava ulice Na Koc\u00ednce zv\u00fd\u0161\u00ed bezpe\u010dnost d\u011bt\u00ed a&nbsp;umo\u017en\u00ed transport stravy mezi budovami \u0161kol. Zm\u011bny \u010dekaj\u00ed i&nbsp;p\u0159ilehlou Kade\u0159\u00e1vkovskou ulici a&nbsp;jej\u00ed k\u0159i\u017eovatku s&nbsp;ulic\u00ed Na Kotl\u00e1\u0159ce, kde vznikne nov\u00fd vstup do p\u0159ilehl\u00e9ho parku.<\/p>\n\n\n\n<div style=\"height:20px\" aria-hidden=\"true\" class=\"wp-block-spacer\"><\/div>\n\n\n\n<p><strong><img loading=\"lazy\" decoding=\"async\" height=\"16\" width=\"16\" src=\"https:\/\/static.xx.fbcdn.net\/images\/emoji.php\/v9\/ta\/2\/16\/1f333.png\" alt=\"\ud83c\udf33\"> Komunitn\u00ed prostor pro v\u0161echny generace<\/strong><\/p>\n\n\n\n<p>J\u00eddelna \u0161koly bude slou\u017eit tak\u00e9 jako v\u00edce\u00fa\u010delov\u00fd s\u00e1l pro \u0161koln\u00ed akademie nebo akce Prahy 6 a&nbsp;m\u00edstn\u00ed obyvatele. Sou\u010d\u00e1st\u00ed zahrady budou hern\u00ed prvky, z\u00e1hony s&nbsp;bylinkami a&nbsp;ovocn\u00e9 stromy. Alt\u00e1n umo\u017en\u00ed v\u00fduku cel\u00e9 t\u0159\u00eddy, \u0161ed\u00e1 voda ze \u0161koln\u00edch umyvadel bude slou\u017eit ke splachov\u00e1n\u00ed a&nbsp;de\u0161\u0165ov\u00e1 voda na zavla\u017eov\u00e1n\u00ed zahrady.<\/p>\n\n\n\n<div style=\"height:20px\" aria-hidden=\"true\" class=\"wp-block-spacer\"><\/div>\n\n\n\n<p>Projekt v\u00fdstavby nov\u00e9 budovy se p\u0159ipravoval t\u00e9m\u011b\u0159 deset let, nyn\u00ed spl\u0148uje po\u017eadavky m\u00edstn\u00ed komunity i&nbsp;obce a&nbsp;stane se inspirativn\u00edm p\u0159\u00edkladem modern\u00edho a&nbsp;udr\u017eiteln\u00e9ho vzd\u011bl\u00e1v\u00e1n\u00ed. \u0160kola by m\u011bla b\u00fdt dokon\u010dena v&nbsp;roce 2026.<\/p>\n\n\n\n<div style=\"height:20px\" aria-hidden=\"true\" class=\"wp-block-spacer\"><\/div>\n\n\n\n<p>Pod\u00edvejte se na prezentaci a&nbsp;zjist\u011bte, jak bude nov\u00e1 \u0161kola Na Koc\u00ednce vypadat!<\/p>\n\n\n\n<div style=\"height:20px\" aria-hidden=\"true\" class=\"wp-block-spacer\"><\/div>\n\n\n\n<figure class=\"wp-block-gallery has-nested-images columns-default is-cropped wp-block-gallery-1 is-layout-flex wp-block-gallery-is-layout-flex\">\n<figure class=\"wp-block-image size-large\"><img loading=\"lazy\" decoding=\"async\" width=\"919\" height=\"639\" data-id=\"1935\" src=\"http:\/\/prahasobe.cz\/praha6sobe\/wp-content\/uploads\/sites\/5\/2026\/04\/481897517_637799088839525_7588175712835256774_n.jpg\" alt=\"Vizualizace nov\u00e9 budovy Z\u0160 B\u00edl\u00e1 Praha 6 modern\u00ed architektura \u0161koly\" class=\"wp-image-1935\" srcset=\"https:\/\/prahasobe.cz\/praha6sobe\/wp-content\/uploads\/sites\/5\/2026\/04\/481897517_637799088839525_7588175712835256774_n.jpg 919w, https:\/\/prahasobe.cz\/praha6sobe\/wp-content\/uploads\/sites\/5\/2026\/04\/481897517_637799088839525_7588175712835256774_n-300x209.jpg 300w, https:\/\/prahasobe.cz\/praha6sobe\/wp-content\/uploads\/sites\/5\/2026\/04\/481897517_637799088839525_7588175712835256774_n-768x534.jpg 768w\" sizes=\"auto, (max-width: 919px) 100vw, 919px\" \/><\/figure>\n\n\n\n<figure class=\"wp-block-image size-large\"><img loading=\"lazy\" decoding=\"async\" width=\"960\" height=\"547\" data-id=\"1933\" src=\"http:\/\/prahasobe.cz\/praha6sobe\/wp-content\/uploads\/sites\/5\/2026\/04\/481665447_637799005506200_5754918515036855084_n.jpg\" alt=\"Vizualizace nov\u00e9 budovy Z\u0160 B\u00edl\u00e1 Praha 6 modern\u00ed architektura \u0161koly\" class=\"wp-image-1933\" srcset=\"https:\/\/prahasobe.cz\/praha6sobe\/wp-content\/uploads\/sites\/5\/2026\/04\/481665447_637799005506200_5754918515036855084_n.jpg 960w, https:\/\/prahasobe.cz\/praha6sobe\/wp-content\/uploads\/sites\/5\/2026\/04\/481665447_637799005506200_5754918515036855084_n-300x171.jpg 300w, https:\/\/prahasobe.cz\/praha6sobe\/wp-content\/uploads\/sites\/5\/2026\/04\/481665447_637799005506200_5754918515036855084_n-768x438.jpg 768w\" sizes=\"auto, (max-width: 960px) 100vw, 960px\" \/><\/figure>\n\n\n\n<figure class=\"wp-block-image size-large\"><img loading=\"lazy\" decoding=\"async\" width=\"871\" height=\"660\" data-id=\"1937\" src=\"http:\/\/prahasobe.cz\/praha6sobe\/wp-content\/uploads\/sites\/5\/2026\/04\/482055510_637798885506212_3106331052111439121_n.jpg\" alt=\"Vizualizace nov\u00e9 budovy Z\u0160 B\u00edl\u00e1 Praha 6 modern\u00ed architektura \u0161koly\" class=\"wp-image-1937\" srcset=\"https:\/\/prahasobe.cz\/praha6sobe\/wp-content\/uploads\/sites\/5\/2026\/04\/482055510_637798885506212_3106331052111439121_n.jpg 871w, https:\/\/prahasobe.cz\/praha6sobe\/wp-content\/uploads\/sites\/5\/2026\/04\/482055510_637798885506212_3106331052111439121_n-300x227.jpg 300w, https:\/\/prahasobe.cz\/praha6sobe\/wp-content\/uploads\/sites\/5\/2026\/04\/482055510_637798885506212_3106331052111439121_n-768x582.jpg 768w\" sizes=\"auto, (max-width: 871px) 100vw, 871px\" \/><\/figure>\n\n\n\n<figure class=\"wp-block-image size-large\"><img loading=\"lazy\" decoding=\"async\" width=\"908\" height=\"644\" data-id=\"1936\" src=\"http:\/\/prahasobe.cz\/praha6sobe\/wp-content\/uploads\/sites\/5\/2026\/04\/481901140_637799082172859_6085060451736939362_n.jpg\" alt=\"Vizualizace nov\u00e9 budovy Z\u0160 B\u00edl\u00e1 Praha 6 modern\u00ed architektura \u0161koly\" class=\"wp-image-1936\" srcset=\"https:\/\/prahasobe.cz\/praha6sobe\/wp-content\/uploads\/sites\/5\/2026\/04\/481901140_637799082172859_6085060451736939362_n.jpg 908w, https:\/\/prahasobe.cz\/praha6sobe\/wp-content\/uploads\/sites\/5\/2026\/04\/481901140_637799082172859_6085060451736939362_n-300x213.jpg 300w, https:\/\/prahasobe.cz\/praha6sobe\/wp-content\/uploads\/sites\/5\/2026\/04\/481901140_637799082172859_6085060451736939362_n-768x545.jpg 768w\" sizes=\"auto, (max-width: 908px) 100vw, 908px\" \/><\/figure>\n\n\n\n<figure class=\"wp-block-image size-large\"><img loading=\"lazy\" decoding=\"async\" width=\"1050\" height=\"460\" data-id=\"1932\" src=\"http:\/\/prahasobe.cz\/praha6sobe\/wp-content\/uploads\/sites\/5\/2026\/04\/481664297_637799035506197_3823739578610140217_n.jpg\" alt=\"Vizualizace nov\u00e9 budovy Z\u0160 B\u00edl\u00e1 Praha 6 modern\u00ed architektura \u0161koly\" class=\"wp-image-1932\" srcset=\"https:\/\/prahasobe.cz\/praha6sobe\/wp-content\/uploads\/sites\/5\/2026\/04\/481664297_637799035506197_3823739578610140217_n.jpg 1050w, https:\/\/prahasobe.cz\/praha6sobe\/wp-content\/uploads\/sites\/5\/2026\/04\/481664297_637799035506197_3823739578610140217_n-300x131.jpg 300w, https:\/\/prahasobe.cz\/praha6sobe\/wp-content\/uploads\/sites\/5\/2026\/04\/481664297_637799035506197_3823739578610140217_n-1024x449.jpg 1024w, https:\/\/prahasobe.cz\/praha6sobe\/wp-content\/uploads\/sites\/5\/2026\/04\/481664297_637799035506197_3823739578610140217_n-768x336.jpg 768w\" sizes=\"auto, (max-width: 1050px) 100vw, 1050px\" \/><\/figure>\n\n\n\n<figure class=\"wp-block-image size-large\"><img loading=\"lazy\" decoding=\"async\" width=\"973\" height=\"441\" data-id=\"1940\" src=\"http:\/\/prahasobe.cz\/praha6sobe\/wp-content\/uploads\/sites\/5\/2026\/04\/482209474_637799145506186_7573753589218880601_n.jpg\" alt=\"Vizualizace nov\u00e9 budovy Z\u0160 B\u00edl\u00e1 Praha 6 modern\u00ed architektura \u0161koly\" class=\"wp-image-1940\" srcset=\"https:\/\/prahasobe.cz\/praha6sobe\/wp-content\/uploads\/sites\/5\/2026\/04\/482209474_637799145506186_7573753589218880601_n.jpg 973w, https:\/\/prahasobe.cz\/praha6sobe\/wp-content\/uploads\/sites\/5\/2026\/04\/482209474_637799145506186_7573753589218880601_n-300x136.jpg 300w, https:\/\/prahasobe.cz\/praha6sobe\/wp-content\/uploads\/sites\/5\/2026\/04\/482209474_637799145506186_7573753589218880601_n-768x348.jpg 768w\" sizes=\"auto, (max-width: 973px) 100vw, 973px\" \/><\/figure>\n\n\n\n<figure class=\"wp-block-image size-large\"><img loading=\"lazy\" decoding=\"async\" width=\"1536\" height=\"2048\" data-id=\"1934\" src=\"http:\/\/prahasobe.cz\/praha6sobe\/wp-content\/uploads\/sites\/5\/2026\/04\/481782160_638030222149745_9083999650147748083_n-1.jpg\" alt=\"Slavnostn\u00ed zah\u00e1jen\u00ed v\u00fdstavby \u0161koln\u00ed budovy Praha 6 poklep\u00e1n\u00ed z\u00e1kladn\u00edho kamene\" class=\"wp-image-1934\" srcset=\"https:\/\/prahasobe.cz\/praha6sobe\/wp-content\/uploads\/sites\/5\/2026\/04\/481782160_638030222149745_9083999650147748083_n-1.jpg 1536w, https:\/\/prahasobe.cz\/praha6sobe\/wp-content\/uploads\/sites\/5\/2026\/04\/481782160_638030222149745_9083999650147748083_n-1-225x300.jpg 225w, https:\/\/prahasobe.cz\/praha6sobe\/wp-content\/uploads\/sites\/5\/2026\/04\/481782160_638030222149745_9083999650147748083_n-1-768x1024.jpg 768w, https:\/\/prahasobe.cz\/praha6sobe\/wp-content\/uploads\/sites\/5\/2026\/04\/481782160_638030222149745_9083999650147748083_n-1-1152x1536.jpg 1152w\" sizes=\"auto, (max-width: 1536px) 100vw, 1536px\" \/><\/figure>\n\n\n\n<figure class=\"wp-block-image size-large\"><img loading=\"lazy\" decoding=\"async\" width=\"1536\" height=\"2048\" data-id=\"1930\" src=\"http:\/\/prahasobe.cz\/praha6sobe\/wp-content\/uploads\/sites\/5\/2026\/04\/481240217_638030215483079_6531934705588022192_n-1.jpg\" alt=\"\" class=\"wp-image-1930\" srcset=\"https:\/\/prahasobe.cz\/praha6sobe\/wp-content\/uploads\/sites\/5\/2026\/04\/481240217_638030215483079_6531934705588022192_n-1.jpg 1536w, https:\/\/prahasobe.cz\/praha6sobe\/wp-content\/uploads\/sites\/5\/2026\/04\/481240217_638030215483079_6531934705588022192_n-1-225x300.jpg 225w, https:\/\/prahasobe.cz\/praha6sobe\/wp-content\/uploads\/sites\/5\/2026\/04\/481240217_638030215483079_6531934705588022192_n-1-768x1024.jpg 768w, https:\/\/prahasobe.cz\/praha6sobe\/wp-content\/uploads\/sites\/5\/2026\/04\/481240217_638030215483079_6531934705588022192_n-1-1152x1536.jpg 1152w\" sizes=\"auto, (max-width: 1536px) 100vw, 1536px\" \/><\/figure>\n\n\n\n<figure class=\"wp-block-image size-large\"><img loading=\"lazy\" decoding=\"async\" width=\"1211\" height=\"1211\" data-id=\"1939\" src=\"http:\/\/prahasobe.cz\/praha6sobe\/wp-content\/uploads\/sites\/5\/2026\/04\/482201854_638030602149707_2265716110287796729_n-1.jpg\" alt=\"Slavnostn\u00ed zah\u00e1jen\u00ed v\u00fdstavby \u0161koln\u00ed budovy Praha 6 poklep\u00e1n\u00ed z\u00e1kladn\u00edho kamene\" class=\"wp-image-1939\" srcset=\"https:\/\/prahasobe.cz\/praha6sobe\/wp-content\/uploads\/sites\/5\/2026\/04\/482201854_638030602149707_2265716110287796729_n-1.jpg 1211w, https:\/\/prahasobe.cz\/praha6sobe\/wp-content\/uploads\/sites\/5\/2026\/04\/482201854_638030602149707_2265716110287796729_n-1-300x300.jpg 300w, https:\/\/prahasobe.cz\/praha6sobe\/wp-content\/uploads\/sites\/5\/2026\/04\/482201854_638030602149707_2265716110287796729_n-1-1024x1024.jpg 1024w, https:\/\/prahasobe.cz\/praha6sobe\/wp-content\/uploads\/sites\/5\/2026\/04\/482201854_638030602149707_2265716110287796729_n-1-150x150.jpg 150w, https:\/\/prahasobe.cz\/praha6sobe\/wp-content\/uploads\/sites\/5\/2026\/04\/482201854_638030602149707_2265716110287796729_n-1-768x768.jpg 768w\" sizes=\"auto, (max-width: 1211px) 100vw, 1211px\" \/><\/figure>\n\n\n\n<figure class=\"wp-block-image size-large\"><img loading=\"lazy\" decoding=\"async\" width=\"1365\" height=\"2048\" data-id=\"1942\" src=\"http:\/\/prahasobe.cz\/praha6sobe\/wp-content\/uploads\/sites\/5\/2026\/04\/482217236_637798855506215_16582543131530039_n.jpg\" alt=\"Slavnostn\u00ed zah\u00e1jen\u00ed v\u00fdstavby \u0161koln\u00ed budovy Praha 6 poklep\u00e1n\u00ed z\u00e1kladn\u00edho kamene\" class=\"wp-image-1942\" srcset=\"https:\/\/prahasobe.cz\/praha6sobe\/wp-content\/uploads\/sites\/5\/2026\/04\/482217236_637798855506215_16582543131530039_n.jpg 1365w, https:\/\/prahasobe.cz\/praha6sobe\/wp-content\/uploads\/sites\/5\/2026\/04\/482217236_637798855506215_16582543131530039_n-200x300.jpg 200w, https:\/\/prahasobe.cz\/praha6sobe\/wp-content\/uploads\/sites\/5\/2026\/04\/482217236_637798855506215_16582543131530039_n-683x1024.jpg 683w, https:\/\/prahasobe.cz\/praha6sobe\/wp-content\/uploads\/sites\/5\/2026\/04\/482217236_637798855506215_16582543131530039_n-768x1152.jpg 768w, https:\/\/prahasobe.cz\/praha6sobe\/wp-content\/uploads\/sites\/5\/2026\/04\/482217236_637798855506215_16582543131530039_n-1024x1536.jpg 1024w\" sizes=\"auto, (max-width: 1365px) 100vw, 1365px\" \/><\/figure>\n\n\n\n<figure class=\"wp-block-image size-large\"><img loading=\"lazy\" decoding=\"async\" width=\"1365\" height=\"2048\" data-id=\"1941\" src=\"http:\/\/prahasobe.cz\/praha6sobe\/wp-content\/uploads\/sites\/5\/2026\/04\/482216470_637799085506192_1080870792701601260_n.jpg\" alt=\"Slavnostn\u00ed zah\u00e1jen\u00ed v\u00fdstavby \u0161koln\u00ed budovy Praha 6 poklep\u00e1n\u00ed z\u00e1kladn\u00edho kamene\" class=\"wp-image-1941\" srcset=\"https:\/\/prahasobe.cz\/praha6sobe\/wp-content\/uploads\/sites\/5\/2026\/04\/482216470_637799085506192_1080870792701601260_n.jpg 1365w, https:\/\/prahasobe.cz\/praha6sobe\/wp-content\/uploads\/sites\/5\/2026\/04\/482216470_637799085506192_1080870792701601260_n-200x300.jpg 200w, https:\/\/prahasobe.cz\/praha6sobe\/wp-content\/uploads\/sites\/5\/2026\/04\/482216470_637799085506192_1080870792701601260_n-683x1024.jpg 683w, https:\/\/prahasobe.cz\/praha6sobe\/wp-content\/uploads\/sites\/5\/2026\/04\/482216470_637799085506192_1080870792701601260_n-768x1152.jpg 768w, https:\/\/prahasobe.cz\/praha6sobe\/wp-content\/uploads\/sites\/5\/2026\/04\/482216470_637799085506192_1080870792701601260_n-1024x1536.jpg 1024w\" sizes=\"auto, (max-width: 1365px) 100vw, 1365px\" \/><\/figure>\n\n\n\n<figure class=\"wp-block-image size-large\"><img loading=\"lazy\" decoding=\"async\" width=\"2048\" height=\"1536\" data-id=\"1931\" src=\"http:\/\/prahasobe.cz\/praha6sobe\/wp-content\/uploads\/sites\/5\/2026\/04\/481265370_638030172149750_5683792126009253401_n-1.jpg\" alt=\"\" class=\"wp-image-1931\" srcset=\"https:\/\/prahasobe.cz\/praha6sobe\/wp-content\/uploads\/sites\/5\/2026\/04\/481265370_638030172149750_5683792126009253401_n-1.jpg 2048w, https:\/\/prahasobe.cz\/praha6sobe\/wp-content\/uploads\/sites\/5\/2026\/04\/481265370_638030172149750_5683792126009253401_n-1-300x225.jpg 300w, https:\/\/prahasobe.cz\/praha6sobe\/wp-content\/uploads\/sites\/5\/2026\/04\/481265370_638030172149750_5683792126009253401_n-1-1024x768.jpg 1024w, https:\/\/prahasobe.cz\/praha6sobe\/wp-content\/uploads\/sites\/5\/2026\/04\/481265370_638030172149750_5683792126009253401_n-1-768x576.jpg 768w, https:\/\/prahasobe.cz\/praha6sobe\/wp-content\/uploads\/sites\/5\/2026\/04\/481265370_638030172149750_5683792126009253401_n-1-1536x1152.jpg 1536w\" sizes=\"auto, (max-width: 2048px) 100vw, 2048px\" \/><\/figure>\n<\/figure>\n","protected":false},"excerpt":{"rendered":"<p>Minul\u00fd t\u00fdden zah\u00e1jila na\u0161e Mariana \u010capkov\u00e1 &#8211; m\u00edstostarostka Prahy 6 v\u00fdstavbu nov\u00e9 \u0161koln\u00ed budovy v&nbsp;ulici Na Koc\u00ednce! V&nbsp;Praha 6 sob\u011b pova\u017eujeme kvalitn\u00ed vzd\u011bl\u00e1v\u00e1n\u00ed za jednu z&nbsp;hlavn\u00edch priorit. Po&nbsp;dvou letech intenzivn\u00ed pr\u00e1ce jsme s&nbsp;radost\u00ed p\u0159ivedli projekt nov\u00e9 budovy pro Z\u0160 B\u00edl\u00e1 do f\u00e1ze realizace. Tato modern\u00ed budova nab\u00eddne prostor pro 240 \u017e\u00e1k\u016f, celkem 8 u\u010deben, \u0161koln\u00ed [&hellip;]<\/p>\n","protected":false},"author":9,"featured_media":1944,"comment_status":"open","ping_status":"open","sticky":false,"template":"","format":"standard","meta":{"_acf_changed":false,"inline_featured_image":false,"footnotes":""},"categories":[4],"tags":[],"class_list":["post-1929","post","type-post","status-publish","format-standard","has-post-thumbnail","hentry","category-news"],"acf":[],"aioseo_notices":[],"distributor_meta":false,"distributor_terms":false,"distributor_media":false,"distributor_original_site_name":"Praha6Sob\u011b","distributor_original_site_url":"https:\/\/prahasobe.cz\/praha6sobe","push-errors":false,"_links":{"self":[{"href":"https:\/\/prahasobe.cz\/praha6sobe\/wp-json\/wp\/v2\/posts\/1929","targetHints":{"allow":["GET"]}}],"collection":[{"href":"https:\/\/prahasobe.cz\/praha6sobe\/wp-json\/wp\/v2\/posts"}],"about":[{"href":"https:\/\/prahasobe.cz\/praha6sobe\/wp-json\/wp\/v2\/types\/post"}],"author":[{"embeddable":true,"href":"https:\/\/prahasobe.cz\/praha6sobe\/wp-json\/wp\/v2\/users\/9"}],"replies":[{"embeddable":true,"href":"https:\/\/prahasobe.cz\/praha6sobe\/wp-json\/wp\/v2\/comments?post=1929"}],"version-history":[{"count":1,"href":"https:\/\/prahasobe.cz\/praha6sobe\/wp-json\/wp\/v2\/posts\/1929\/revisions"}],"predecessor-version":[{"id":1945,"href":"https:\/\/prahasobe.cz\/praha6sobe\/wp-json\/wp\/v2\/posts\/1929\/revisions\/1945"}],"wp:featuredmedia":[{"embeddable":true,"href":"https:\/\/prahasobe.cz\/praha6sobe\/wp-json\/wp\/v2\/media\/1944"}],"wp:attachment":[{"href":"https:\/\/prahasobe.cz\/praha6sobe\/wp-json\/wp\/v2\/media?parent=1929"}],"wp:term":[{"taxonomy":"category","embeddable":true,"href":"https:\/\/prahasobe.cz\/praha6sobe\/wp-json\/wp\/v2\/categories?post=1929"},{"taxonomy":"post_tag","embeddable":true,"href":"https:\/\/prahasobe.cz\/praha6sobe\/wp-json\/wp\/v2\/tags?post=1929"}],"curies":[{"name":"wp","href":"https:\/\/api.w.org\/{rel}","templated":true}]}}