{"id":1926,"date":"2024-11-29T10:04:00","date_gmt":"2024-11-29T10:04:00","guid":{"rendered":"https:\/\/prahasobe.cz\/praha6sobe\/?p=1926"},"modified":"2026-04-22T10:11:29","modified_gmt":"2026-04-22T10:11:29","slug":"petynka-krok-k-modernimu-plaveckemu-arealu-pro-vsechny","status":"publish","type":"post","link":"https:\/\/prahasobe.cz\/praha6sobe\/2024\/11\/29\/petynka-krok-k-modernimu-plaveckemu-arealu-pro-vsechny\/","title":{"rendered":"Petynka: Krok k&nbsp;modern\u00edmu plaveck\u00e9mu are\u00e1lu pro v\u0161echny"},"content":{"rendered":"\n<p>Nov\u00fd kryt\u00fd baz\u00e9n na Petynce je o&nbsp;krok bl\u00ed\u017ee realizaci! P\u011btadvacetimetrov\u00fd baz\u00e9n s&nbsp;deseti drahami, pohybliv\u00fdm dnem p\u0159inese \u0161irok\u00e9 mo\u017enosti pro sport, v\u00fduku i&nbsp;relaxaci. Baz\u00e9n nab\u00eddne prom\u011bnlivou hloubku pro kondi\u010dn\u00ed plav\u00e1n\u00ed, synchronizovan\u00e9 plav\u00e1n\u00ed, vodn\u00ed p\u00f3lo i&nbsp;v\u00fduku plav\u00e1n\u00ed pro d\u011bti ze \u0161kol v&nbsp;Praze 6.<\/p>\n\n\n\n<div style=\"height:20px\" aria-hidden=\"true\" class=\"wp-block-spacer\"><\/div>\n\n\n\n<p>Projekt m\u00e1 ji\u017e hotov\u00fd n\u00e1vrh pro stavebn\u00ed povolen\u00ed a&nbsp;nyn\u00ed prob\u00edh\u00e1 \u0159\u00edzen\u00ed, kter\u00e9 rozhodne o&nbsp;jeho vyd\u00e1n\u00ed. Tento kl\u00ed\u010dov\u00fd krok je nezbytn\u00fd k&nbsp;tomu, aby bylo mo\u017en\u00e9 pokra\u010dovat v&nbsp;p\u0159\u00edprav\u00e1ch na v\u00fdstavbu a&nbsp;n\u00e1sledn\u00e9m vyps\u00e1n\u00ed v\u00fdb\u011brov\u00e9ho \u0159\u00edzen\u00ed na zhotovitele, kter\u00e9 je pl\u00e1nov\u00e1no na rok 2025.<\/p>\n\n\n\n<div style=\"height:20px\" aria-hidden=\"true\" class=\"wp-block-spacer\"><\/div>\n\n\n\n<p>Sou\u010d\u00e1st\u00ed projektu bude tak\u00e9 relaxa\u010dn\u00ed z\u00f3na s&nbsp;v\u00ed\u0159ivkami, mas\u00e1\u017en\u00edmi lavicemi a&nbsp;brouzdali\u0161t\u011bm pro nejmen\u0161\u00ed, a&nbsp;v&nbsp;pat\u0159e vznikne saunov\u00e9 centrum s&nbsp;finskou, solnou i&nbsp;aromasaunou. Nov\u00fd kryt\u00fd baz\u00e9n na Petynce bude energeticky \u00fasporn\u00fd d\u00edky fotovoltaick\u00fdm panel\u016fm, kter\u00e9 vyrob\u00ed p\u0159ibli\u017en\u011b t\u0159etinu pot\u0159ebn\u00e9 energie a&nbsp;uspo\u0159\u00ed ni\u017e\u0161\u00ed miliony korun ro\u010dn\u011b.<\/p>\n\n\n\n<div style=\"height:20px\" aria-hidden=\"true\" class=\"wp-block-spacer\"><\/div>\n\n\n\n<p>V\u00fdstavba by mohla za\u010d\u00edt v&nbsp;roce 2025, prvn\u00ed plavci si tak Petynku u\u017eij\u00ed v&nbsp;roce 2027. Tento projekt zm\u011bn\u00ed Petynku v&nbsp;modern\u00ed plaveck\u00e9 centrum, kter\u00e9 bude slou\u017eit \u0161kol\u00e1m, rodin\u00e1m i&nbsp;sportovn\u00edm odd\u00edl\u016fm a&nbsp;posune mo\u017enosti aktivn\u00edho \u017eivota v&nbsp;na\u0161\u00ed m\u011bstsk\u00e9 \u010d\u00e1sti na dal\u0161\u00ed \u00farove\u0148.<\/p>\n\n\n\n<div style=\"height:20px\" aria-hidden=\"true\" class=\"wp-block-spacer\"><\/div>\n","protected":false},"excerpt":{"rendered":"<p>Nov\u00fd kryt\u00fd baz\u00e9n na Petynce je o&nbsp;krok bl\u00ed\u017ee realizaci! P\u011btadvacetimetrov\u00fd baz\u00e9n s&nbsp;deseti drahami, pohybliv\u00fdm dnem p\u0159inese \u0161irok\u00e9 mo\u017enosti pro sport, v\u00fduku i&nbsp;relaxaci. Baz\u00e9n nab\u00eddne prom\u011bnlivou hloubku pro kondi\u010dn\u00ed plav\u00e1n\u00ed, synchronizovan\u00e9 plav\u00e1n\u00ed, vodn\u00ed p\u00f3lo i&nbsp;v\u00fduku plav\u00e1n\u00ed pro d\u011bti ze \u0161kol v&nbsp;Praze 6. Projekt m\u00e1 ji\u017e hotov\u00fd n\u00e1vrh pro stavebn\u00ed povolen\u00ed a&nbsp;nyn\u00ed prob\u00edh\u00e1 \u0159\u00edzen\u00ed, kter\u00e9 rozhodne o&nbsp;jeho [&hellip;]<\/p>\n","protected":false},"author":9,"featured_media":1927,"comment_status":"open","ping_status":"open","sticky":false,"template":"","format":"standard","meta":{"_acf_changed":false,"inline_featured_image":false,"footnotes":""},"categories":[4],"tags":[],"class_list":["post-1926","post","type-post","status-publish","format-standard","has-post-thumbnail","hentry","category-news"],"acf":[],"aioseo_notices":[],"distributor_meta":false,"distributor_terms":false,"distributor_media":false,"distributor_original_site_name":"Praha6Sob\u011b","distributor_original_site_url":"https:\/\/prahasobe.cz\/praha6sobe","push-errors":false,"_links":{"self":[{"href":"https:\/\/prahasobe.cz\/praha6sobe\/wp-json\/wp\/v2\/posts\/1926","targetHints":{"allow":["GET"]}}],"collection":[{"href":"https:\/\/prahasobe.cz\/praha6sobe\/wp-json\/wp\/v2\/posts"}],"about":[{"href":"https:\/\/prahasobe.cz\/praha6sobe\/wp-json\/wp\/v2\/types\/post"}],"author":[{"embeddable":true,"href":"https:\/\/prahasobe.cz\/praha6sobe\/wp-json\/wp\/v2\/users\/9"}],"replies":[{"embeddable":true,"href":"https:\/\/prahasobe.cz\/praha6sobe\/wp-json\/wp\/v2\/comments?post=1926"}],"version-history":[{"count":1,"href":"https:\/\/prahasobe.cz\/praha6sobe\/wp-json\/wp\/v2\/posts\/1926\/revisions"}],"predecessor-version":[{"id":1928,"href":"https:\/\/prahasobe.cz\/praha6sobe\/wp-json\/wp\/v2\/posts\/1926\/revisions\/1928"}],"wp:featuredmedia":[{"embeddable":true,"href":"https:\/\/prahasobe.cz\/praha6sobe\/wp-json\/wp\/v2\/media\/1927"}],"wp:attachment":[{"href":"https:\/\/prahasobe.cz\/praha6sobe\/wp-json\/wp\/v2\/media?parent=1926"}],"wp:term":[{"taxonomy":"category","embeddable":true,"href":"https:\/\/prahasobe.cz\/praha6sobe\/wp-json\/wp\/v2\/categories?post=1926"},{"taxonomy":"post_tag","embeddable":true,"href":"https:\/\/prahasobe.cz\/praha6sobe\/wp-json\/wp\/v2\/tags?post=1926"}],"curies":[{"name":"wp","href":"https:\/\/api.w.org\/{rel}","templated":true}]}}