{"id":1909,"date":"2025-01-23T11:02:00","date_gmt":"2025-01-23T11:02:00","guid":{"rendered":"https:\/\/prahasobe.cz\/praha6sobe\/?p=1909"},"modified":"2026-04-16T11:08:17","modified_gmt":"2026-04-16T11:08:17","slug":"nove-pracoviste-specialne-pedagogickeho-centra-na-sestce","status":"publish","type":"post","link":"https:\/\/prahasobe.cz\/praha6sobe\/2025\/01\/23\/nove-pracoviste-specialne-pedagogickeho-centra-na-sestce\/","title":{"rendered":"Nov\u00e9 pracovi\u0161t\u011b Speci\u00e1ln\u011b pedagogick\u00e9ho centra na \u0160estce"},"content":{"rendered":"\n<p><img loading=\"lazy\" decoding=\"async\" height=\"16\" width=\"16\" src=\"https:\/\/static.xx.fbcdn.net\/images\/emoji.php\/v9\/ted\/2\/16\/2764.png\" alt=\"\u2764\ufe0f\">\u00a0Ud\u011blali jsme dal\u0161\u00ed d\u016fle\u017eit\u00fd krok v&nbsp;podpo\u0159e d\u011bt\u00ed se speci\u00e1ln\u00edmi vzd\u011bl\u00e1vac\u00edmi pot\u0159ebami. V&nbsp;prostor\u00e1ch Mate\u0159sk\u00e9 \u0161koly Parl\u00e9\u0159ova jsme otev\u0159eli nov\u00e9 deta\u0161ovan\u00e9 pracovi\u0161t\u011b Speci\u00e1ln\u011b pedagogick\u00e9ho centra (SPC), kter\u00e9 roz\u0161i\u0159uje kapacity odborn\u00e9 p\u00e9\u010de v&nbsp;na\u0161\u00ed m\u011bstsk\u00e9 \u010d\u00e1sti.<\/p>\n\n\n\n<div style=\"height:20px\" aria-hidden=\"true\" class=\"wp-block-spacer\"><\/div>\n\n\n\n<p><strong><img loading=\"lazy\" decoding=\"async\" height=\"16\" width=\"16\" src=\"https:\/\/static.xx.fbcdn.net\/images\/emoji.php\/v9\/t7c\/2\/16\/1f469_200d_2695.png\" alt=\"\ud83d\udc69\u200d\u2695\ufe0f\">\u00a0Nov\u00e9 mo\u017enosti odborn\u00e9 p\u00e9\u010de pro d\u011bti<\/strong><\/p>\n\n\n\n<p>V r\u00e1mci nov\u00e9ho deta\u0161ovan\u00e9ho pracovi\u0161t\u011b jsme zajistili nav\u00fd\u0161en\u00ed kapacit SPC o&nbsp;dal\u0161\u00edch 60 m\u00edst, co\u017e p\u0159edstavuje n\u00e1r\u016fst p\u0159ibli\u017en\u011b o&nbsp;25&nbsp;% oproti sou\u010dasn\u00e9mu po\u010dtu klient\u016f. Toto roz\u0161\u00ed\u0159en\u00ed umo\u017enilo nav\u00fd\u0161en\u00ed \u00favazk\u016f psycholo\u017eky a&nbsp;speci\u00e1ln\u00ed pedago\u017eky, d\u00edky \u010demu\u017e mohou odborn\u00e9 pracovnice poskytovat podporu v\u00edce d\u011btem a&nbsp;jejich rodin\u00e1m. V\u00edme, jak d\u016fle\u017eit\u00e9 je nab\u00edzet efektivn\u00ed a&nbsp;kvalitn\u00ed pomoc pr\u00e1v\u011b tam, kde je nejv\u00edce pot\u0159eba.<\/p>\n\n\n\n<div style=\"height:20px\" aria-hidden=\"true\" class=\"wp-block-spacer\"><\/div>\n\n\n\n<p>Jako Praha 6 Sob\u011b jsme tento projekt prosadili, proto\u017ee si pln\u011b uv\u011bdomujeme, jak d\u016fle\u017eit\u00e9 je zajistit dostupnou odbornou p\u00e9\u010di pro rodiny, jejich\u017e d\u011bti \u010del\u00ed specifick\u00fdm v\u00fdzv\u00e1m. Na\u0161e pr\u00e1ce v&nbsp;tomto sm\u011bru nekon\u010d\u00ed \u2013 chceme, aby ka\u017ed\u00fd, kdo pot\u0159ebuje pomoc, m\u011bl \u0161anci ji dostat co nejrychleji a&nbsp;v&nbsp;co nejvy\u0161\u0161\u00ed kvalit\u011b.\u00a0<img loading=\"lazy\" decoding=\"async\" height=\"16\" width=\"16\" src=\"https:\/\/static.xx.fbcdn.net\/images\/emoji.php\/v9\/ted\/2\/16\/2764.png\" alt=\"\u2764\ufe0f\"><\/p>\n\n\n\n<div style=\"height:20px\" aria-hidden=\"true\" class=\"wp-block-spacer\"><\/div>\n\n\n\n<p><img loading=\"lazy\" decoding=\"async\" height=\"16\" width=\"16\" src=\"https:\/\/static.xx.fbcdn.net\/images\/emoji.php\/v9\/td\/2\/16\/1f4ac.png\" alt=\"\ud83d\udcac\">\u00a0\u201eDlouhodob\u011b si uv\u011bdomujeme, \u017ee je t\u011bchto specializovan\u00fdch m\u00edst nedostatek a&nbsp;dlouhodob\u011b se sna\u017e\u00edme jejich kapacity navy\u0161ovat. V&nbsp;tomto konkr\u00e9tn\u00edm p\u0159\u00edpad\u011b se poda\u0159ilo nav\u00fd\u0161it kapacitu zhruba o&nbsp;\u0161edes\u00e1t m\u00edst, co\u017e je o&nbsp;\u010dtvrtinu v\u00edce ne\u017e je st\u00e1vaj\u00edc\u00ed po\u010det klient\u016f. O&nbsp;to v\u00edce jsem r\u00e1da, \u017ee jsme mohli roz\u0161\u00ed\u0159it na\u0161e kapacity prost\u0159ednictv\u00edm tohoto deta\u0161ovan\u00e9ho pracovi\u0161t\u011b,\u201c dod\u00e1v\u00e1 na\u0161e\u00a0<a href=\"https:\/\/www.facebook.com\/capkovamariana?__tn__=-]K*F\">Mariana \u010capkov\u00e1 &#8211; m\u00edstostarostka Prahy 6<\/a>.<\/p>\n\n\n\n<div style=\"height:19px\" aria-hidden=\"true\" class=\"wp-block-spacer\"><\/div>\n\n\n\n<p><strong><img loading=\"lazy\" decoding=\"async\" height=\"16\" width=\"16\" src=\"https:\/\/static.xx.fbcdn.net\/images\/emoji.php\/v9\/t4b\/2\/16\/1f4cc.png\" alt=\"\ud83d\udccc\">\u00a0Co SPC nab\u00edz\u00ed?<br><\/strong>SPC se zam\u011b\u0159uje na podporu d\u011bt\u00ed s&nbsp;v\u00fdvojov\u00fdmi, \u0159e\u010dov\u00fdmi a&nbsp;psychomotorick\u00fdmi obt\u00ed\u017eemi i&nbsp;poruchami autistick\u00e9ho spektra.\u00a0<\/p>\n\n\n\n<div style=\"height:20px\" aria-hidden=\"true\" class=\"wp-block-spacer\"><\/div>\n\n\n\n<p><strong>Nab\u00edz\u00ed:<br><\/strong><img loading=\"lazy\" decoding=\"async\" height=\"16\" width=\"16\" src=\"https:\/\/static.xx.fbcdn.net\/images\/emoji.php\/v9\/tc1\/2\/16\/25b6.png\" alt=\"\u25b6\ufe0f\">\u00a0Komplexn\u00ed diagnostiku a&nbsp;n\u00e1vrh podp\u016frn\u00fdch opat\u0159en\u00ed.<br><img loading=\"lazy\" decoding=\"async\" height=\"16\" width=\"16\" src=\"https:\/\/static.xx.fbcdn.net\/images\/emoji.php\/v9\/tc1\/2\/16\/25b6.png\" alt=\"\u25b6\ufe0f\">\u00a0Konzultace pro rodi\u010de, pedagogy a&nbsp;\u0161koly.<br><img loading=\"lazy\" decoding=\"async\" height=\"16\" width=\"16\" src=\"https:\/\/static.xx.fbcdn.net\/images\/emoji.php\/v9\/tc1\/2\/16\/25b6.png\" alt=\"\u25b6\ufe0f\">\u00a0Individu\u00e1ln\u00ed podporu p\u0159i&nbsp;integraci d\u011bt\u00ed do \u0161kolsk\u00e9ho procesu.<br><img loading=\"lazy\" decoding=\"async\" height=\"16\" width=\"16\" src=\"https:\/\/static.xx.fbcdn.net\/images\/emoji.php\/v9\/tc1\/2\/16\/25b6.png\" alt=\"\u25b6\ufe0f\">\u00a0Zprost\u0159edkov\u00e1n\u00ed kontakt\u016f na dal\u0161\u00ed odborn\u00e9 slu\u017eby.<\/p>\n\n\n\n<div style=\"height:20px\" aria-hidden=\"true\" class=\"wp-block-spacer\"><\/div>\n\n\n\n<p>D\u011bkujeme v\u0161em, kte\u0159\u00ed se na realizaci tohoto projektu pod\u00edleli.&nbsp;<img loading=\"lazy\" decoding=\"async\" height=\"16\" width=\"16\" alt=\"\ud83d\ude4c\" src=\"https:\/\/static.xx.fbcdn.net\/images\/emoji.php\/v9\/t9c\/2\/16\/1f64c.png\"><\/p>\n","protected":false},"excerpt":{"rendered":"<p>\u00a0Ud\u011blali jsme dal\u0161\u00ed d\u016fle\u017eit\u00fd krok v&nbsp;podpo\u0159e d\u011bt\u00ed se speci\u00e1ln\u00edmi vzd\u011bl\u00e1vac\u00edmi pot\u0159ebami. V&nbsp;prostor\u00e1ch Mate\u0159sk\u00e9 \u0161koly Parl\u00e9\u0159ova jsme otev\u0159eli nov\u00e9 deta\u0161ovan\u00e9 pracovi\u0161t\u011b Speci\u00e1ln\u011b pedagogick\u00e9ho centra (SPC), kter\u00e9 roz\u0161i\u0159uje kapacity odborn\u00e9 p\u00e9\u010de v&nbsp;na\u0161\u00ed m\u011bstsk\u00e9 \u010d\u00e1sti. \u00a0Nov\u00e9 mo\u017enosti odborn\u00e9 p\u00e9\u010de pro d\u011bti V&nbsp;r\u00e1mci nov\u00e9ho deta\u0161ovan\u00e9ho pracovi\u0161t\u011b jsme zajistili nav\u00fd\u0161en\u00ed kapacit SPC o&nbsp;dal\u0161\u00edch 60 m\u00edst, co\u017e p\u0159edstavuje n\u00e1r\u016fst p\u0159ibli\u017en\u011b [&hellip;]<\/p>\n","protected":false},"author":9,"featured_media":1910,"comment_status":"open","ping_status":"open","sticky":false,"template":"","format":"standard","meta":{"_acf_changed":false,"inline_featured_image":false,"footnotes":""},"categories":[4],"tags":[],"class_list":["post-1909","post","type-post","status-publish","format-standard","has-post-thumbnail","hentry","category-news"],"acf":[],"aioseo_notices":[],"distributor_meta":false,"distributor_terms":false,"distributor_media":false,"distributor_original_site_name":"Praha6Sob\u011b","distributor_original_site_url":"https:\/\/prahasobe.cz\/praha6sobe","push-errors":false,"_links":{"self":[{"href":"https:\/\/prahasobe.cz\/praha6sobe\/wp-json\/wp\/v2\/posts\/1909","targetHints":{"allow":["GET"]}}],"collection":[{"href":"https:\/\/prahasobe.cz\/praha6sobe\/wp-json\/wp\/v2\/posts"}],"about":[{"href":"https:\/\/prahasobe.cz\/praha6sobe\/wp-json\/wp\/v2\/types\/post"}],"author":[{"embeddable":true,"href":"https:\/\/prahasobe.cz\/praha6sobe\/wp-json\/wp\/v2\/users\/9"}],"replies":[{"embeddable":true,"href":"https:\/\/prahasobe.cz\/praha6sobe\/wp-json\/wp\/v2\/comments?post=1909"}],"version-history":[{"count":1,"href":"https:\/\/prahasobe.cz\/praha6sobe\/wp-json\/wp\/v2\/posts\/1909\/revisions"}],"predecessor-version":[{"id":1911,"href":"https:\/\/prahasobe.cz\/praha6sobe\/wp-json\/wp\/v2\/posts\/1909\/revisions\/1911"}],"wp:featuredmedia":[{"embeddable":true,"href":"https:\/\/prahasobe.cz\/praha6sobe\/wp-json\/wp\/v2\/media\/1910"}],"wp:attachment":[{"href":"https:\/\/prahasobe.cz\/praha6sobe\/wp-json\/wp\/v2\/media?parent=1909"}],"wp:term":[{"taxonomy":"category","embeddable":true,"href":"https:\/\/prahasobe.cz\/praha6sobe\/wp-json\/wp\/v2\/categories?post=1909"},{"taxonomy":"post_tag","embeddable":true,"href":"https:\/\/prahasobe.cz\/praha6sobe\/wp-json\/wp\/v2\/tags?post=1909"}],"curies":[{"name":"wp","href":"https:\/\/api.w.org\/{rel}","templated":true}]}}