{"id":1906,"date":"2025-01-30T10:23:00","date_gmt":"2025-01-30T10:23:00","guid":{"rendered":"https:\/\/prahasobe.cz\/praha6sobe\/?p=1906"},"modified":"2026-04-16T10:37:49","modified_gmt":"2026-04-16T10:37:49","slug":"praha-6-opet-podporuje-ekologii-a-peci-o-verejnou-zelen","status":"publish","type":"post","link":"https:\/\/prahasobe.cz\/praha6sobe\/2025\/01\/30\/praha-6-opet-podporuje-ekologii-a-peci-o-verejnou-zelen\/","title":{"rendered":"Praha 6 op\u011bt podporuje ekologii a&nbsp;p\u00e9\u010di o&nbsp;ve\u0159ejnou zele\u0148"},"content":{"rendered":"\n<p>\u0160estka letos op\u011bt otev\u00edr\u00e1 dota\u010dn\u00ed programy na podporu ekologick\u00fdch projekt\u016f. Do 28.&nbsp;\u00fanora m\u016f\u017eete \u017e\u00e1dat o&nbsp;finan\u010dn\u00ed podporu ve t\u0159ech oblastech, kter\u00e9 pomohou zlep\u0161it \u017eivotn\u00ed prost\u0159ed\u00ed a&nbsp;pe\u010dovat o&nbsp;na\u0161i kr\u00e1snou zele\u0148.\u00a0<\/p>\n\n\n\n<div style=\"height:20px\" aria-hidden=\"true\" class=\"wp-block-spacer\"><\/div>\n\n\n\n<p><strong>Na co m\u016f\u017eete z\u00edskat podporu?<br><\/strong><img loading=\"lazy\" decoding=\"async\" height=\"16\" width=\"16\" src=\"https:\/\/static.xx.fbcdn.net\/images\/emoji.php\/v9\/tb4\/2\/16\/2705.png\" alt=\"\u2705\">\u00a0Ekologick\u00e9 projekty ve ve\u0159ejn\u00e9m prostoru \u2013 a\u017e 100&nbsp;000&nbsp;K\u010d na projekt!<br><img loading=\"lazy\" decoding=\"async\" height=\"16\" width=\"16\" src=\"https:\/\/static.xx.fbcdn.net\/images\/emoji.php\/v9\/tb4\/2\/16\/2705.png\" alt=\"\u2705\">\u00a0P\u00e9\u010de o&nbsp;stromy \u2013 a\u017e 30&nbsp;000&nbsp;K\u010d na \u00fadr\u017ebu vzrostl\u00fdch d\u0159evin.<br><img loading=\"lazy\" decoding=\"async\" height=\"16\" width=\"16\" src=\"https:\/\/static.xx.fbcdn.net\/images\/emoji.php\/v9\/tb4\/2\/16\/2705.png\" alt=\"\u2705\">\u00a0Mal\u00e9 ekologick\u00e9 projekty \u2013 a\u017e 10&nbsp;000&nbsp;K\u010d na komunitn\u00ed zahrady, cirkul\u00e1rn\u00ed ekonomiku nebo t\u0159eba vysazov\u00e1n\u00ed nov\u00e9 zelen\u011b.<\/p>\n\n\n\n<div style=\"height:20px\" aria-hidden=\"true\" class=\"wp-block-spacer\"><\/div>\n\n\n\n<p><strong><img loading=\"lazy\" decoding=\"async\" height=\"16\" width=\"16\" src=\"https:\/\/static.xx.fbcdn.net\/images\/emoji.php\/v9\/t2a\/2\/16\/1f465.png\" alt=\"\ud83d\udc65\">\u00a0Pro koho je podpora ur\u010dena?<br><\/strong>Pro ob\u010dany i&nbsp;organizace, kter\u00e9 cht\u011bj\u00ed p\u0159isp\u011bt ke zlep\u0161en\u00ed \u017eivotn\u00edho prost\u0159ed\u00ed a&nbsp;zvelebov\u00e1n\u00ed ve\u0159ejn\u00e9ho prostoru.<\/p>\n\n\n\n<div style=\"height:20px\" aria-hidden=\"true\" class=\"wp-block-spacer\"><\/div>\n\n\n\n<p><strong>Co v\u0161echno m\u016f\u017eete realizovat?<br><\/strong><img loading=\"lazy\" decoding=\"async\" height=\"16\" width=\"16\" src=\"https:\/\/static.xx.fbcdn.net\/images\/emoji.php\/v9\/t6f\/2\/16\/1f327.png\" alt=\"\ud83c\udf27\">\u00a0Zadr\u017eov\u00e1n\u00ed vody v&nbsp;krajin\u011b.<br><img loading=\"lazy\" decoding=\"async\" height=\"16\" width=\"16\" src=\"https:\/\/static.xx.fbcdn.net\/images\/emoji.php\/v9\/t8f\/2\/16\/1f338.png\" alt=\"\ud83c\udf38\">\u00a0V\u00fdsadbu kv\u011btinov\u00fdch z\u00e1hon\u016f nebo p\u00e9\u010di o&nbsp;stromo\u0159ad\u00ed.<br><img loading=\"lazy\" decoding=\"async\" height=\"16\" width=\"16\" src=\"https:\/\/static.xx.fbcdn.net\/images\/emoji.php\/v9\/tbe\/2\/16\/1f41d.png\" alt=\"\ud83d\udc1d\">\u00a0Podporu hospod\u00e1\u0159sk\u00fdch zv\u00ed\u0159at, opylova\u010d\u016f nebo p\u00e9\u010di o&nbsp;hendikepovan\u00e9 \u017eivo\u010dichy.<br><img loading=\"lazy\" decoding=\"async\" height=\"16\" width=\"16\" src=\"https:\/\/static.xx.fbcdn.net\/images\/emoji.php\/v9\/ta\/2\/16\/1f469_200d_1f33e.png\" alt=\"\ud83d\udc69\u200d\ud83c\udf3e\">\u00a0Komunitn\u00ed projekty jako zahrady nebo revitalizace vnitroblok\u016f.<br><img loading=\"lazy\" decoding=\"async\" height=\"16\" width=\"16\" src=\"https:\/\/static.xx.fbcdn.net\/images\/emoji.php\/v9\/t3d\/2\/16\/1f4d6.png\" alt=\"\ud83d\udcd6\">\u00a0Vzd\u011bl\u00e1vac\u00ed akce zam\u011b\u0159en\u00e9 na ekologii.<\/p>\n\n\n\n<div style=\"height:20px\" aria-hidden=\"true\" class=\"wp-block-spacer\"><\/div>\n\n\n\n<p><strong><img loading=\"lazy\" decoding=\"async\" height=\"16\" width=\"16\" src=\"https:\/\/static.xx.fbcdn.net\/images\/emoji.php\/v9\/t6b\/2\/16\/1f4dd.png\" alt=\"\ud83d\udcdd\">\u00a0Jak \u017e\u00e1dat?<br><\/strong>P\u0159ihl\u00e1\u0161ky pro velk\u00e9 ekologick\u00e9 projekty pod\u00e1vejte do 28.&nbsp;\u00fanora prost\u0159ednictv\u00edm elektronick\u00e9ho syst\u00e9mu. \u017d\u00e1dosti o&nbsp;p\u0159\u00edsp\u011bvky na stromy a&nbsp;mal\u00e9 projekty se p\u0159ij\u00edmaj\u00ed pr\u016fb\u011b\u017en\u011b od 1.&nbsp;ledna do 30.&nbsp;z\u00e1\u0159\u00ed.<\/p>\n\n\n\n<div style=\"height:20px\" aria-hidden=\"true\" class=\"wp-block-spacer\"><\/div>\n\n\n\n<p><img loading=\"lazy\" decoding=\"async\" height=\"16\" width=\"16\" src=\"https:\/\/static.xx.fbcdn.net\/images\/emoji.php\/v9\/t9c\/2\/16\/1f4c4.png\" alt=\"\ud83d\udcc4\">\u00a0Podrobn\u00e9 informace o&nbsp;podm\u00ednk\u00e1ch, formul\u00e1\u0159e a&nbsp;term\u00edny najdete na\u00a0<img loading=\"lazy\" decoding=\"async\" height=\"16\" width=\"16\" src=\"https:\/\/static.xx.fbcdn.net\/images\/emoji.php\/v9\/tf0\/2\/16\/1f449.png\" alt=\"\ud83d\udc49\"><a href=\"https:\/\/l.facebook.com\/l.php?u=https%3A%2F%2Fpraha6.cz%2Fdotace%3Ffbclid%3DIwZXh0bgNhZW0CMTAAYnJpZBEwRVBqSVNEaFB6Z25MdTI2cHNydGMGYXBwX2lkEDIyMjAzOTE3ODgyMDA4OTIAAR7IQLtH4cxmkWr2rfjd_lRWXpir6je8S6QcnRALuNPhTrGeEBF_rLe6kKhVEw_aem_79Orptzm9XcMWZr_0KwR8w&amp;h=AT6o0gOVWSFLiixGVSYnpb4cHlJxWlYILf_H_TibxbFziZiQLJIw2I_gz3hm7Je12oPEedH8DDCrxDA-PPMMlYLmcH-KlA2FjmBiIna8aj4HMxlyR2RwgRZpsNoVDYYYFrRxdqc5oqM1XacNmUBjaYzn632Cjkp8p2TdFg&amp;__tn__=-UK*F\" target=\"_blank\" rel=\"noreferrer noopener\">praha6.cz\/dotace<\/a><\/p>\n\n\n\n<div style=\"height:20px\" aria-hidden=\"true\" class=\"wp-block-spacer\"><\/div>\n\n\n\n<p><img loading=\"lazy\" decoding=\"async\" height=\"16\" width=\"16\" src=\"https:\/\/static.xx.fbcdn.net\/images\/emoji.php\/v9\/t1f\/2\/16\/1f64f.png\" alt=\"\ud83d\ude4f\"> Dota\u010dn\u00ed programy v&nbsp;oblasti ekologii a&nbsp;p\u00e9\u010di o&nbsp;ve\u0159ejnou zele\u0148 m\u00e1 na starost n\u00e1\u0161 kolega\u00a0<a href=\"https:\/\/www.facebook.com\/PetrPalackyP6?__tn__=-]K*F\">Petr Palack\u00fd, radn\u00ed pro \u017eivotn\u00ed prost\u0159ed\u00ed a&nbsp;klima<\/a>, kter\u00fd se s&nbsp;na\u0161\u00ed podporou aktivn\u011b sna\u017e\u00ed roz\u0161i\u0159ovat jejich mo\u017enosti a&nbsp;navy\u0161ovat rozpo\u010det na podporu ekologick\u00fdch projekt\u016f.\u00a0<\/p>\n\n\n\n<div style=\"height:20px\" aria-hidden=\"true\" class=\"wp-block-spacer\"><\/div>\n\n\n\n<p><img loading=\"lazy\" decoding=\"async\" height=\"16\" width=\"16\" alt=\"\ud83d\udc9a\" src=\"https:\/\/static.xx.fbcdn.net\/images\/emoji.php\/v9\/t33\/2\/16\/1f49a.png\">&nbsp;Spole\u010dn\u011b tvo\u0159\u00edme zelen\u011bj\u0161\u00ed a&nbsp;udr\u017eiteln\u011bj\u0161\u00ed Prahu 6!<\/p>\n","protected":false},"excerpt":{"rendered":"<p>\u0160estka letos op\u011bt otev\u00edr\u00e1 dota\u010dn\u00ed programy na podporu ekologick\u00fdch projekt\u016f. Do 28.&nbsp;\u00fanora m\u016f\u017eete \u017e\u00e1dat o&nbsp;finan\u010dn\u00ed podporu ve t\u0159ech oblastech, kter\u00e9 pomohou zlep\u0161it \u017eivotn\u00ed prost\u0159ed\u00ed a&nbsp;pe\u010dovat o&nbsp;na\u0161i kr\u00e1snou zele\u0148.\u00a0 Na co m\u016f\u017eete z\u00edskat podporu?\u00a0Ekologick\u00e9 projekty ve ve\u0159ejn\u00e9m prostoru \u2013 a\u017e 100&nbsp;000&nbsp;K\u010d na projekt!\u00a0P\u00e9\u010de o&nbsp;stromy \u2013 a\u017e 30&nbsp;000&nbsp;K\u010d na \u00fadr\u017ebu vzrostl\u00fdch d\u0159evin.\u00a0Mal\u00e9 ekologick\u00e9 projekty \u2013 a\u017e 10&nbsp;000&nbsp;K\u010d [&hellip;]<\/p>\n","protected":false},"author":9,"featured_media":1907,"comment_status":"open","ping_status":"open","sticky":false,"template":"","format":"standard","meta":{"_acf_changed":false,"inline_featured_image":false,"footnotes":""},"categories":[4],"tags":[],"class_list":["post-1906","post","type-post","status-publish","format-standard","has-post-thumbnail","hentry","category-news"],"acf":[],"aioseo_notices":[],"distributor_meta":false,"distributor_terms":false,"distributor_media":false,"distributor_original_site_name":"Praha6Sob\u011b","distributor_original_site_url":"https:\/\/prahasobe.cz\/praha6sobe","push-errors":false,"_links":{"self":[{"href":"https:\/\/prahasobe.cz\/praha6sobe\/wp-json\/wp\/v2\/posts\/1906","targetHints":{"allow":["GET"]}}],"collection":[{"href":"https:\/\/prahasobe.cz\/praha6sobe\/wp-json\/wp\/v2\/posts"}],"about":[{"href":"https:\/\/prahasobe.cz\/praha6sobe\/wp-json\/wp\/v2\/types\/post"}],"author":[{"embeddable":true,"href":"https:\/\/prahasobe.cz\/praha6sobe\/wp-json\/wp\/v2\/users\/9"}],"replies":[{"embeddable":true,"href":"https:\/\/prahasobe.cz\/praha6sobe\/wp-json\/wp\/v2\/comments?post=1906"}],"version-history":[{"count":1,"href":"https:\/\/prahasobe.cz\/praha6sobe\/wp-json\/wp\/v2\/posts\/1906\/revisions"}],"predecessor-version":[{"id":1908,"href":"https:\/\/prahasobe.cz\/praha6sobe\/wp-json\/wp\/v2\/posts\/1906\/revisions\/1908"}],"wp:featuredmedia":[{"embeddable":true,"href":"https:\/\/prahasobe.cz\/praha6sobe\/wp-json\/wp\/v2\/media\/1907"}],"wp:attachment":[{"href":"https:\/\/prahasobe.cz\/praha6sobe\/wp-json\/wp\/v2\/media?parent=1906"}],"wp:term":[{"taxonomy":"category","embeddable":true,"href":"https:\/\/prahasobe.cz\/praha6sobe\/wp-json\/wp\/v2\/categories?post=1906"},{"taxonomy":"post_tag","embeddable":true,"href":"https:\/\/prahasobe.cz\/praha6sobe\/wp-json\/wp\/v2\/tags?post=1906"}],"curies":[{"name":"wp","href":"https:\/\/api.w.org\/{rel}","templated":true}]}}