{"id":1879,"date":"2025-03-02T12:31:00","date_gmt":"2025-03-02T12:31:00","guid":{"rendered":"https:\/\/prahasobe.cz\/praha6sobe\/?p=1879"},"modified":"2026-04-13T12:36:19","modified_gmt":"2026-04-13T12:36:19","slug":"dame-hlavy-dohromady","status":"publish","type":"post","link":"https:\/\/prahasobe.cz\/praha6sobe\/2025\/03\/02\/dame-hlavy-dohromady\/","title":{"rendered":"D\u00e1me hlavy dohromady!"},"content":{"rendered":"\n<p>D\u011bti rozhoduj\u00ed o&nbsp;sv\u00e9 \u0161kolce\u00a0<img loading=\"lazy\" decoding=\"async\" height=\"16\" width=\"16\" src=\"https:\/\/static.xx.fbcdn.net\/images\/emoji.php\/v9\/t21\/2\/16\/1f3a8.png\" alt=\"\ud83c\udfa8\"><img loading=\"lazy\" decoding=\"async\" height=\"16\" width=\"16\" src=\"https:\/\/static.xx.fbcdn.net\/images\/emoji.php\/v9\/t16\/2\/16\/1f3e1.png\" alt=\"\ud83c\udfe1\"><\/p>\n\n\n\n<div style=\"height:20px\" aria-hidden=\"true\" class=\"wp-block-spacer\"><\/div>\n\n\n\n<p>V\u00edte, co by se stalo, kdyby d\u011bti mohly rozhodovat o&nbsp;tom, co cht\u011bj\u00ed ve sv\u00e9 \u0161kolce? V&nbsp;Praze 6 to zji\u0161\u0165ujeme u\u017e podruh\u00e9!\u00a0<img loading=\"lazy\" decoding=\"async\" height=\"16\" width=\"16\" src=\"https:\/\/static.xx.fbcdn.net\/images\/emoji.php\/v9\/tc7\/2\/16\/1f3eb.png\" alt=\"\ud83c\udfeb\"><img loading=\"lazy\" decoding=\"async\" height=\"16\" width=\"16\" src=\"https:\/\/static.xx.fbcdn.net\/images\/emoji.php\/v9\/t75\/2\/16\/2728.png\" alt=\"\u2728\"><\/p>\n\n\n\n<div style=\"height:20px\" aria-hidden=\"true\" class=\"wp-block-spacer\"><\/div>\n\n\n\n<p>Druh\u00fd ro\u010dn\u00edk participativn\u00edho projektu D\u00e1me hlavy dohromady je tady! D\u011bti ve \u0161kolk\u00e1ch maj\u00ed op\u011bt mo\u017enost vym\u00fd\u0161let, hlasovat a&nbsp;realizovat vlastn\u00ed n\u00e1pady, kter\u00e9 zp\u0159\u00edjemn\u00ed jejich prost\u0159ed\u00ed. M\u011bstsk\u00e1 \u010d\u00e1st Praha 6 na to vy\u010dlenila 2 miliony korun!<\/p>\n\n\n\n<div style=\"height:20px\" aria-hidden=\"true\" class=\"wp-block-spacer\"><\/div>\n\n\n\n<p><img loading=\"lazy\" decoding=\"async\" height=\"16\" width=\"16\" src=\"https:\/\/static.xx.fbcdn.net\/images\/emoji.php\/v9\/t92\/2\/16\/1f539.png\" alt=\"\ud83d\udd39\">\u00a0Jak to funguje?<br><img loading=\"lazy\" decoding=\"async\" height=\"16\" width=\"16\" src=\"https:\/\/static.xx.fbcdn.net\/images\/emoji.php\/v9\/tf0\/2\/16\/1f449.png\" alt=\"\ud83d\udc49\">\u00a0D\u011bti si pov\u00eddaj\u00ed o&nbsp;tom, co by cht\u011bly ve \u0161kolce zm\u011bnit.<br><img loading=\"lazy\" decoding=\"async\" height=\"16\" width=\"16\" src=\"https:\/\/static.xx.fbcdn.net\/images\/emoji.php\/v9\/tf0\/2\/16\/1f449.png\" alt=\"\ud83d\udc49\">\u00a0Sv\u00e1 p\u0159\u00e1n\u00ed nakresl\u00ed a&nbsp;vysv\u011btl\u00ed, pro\u010d je to pro n\u011b d\u016fle\u017eit\u00e9.<br><img loading=\"lazy\" decoding=\"async\" height=\"16\" width=\"16\" src=\"https:\/\/static.xx.fbcdn.net\/images\/emoji.php\/v9\/tf0\/2\/16\/1f449.png\" alt=\"\ud83d\udc49\">\u00a0N\u00e1sleduje hlasov\u00e1n\u00ed \u2013 co z\u00edsk\u00e1 nejv\u00edc hlas\u016f, to se zrealizuje!<\/p>\n\n\n\n<div style=\"height:20px\" aria-hidden=\"true\" class=\"wp-block-spacer\"><\/div>\n\n\n\n<p><img loading=\"lazy\" decoding=\"async\" height=\"16\" width=\"16\" src=\"https:\/\/static.xx.fbcdn.net\/images\/emoji.php\/v9\/t9a\/2\/16\/1f5e3.png\" alt=\"\ud83d\udde3\">\u00a0\u201eC\u00edlem projektu je nau\u010dit d\u011bti se rozhodovat, hlasovat a&nbsp;realizovat vlastn\u00ed p\u0159\u00e1n\u00ed za podpory sv\u00fdch rodi\u010d\u016f a&nbsp;vychovatel\u016f. Ka\u017ed\u00e1 \u0161kolka si navrhne sv\u016fj vlastn\u00ed harmonogram, ve kter\u00e9m prob\u011bhne cel\u00fd proces navrhov\u00e1n\u00ed a&nbsp;hlasov\u00e1n\u00ed,\u201c dod\u00e1v\u00e1 na\u0161e\u00a0<a href=\"https:\/\/www.facebook.com\/capkovamariana?__tn__=-]K*F\">Mariana \u010capkov\u00e1 &#8211; m\u00edstostarostka Prahy 6<\/a>.<\/p>\n\n\n\n<div style=\"height:20px\" aria-hidden=\"true\" class=\"wp-block-spacer\"><\/div>\n\n\n\n<p>Rodi\u010de i&nbsp;pedagogov\u00e9 jsou do projektu zapojeni taky \u2013 spole\u010dn\u011b s&nbsp;d\u011btmi hledaj\u00ed nejlep\u0161\u00ed zp\u016fsoby, jak \u0161kolku vylep\u0161it. Lo\u0148sk\u00e9 d\u011btsk\u00e9 sny se splnily, co n\u00e1s \u010dek\u00e1 letos?&nbsp;<img loading=\"lazy\" decoding=\"async\" height=\"16\" width=\"16\" alt=\"\ud83d\ude80\" src=\"https:\/\/static.xx.fbcdn.net\/images\/emoji.php\/v9\/t65\/2\/16\/1f680.png\"><\/p>\n","protected":false},"excerpt":{"rendered":"<p>D\u011bti rozhoduj\u00ed o&nbsp;sv\u00e9 \u0161kolce\u00a0 V\u00edte, co by se stalo, kdyby d\u011bti mohly rozhodovat o&nbsp;tom, co cht\u011bj\u00ed ve sv\u00e9 \u0161kolce? V&nbsp;Praze 6 to zji\u0161\u0165ujeme u\u017e podruh\u00e9!\u00a0 Druh\u00fd ro\u010dn\u00edk participativn\u00edho projektu D\u00e1me hlavy dohromady je tady! D\u011bti ve \u0161kolk\u00e1ch maj\u00ed op\u011bt mo\u017enost vym\u00fd\u0161let, hlasovat a&nbsp;realizovat vlastn\u00ed n\u00e1pady, kter\u00e9 zp\u0159\u00edjemn\u00ed jejich prost\u0159ed\u00ed. M\u011bstsk\u00e1 \u010d\u00e1st Praha 6 na to [&hellip;]<\/p>\n","protected":false},"author":9,"featured_media":1880,"comment_status":"open","ping_status":"open","sticky":false,"template":"","format":"standard","meta":{"_acf_changed":false,"inline_featured_image":false,"footnotes":""},"categories":[4],"tags":[],"class_list":["post-1879","post","type-post","status-publish","format-standard","has-post-thumbnail","hentry","category-news"],"acf":[],"aioseo_notices":[],"distributor_meta":false,"distributor_terms":false,"distributor_media":false,"distributor_original_site_name":"Praha6Sob\u011b","distributor_original_site_url":"https:\/\/prahasobe.cz\/praha6sobe","push-errors":false,"_links":{"self":[{"href":"https:\/\/prahasobe.cz\/praha6sobe\/wp-json\/wp\/v2\/posts\/1879","targetHints":{"allow":["GET"]}}],"collection":[{"href":"https:\/\/prahasobe.cz\/praha6sobe\/wp-json\/wp\/v2\/posts"}],"about":[{"href":"https:\/\/prahasobe.cz\/praha6sobe\/wp-json\/wp\/v2\/types\/post"}],"author":[{"embeddable":true,"href":"https:\/\/prahasobe.cz\/praha6sobe\/wp-json\/wp\/v2\/users\/9"}],"replies":[{"embeddable":true,"href":"https:\/\/prahasobe.cz\/praha6sobe\/wp-json\/wp\/v2\/comments?post=1879"}],"version-history":[{"count":1,"href":"https:\/\/prahasobe.cz\/praha6sobe\/wp-json\/wp\/v2\/posts\/1879\/revisions"}],"predecessor-version":[{"id":1881,"href":"https:\/\/prahasobe.cz\/praha6sobe\/wp-json\/wp\/v2\/posts\/1879\/revisions\/1881"}],"wp:featuredmedia":[{"embeddable":true,"href":"https:\/\/prahasobe.cz\/praha6sobe\/wp-json\/wp\/v2\/media\/1880"}],"wp:attachment":[{"href":"https:\/\/prahasobe.cz\/praha6sobe\/wp-json\/wp\/v2\/media?parent=1879"}],"wp:term":[{"taxonomy":"category","embeddable":true,"href":"https:\/\/prahasobe.cz\/praha6sobe\/wp-json\/wp\/v2\/categories?post=1879"},{"taxonomy":"post_tag","embeddable":true,"href":"https:\/\/prahasobe.cz\/praha6sobe\/wp-json\/wp\/v2\/tags?post=1879"}],"curies":[{"name":"wp","href":"https:\/\/api.w.org\/{rel}","templated":true}]}}