{"id":1876,"date":"2025-03-06T11:15:00","date_gmt":"2025-03-06T11:15:00","guid":{"rendered":"https:\/\/prahasobe.cz\/praha6sobe\/?p=1876"},"modified":"2026-04-13T11:30:20","modified_gmt":"2026-04-13T11:30:20","slug":"komunitni-zahrada-bubenec","status":"publish","type":"post","link":"https:\/\/prahasobe.cz\/praha6sobe\/2025\/03\/06\/komunitni-zahrada-bubenec\/","title":{"rendered":"Komunitn\u00ed zahrada Bubene\u010d"},"content":{"rendered":"\n<p>M\u00edsto, kde rostou nejen rostliny, ale i&nbsp;sousedsk\u00e9 vztahy!\u00a0<img loading=\"lazy\" decoding=\"async\" height=\"16\" width=\"16\" src=\"https:\/\/static.xx.fbcdn.net\/images\/emoji.php\/v9\/t8\/2\/16\/1f331.png\" alt=\"\ud83c\udf31\"><\/p>\n\n\n\n<div style=\"height:20px\" aria-hidden=\"true\" class=\"wp-block-spacer\"><\/div>\n\n\n\n<p>P\u0159edstavte si m\u00edsto, kde kdysi byla jen pr\u00e1zdn\u00e1 zarostl\u00e1 plocha, kde se roky nic ned\u011blo a&nbsp;kde nikdo nem\u011bl d\u016fvod se zastavit. Te\u010f si tu d\u011bti hraj\u00ed na tr\u00e1v\u011b, soused\u00e9 spolu pop\u00edjej\u00ed k\u00e1vu a&nbsp;v\u016fn\u011b \u010derstv\u011b sklizen\u00e9 bazalky se m\u00eds\u00ed se sm\u00edchem lid\u00ed, kte\u0159\u00ed tu p\u011bstuj\u00ed nejen raj\u010data, ale hlavn\u011b sousedsk\u00e9 vztahy. Tohle je nov\u00e1 komunitn\u00ed zahrada v&nbsp;Buben\u010di.<\/p>\n\n\n\n<div style=\"height:20px\" aria-hidden=\"true\" class=\"wp-block-spacer\"><\/div>\n\n\n\n<p><strong><img loading=\"lazy\" decoding=\"async\" height=\"16\" width=\"16\" src=\"https:\/\/static.xx.fbcdn.net\/images\/emoji.php\/v9\/t58\/2\/16\/1f6e0.png\" alt=\"\ud83d\udee0\">\u00a0Jak to v\u0161echno za\u010dalo?<br><\/strong>N\u00e1pad byl jednoduch\u00fd: p\u0159em\u011bnit nevyu\u017eit\u00fd pozemek ve funk\u010dn\u00ed prostor pro lidi, kte\u0159\u00ed miluj\u00ed p\u0159\u00edrodu, ale nemaj\u00ed vlastn\u00ed zahradu. Praha 6 ve spolupr\u00e1ci s&nbsp;obecn\u011b prosp\u011b\u0161nou spole\u010dnost\u00ed\u00a0<a href=\"https:\/\/www.facebook.com\/KOKOZAops?__tn__=-]K*F\">Kokoza<\/a>\u00a0dali dohromady komunitu, kter\u00e1 si na ja\u0159e vyhrnula ruk\u00e1vy a&nbsp;pustila se do pr\u00e1ce. A&nbsp;dnes? Dnes u\u017e si sousedky a&nbsp;soused\u00e9 p\u0159ipravuj\u00ed na dal\u0161\u00ed sez\u00f3nu!\u00a0<img loading=\"lazy\" decoding=\"async\" height=\"16\" width=\"16\" src=\"https:\/\/static.xx.fbcdn.net\/images\/emoji.php\/v9\/tab\/2\/16\/1f345.png\" alt=\"\ud83c\udf45\"><img loading=\"lazy\" decoding=\"async\" height=\"16\" width=\"16\" src=\"https:\/\/static.xx.fbcdn.net\/images\/emoji.php\/v9\/tbd\/2\/16\/1f33f.png\" alt=\"\ud83c\udf3f\"><\/p>\n\n\n\n<div style=\"height:20px\" aria-hidden=\"true\" class=\"wp-block-spacer\"><\/div>\n\n\n\n<p><strong><img loading=\"lazy\" decoding=\"async\" height=\"16\" width=\"16\" src=\"https:\/\/static.xx.fbcdn.net\/images\/emoji.php\/v9\/tdb\/2\/16\/1f4a1.png\" alt=\"\ud83d\udca1\">\u00a0Co na zahrad\u011b najdete?<br><\/strong><img loading=\"lazy\" decoding=\"async\" height=\"16\" width=\"16\" src=\"https:\/\/static.xx.fbcdn.net\/images\/emoji.php\/v9\/tb4\/2\/16\/2705.png\" alt=\"\u2705\">\u00a020 komunitn\u00edch z\u00e1hon\u016f \u2013 ka\u017ed\u00fd si p\u011bstuje, co chce! Raj\u010data, cukety, bylinky nebo t\u0159eba jen radost z&nbsp;toho, \u017ee tu n\u011bco roste.<br><img loading=\"lazy\" decoding=\"async\" height=\"16\" width=\"16\" src=\"https:\/\/static.xx.fbcdn.net\/images\/emoji.php\/v9\/tb4\/2\/16\/2705.png\" alt=\"\u2705\">\u00a0Ohni\u0161t\u011b pro spole\u010dn\u00e9 ve\u010dery \u2013 proto\u017ee dobr\u00e1 zahrada nen\u00ed jen o&nbsp;zelenin\u011b, ale i&nbsp;o&nbsp;lidech, kte\u0159\u00ed se u&nbsp;n\u00ed sejdou.<br><img loading=\"lazy\" decoding=\"async\" height=\"16\" width=\"16\" src=\"https:\/\/static.xx.fbcdn.net\/images\/emoji.php\/v9\/tb4\/2\/16\/2705.png\" alt=\"\u2705\">\u00a0Pl\u00e1ny na dal\u0161\u00ed rozvoj \u2013 d\u011btsk\u00e9 hern\u00ed prvky, dal\u0161\u00ed z\u00e1hony a&nbsp;mo\u017en\u00e1 i&nbsp;workshopy o&nbsp;zahradni\u010den\u00ed.<\/p>\n\n\n\n<div style=\"height:20px\" aria-hidden=\"true\" class=\"wp-block-spacer\"><\/div>\n\n\n\n<p><strong><img loading=\"lazy\" decoding=\"async\" height=\"16\" width=\"16\" src=\"https:\/\/static.xx.fbcdn.net\/images\/emoji.php\/v9\/tcc\/2\/16\/1f4cd.png\" alt=\"\ud83d\udccd\">\u00a0A kde tuhle zelenou o\u00e1zu najdete?<br><\/strong>V Buben\u010di vedle kanadsk\u00e9ho velvyslanectv\u00ed.\u00a0<\/p>\n\n\n\n<div style=\"height:20px\" aria-hidden=\"true\" class=\"wp-block-spacer\"><\/div>\n\n\n\n<p>Nechceme m\u011bsto, kde lid\u00e9 jen sp\u011bchaj\u00ed po&nbsp;chodn\u00edc\u00edch. Chceme m\u011bsto, kde si soused\u00e9 maj\u00ed kde odpo\u010dinout, kde se mohou setk\u00e1vat a&nbsp;kde si sami vytv\u00e1\u0159ej\u00ed prostor, kter\u00fd jim d\u00e1v\u00e1 smysl. Tahle nov\u00e1 komunitn\u00ed zahrada je jen dal\u0161\u00edm d\u016fkazem, \u017ee m\u00e1 smysl d\u011blat z&nbsp;pr\u00e1zdn\u00fdch m\u00edst \u017eiv\u00e1 centra sousedsk\u00e9ho \u017eivota.\u00a0<img loading=\"lazy\" decoding=\"async\" height=\"16\" width=\"16\" src=\"https:\/\/static.xx.fbcdn.net\/images\/emoji.php\/v9\/t8\/2\/16\/1f331.png\" alt=\"\ud83c\udf31\"><img loading=\"lazy\" decoding=\"async\" height=\"16\" width=\"16\" src=\"https:\/\/static.xx.fbcdn.net\/images\/emoji.php\/v9\/t16\/2\/16\/1f3e1.png\" alt=\"\ud83c\udfe1\"><\/p>\n\n\n\n<div style=\"height:20px\" aria-hidden=\"true\" class=\"wp-block-spacer\"><\/div>\n\n\n\n<p><img loading=\"lazy\" decoding=\"async\" height=\"16\" width=\"16\" alt=\"\ud83d\ude4f\" src=\"https:\/\/static.xx.fbcdn.net\/images\/emoji.php\/v9\/t1f\/2\/16\/1f64f.png\">&nbsp;Podporu komunitn\u00edch zahrad a&nbsp;rozvoj m\u011bstsk\u00e9 zelen\u011b m\u00e1 na starost n\u00e1\u0161 kolega&nbsp;<a href=\"https:\/\/www.facebook.com\/PetrPalackyP6?__tn__=-]K*F\">Petr Palack\u00fd, radn\u00ed pro \u017eivotn\u00ed prost\u0159ed\u00ed a&nbsp;klima<\/a>, kter\u00fd se s&nbsp;na\u0161\u00ed podporou aktivn\u011b sna\u017e\u00ed roz\u0161i\u0159ovat mo\u017enosti t\u011bchto projekt\u016f u&nbsp;n\u00e1s na \u0161estce.<\/p>\n","protected":false},"excerpt":{"rendered":"<p>M\u00edsto, kde rostou nejen rostliny, ale i&nbsp;sousedsk\u00e9 vztahy!\u00a0 P\u0159edstavte si m\u00edsto, kde kdysi byla jen pr\u00e1zdn\u00e1 zarostl\u00e1 plocha, kde se roky nic ned\u011blo a&nbsp;kde nikdo nem\u011bl d\u016fvod se zastavit. Te\u010f si tu d\u011bti hraj\u00ed na tr\u00e1v\u011b, soused\u00e9 spolu pop\u00edjej\u00ed k\u00e1vu a&nbsp;v\u016fn\u011b \u010derstv\u011b sklizen\u00e9 bazalky se m\u00eds\u00ed se sm\u00edchem lid\u00ed, kte\u0159\u00ed tu p\u011bstuj\u00ed nejen raj\u010data, ale [&hellip;]<\/p>\n","protected":false},"author":9,"featured_media":1877,"comment_status":"open","ping_status":"open","sticky":false,"template":"","format":"standard","meta":{"_acf_changed":false,"inline_featured_image":false,"footnotes":""},"categories":[4],"tags":[],"class_list":["post-1876","post","type-post","status-publish","format-standard","has-post-thumbnail","hentry","category-news"],"acf":[],"aioseo_notices":[],"distributor_meta":false,"distributor_terms":false,"distributor_media":false,"distributor_original_site_name":"Praha6Sob\u011b","distributor_original_site_url":"https:\/\/prahasobe.cz\/praha6sobe","push-errors":false,"_links":{"self":[{"href":"https:\/\/prahasobe.cz\/praha6sobe\/wp-json\/wp\/v2\/posts\/1876","targetHints":{"allow":["GET"]}}],"collection":[{"href":"https:\/\/prahasobe.cz\/praha6sobe\/wp-json\/wp\/v2\/posts"}],"about":[{"href":"https:\/\/prahasobe.cz\/praha6sobe\/wp-json\/wp\/v2\/types\/post"}],"author":[{"embeddable":true,"href":"https:\/\/prahasobe.cz\/praha6sobe\/wp-json\/wp\/v2\/users\/9"}],"replies":[{"embeddable":true,"href":"https:\/\/prahasobe.cz\/praha6sobe\/wp-json\/wp\/v2\/comments?post=1876"}],"version-history":[{"count":1,"href":"https:\/\/prahasobe.cz\/praha6sobe\/wp-json\/wp\/v2\/posts\/1876\/revisions"}],"predecessor-version":[{"id":1878,"href":"https:\/\/prahasobe.cz\/praha6sobe\/wp-json\/wp\/v2\/posts\/1876\/revisions\/1878"}],"wp:featuredmedia":[{"embeddable":true,"href":"https:\/\/prahasobe.cz\/praha6sobe\/wp-json\/wp\/v2\/media\/1877"}],"wp:attachment":[{"href":"https:\/\/prahasobe.cz\/praha6sobe\/wp-json\/wp\/v2\/media?parent=1876"}],"wp:term":[{"taxonomy":"category","embeddable":true,"href":"https:\/\/prahasobe.cz\/praha6sobe\/wp-json\/wp\/v2\/categories?post=1876"},{"taxonomy":"post_tag","embeddable":true,"href":"https:\/\/prahasobe.cz\/praha6sobe\/wp-json\/wp\/v2\/tags?post=1876"}],"curies":[{"name":"wp","href":"https:\/\/api.w.org\/{rel}","templated":true}]}}