{"id":1860,"date":"2025-03-14T10:51:00","date_gmt":"2025-03-14T10:51:00","guid":{"rendered":"https:\/\/prahasobe.cz\/praha6sobe\/?p=1860"},"modified":"2026-04-13T10:58:15","modified_gmt":"2026-04-13T10:58:15","slug":"nove-ucebnice-cestiny-pro-deti-s-odlisnym-materskym-jazykem","status":"publish","type":"post","link":"https:\/\/prahasobe.cz\/praha6sobe\/2025\/03\/14\/nove-ucebnice-cestiny-pro-deti-s-odlisnym-materskym-jazykem\/","title":{"rendered":"Nov\u00e9 u\u010debnice \u010de\u0161tiny pro d\u011bti s&nbsp;odli\u0161n\u00fdm mate\u0159sk\u00fdm jazykem"},"content":{"rendered":"\n<p>Praha 6 dlouhodob\u011b podporuje integraci d\u011bt\u00ed, pro kter\u00e9 nen\u00ed \u010de\u0161tina mate\u0159sk\u00fdm jazykem. A&nbsp;te\u010f p\u0159ich\u00e1z\u00edme s&nbsp;obrovskou novinkou \u2013 nov\u00e9 u\u010debnice \u010de\u0161tiny vytvo\u0159en\u00e9 p\u0159\u00edmo pro n\u011b! <img loading=\"lazy\" decoding=\"async\" height=\"16\" width=\"16\" src=\"https:\/\/static.xx.fbcdn.net\/images\/emoji.php\/v9\/tc7\/2\/16\/1f3eb.png\" alt=\"\ud83c\udfeb\"><img loading=\"lazy\" decoding=\"async\" height=\"16\" width=\"16\" src=\"https:\/\/static.xx.fbcdn.net\/images\/emoji.php\/v9\/t21\/2\/16\/1f3a8.png\" alt=\"\ud83c\udfa8\"><\/p>\n\n\n\n<div style=\"height:20px\" aria-hidden=\"true\" class=\"wp-block-spacer\"><\/div>\n\n\n\n<p>D\u00edky podpo\u0159e Prahy 6, <a href=\"https:\/\/www.facebook.com\/vnitro_cz?__cft__[0]=AZaLo3LcoTKqM8V_4xx7uhCCEN-AjUomSDGKZOgUGq8_no5WjwEbsaQjJXDQ9CQC6gnQUm-qds0XLMIzgyaPr49C8ldEJg2VudU4xAXidtJ2cEGvToMCL-HWbjdDIcnAImx1EmLfebTQT_S07V9qmw9BDyv80Iy63od1a4oHEbQ28g&amp;__tn__=-]K-R\">Ministerstvo vnitra<\/a> a&nbsp;<a href=\"https:\/\/www.facebook.com\/UNHCR?__cft__[0]=AZaLo3LcoTKqM8V_4xx7uhCCEN-AjUomSDGKZOgUGq8_no5WjwEbsaQjJXDQ9CQC6gnQUm-qds0XLMIzgyaPr49C8ldEJg2VudU4xAXidtJ2cEGvToMCL-HWbjdDIcnAImx1EmLfebTQT_S07V9qmw9BDyv80Iy63od1a4oHEbQ28g&amp;__tn__=-]K-R\">UNHCR, the UN Refugee Agency<\/a> se poda\u0159ilo vytvo\u0159it t\u0159i propojen\u00e9 u\u010debnice, kter\u00e9 pom\u00e1haj\u00ed d\u011btem osvojit si \u010de\u0161tinu p\u0159irozenou a&nbsp;hravou formou. Obsahuj\u00ed ilustrovan\u00e9 obr\u00e1zky, slovn\u00ed\u010dek, leporela, dramatick\u00e9 i&nbsp;logopedick\u00e9 prvky \u2013 prost\u011b v\u0161e, co pom\u016f\u017ee d\u011btem c\u00edtit se ve \u0161kole jako doma. <img loading=\"lazy\" decoding=\"async\" height=\"16\" width=\"16\" src=\"https:\/\/static.xx.fbcdn.net\/images\/emoji.php\/v9\/t95\/2\/16\/1f3e0.png\" alt=\"\ud83c\udfe0\"><img loading=\"lazy\" decoding=\"async\" height=\"16\" width=\"16\" src=\"https:\/\/static.xx.fbcdn.net\/images\/emoji.php\/v9\/tb4\/2\/16\/1f49b.png\" alt=\"\ud83d\udc9b\"><\/p>\n\n\n\n<div style=\"height:20px\" aria-hidden=\"true\" class=\"wp-block-spacer\"><\/div>\n\n\n\n<p><img loading=\"lazy\" decoding=\"async\" height=\"16\" width=\"16\" src=\"https:\/\/static.xx.fbcdn.net\/images\/emoji.php\/v9\/td\/2\/16\/1f4ac.png\" alt=\"\ud83d\udcac\"> &#8220;Chceme, aby se \u017e\u00e1ci mohli zapojit co nejp\u0159irozen\u011bj\u0161\u00ed formou do t\u0159\u00eddn\u00edho kolektivu, sociokulturn\u00edho prost\u0159ed\u00ed, d\u011bn\u00ed ve \u0161kole. Je pro n\u00e1s d\u016fle\u017eit\u00e9, aby si \u017e\u00e1ci osvojovali jazyk a&nbsp;m\u011bli mo\u017enost komunikovat nejenom mezi sebou, ale tak\u00e9 se sv\u00fdmi u\u010diteli a&nbsp;nov\u00fdmi kamar\u00e1dy,&#8221; dod\u00e1v\u00e1 na\u0161e Mariana \u010capkov\u00e1 &#8211; m\u00edstostarostka Prahy 6 a&nbsp;kmotra t\u011bchto u\u010debnic.<\/p>\n\n\n\n<div style=\"height:20px\" aria-hidden=\"true\" class=\"wp-block-spacer\"><\/div>\n\n\n\n<p><img loading=\"lazy\" decoding=\"async\" height=\"16\" width=\"16\" src=\"https:\/\/static.xx.fbcdn.net\/images\/emoji.php\/v9\/tf0\/2\/16\/1f449.png\" alt=\"\ud83d\udc49\"> A&nbsp;pr\u00e1v\u011b proto na tomto projektu spolupracovala na\u0161e \u0161estkov\u00e1 Z\u0160 Marj\u00e1nka, kter\u00e1 m\u00e1 s&nbsp;integrac\u00ed p\u0159es 20 let zku\u0161enost\u00ed. V\u00fdsledkem je inovativn\u00ed v\u00fdukov\u00fd syst\u00e9m spojuj\u00edc\u00ed klasick\u00e9 i&nbsp;modern\u00ed metody u\u010den\u00ed. Rytmizace, dramatizace, vizualizace \u2013 to v\u0161e pom\u00e1h\u00e1 d\u011btem p\u0159irozen\u011b a&nbsp;rychle zapadnout do nov\u00e9ho prost\u0159ed\u00ed. <img loading=\"lazy\" decoding=\"async\" height=\"16\" width=\"16\" src=\"https:\/\/static.xx.fbcdn.net\/images\/emoji.php\/v9\/t95\/2\/16\/1f469_200d_1f3eb.png\" alt=\"\ud83d\udc69\u200d\ud83c\udfeb\"><img loading=\"lazy\" decoding=\"async\" height=\"16\" width=\"16\" src=\"https:\/\/static.xx.fbcdn.net\/images\/emoji.php\/v9\/t3d\/2\/16\/1f4d6.png\" alt=\"\ud83d\udcd6\"><\/p>\n\n\n\n<div style=\"height:20px\" aria-hidden=\"true\" class=\"wp-block-spacer\"><\/div>\n\n\n\n<p>Jak\u00e9 kr\u00e1sn\u00e9 u\u010debnice vznikly?<\/p>\n\n\n\n<p><img loading=\"lazy\" decoding=\"async\" height=\"16\" width=\"16\" alt=\"\u2705\" src=\"https:\/\/static.xx.fbcdn.net\/images\/emoji.php\/v9\/tb4\/2\/16\/2705.png\"> \u010ce\u0161tina jinak s&nbsp;neklasick\u00fdmi metodami (rytmizace, dramatizace, vizualizace) autorka: Ivana K\u016frkov\u00e1<\/p>\n\n\n\n<p><img loading=\"lazy\" decoding=\"async\" height=\"16\" width=\"16\" alt=\"\u2705\" src=\"https:\/\/static.xx.fbcdn.net\/images\/emoji.php\/v9\/tb4\/2\/16\/2705.png\"> \u010ce\u0161tina a&nbsp;jak na ni (z\u00e1klady \u010desk\u00e9 gramatiky pro \u017e\u00e1ky s&nbsp;odli\u0161n\u00fdm mate\u0159sk\u00fdm jazykem) autorka: Anna Slab\u00e1<\/p>\n\n\n\n<p><img loading=\"lazy\" decoding=\"async\" height=\"16\" width=\"16\" src=\"https:\/\/static.xx.fbcdn.net\/images\/emoji.php\/v9\/tb4\/2\/16\/2705.png\" alt=\"\u2705\"> \u010ce\u0161tina v&nbsp;rytmu (neklasick\u00e9 metody v\u00fduky pro \u017e\u00e1ky s&nbsp;odli\u0161n\u00fdm mate\u0159sk\u00fdm jazykem) autorka: Martina \u0160ulcov\u00e1<\/p>\n\n\n\n<div style=\"height:20px\" aria-hidden=\"true\" class=\"wp-block-spacer\"><\/div>\n\n\n\n<p>D\u00edky t\u011bmto u\u010debnic\u00edm maj\u00ed d\u011bti cizinc\u016f v\u011bt\u0161\u00ed \u0161anci usp\u011bt a&nbsp;c\u00edtit se v&nbsp;Praze 6 jako doma. A&nbsp;o&nbsp;to n\u00e1m jde! <img loading=\"lazy\" decoding=\"async\" height=\"16\" width=\"16\" alt=\"\ud83d\udc99\" src=\"https:\/\/static.xx.fbcdn.net\/images\/emoji.php\/v9\/tb\/2\/16\/1f499.png\"><\/p>\n\n\n\n<p><img loading=\"lazy\" decoding=\"async\" height=\"16\" width=\"16\" src=\"https:\/\/static.xx.fbcdn.net\/images\/emoji.php\/v9\/tfc\/2\/16\/1f4f7.png\" alt=\"\ud83d\udcf7\"> Pod\u00edvejte se na p\u00e1r fotek ze k\u0159tu kn\u00ed\u017eek! <img loading=\"lazy\" decoding=\"async\" height=\"16\" width=\"16\" src=\"https:\/\/static.xx.fbcdn.net\/images\/emoji.php\/v9\/tee\/2\/16\/1f447.png\" alt=\"\ud83d\udc47\"><\/p>\n\n\n\n<div style=\"height:20px\" aria-hidden=\"true\" class=\"wp-block-spacer\"><\/div>\n\n\n\n<figure class=\"wp-block-gallery has-nested-images columns-default is-cropped wp-block-gallery-1 is-layout-flex wp-block-gallery-is-layout-flex\">\n<figure class=\"wp-block-image size-large\"><img loading=\"lazy\" decoding=\"async\" width=\"2048\" height=\"1365\" data-id=\"1864\" src=\"http:\/\/prahasobe.cz\/praha6sobe\/wp-content\/uploads\/sites\/5\/2026\/04\/484800424_643483521604415_1494107450136433991_n.jpg\" alt=\"Z\u0160 Marj\u00e1nka Praha 6 projekt v\u00fduky \u010de\u0161tiny pro d\u011bti cizinc\u016f\" class=\"wp-image-1864\" srcset=\"https:\/\/prahasobe.cz\/praha6sobe\/wp-content\/uploads\/sites\/5\/2026\/04\/484800424_643483521604415_1494107450136433991_n.jpg 2048w, https:\/\/prahasobe.cz\/praha6sobe\/wp-content\/uploads\/sites\/5\/2026\/04\/484800424_643483521604415_1494107450136433991_n-300x200.jpg 300w, https:\/\/prahasobe.cz\/praha6sobe\/wp-content\/uploads\/sites\/5\/2026\/04\/484800424_643483521604415_1494107450136433991_n-1024x683.jpg 1024w, https:\/\/prahasobe.cz\/praha6sobe\/wp-content\/uploads\/sites\/5\/2026\/04\/484800424_643483521604415_1494107450136433991_n-768x512.jpg 768w, https:\/\/prahasobe.cz\/praha6sobe\/wp-content\/uploads\/sites\/5\/2026\/04\/484800424_643483521604415_1494107450136433991_n-1536x1024.jpg 1536w\" sizes=\"auto, (max-width: 2048px) 100vw, 2048px\" \/><\/figure>\n\n\n\n<figure class=\"wp-block-image size-large\"><img loading=\"lazy\" decoding=\"async\" width=\"2048\" height=\"1365\" data-id=\"1861\" src=\"http:\/\/prahasobe.cz\/praha6sobe\/wp-content\/uploads\/sites\/5\/2026\/04\/483749925_643484251604342_4636631848696011001_n.jpg\" alt=\"Z\u0160 Marj\u00e1nka Praha 6 projekt v\u00fduky \u010de\u0161tiny pro d\u011bti cizinc\u016f\" class=\"wp-image-1861\" srcset=\"https:\/\/prahasobe.cz\/praha6sobe\/wp-content\/uploads\/sites\/5\/2026\/04\/483749925_643484251604342_4636631848696011001_n.jpg 2048w, https:\/\/prahasobe.cz\/praha6sobe\/wp-content\/uploads\/sites\/5\/2026\/04\/483749925_643484251604342_4636631848696011001_n-300x200.jpg 300w, https:\/\/prahasobe.cz\/praha6sobe\/wp-content\/uploads\/sites\/5\/2026\/04\/483749925_643484251604342_4636631848696011001_n-1024x683.jpg 1024w, https:\/\/prahasobe.cz\/praha6sobe\/wp-content\/uploads\/sites\/5\/2026\/04\/483749925_643484251604342_4636631848696011001_n-768x512.jpg 768w, https:\/\/prahasobe.cz\/praha6sobe\/wp-content\/uploads\/sites\/5\/2026\/04\/483749925_643484251604342_4636631848696011001_n-1536x1024.jpg 1536w\" sizes=\"auto, (max-width: 2048px) 100vw, 2048px\" \/><\/figure>\n\n\n\n<figure class=\"wp-block-image size-large\"><img loading=\"lazy\" decoding=\"async\" width=\"2048\" height=\"1365\" data-id=\"1866\" src=\"http:\/\/prahasobe.cz\/praha6sobe\/wp-content\/uploads\/sites\/5\/2026\/04\/484816329_643484054937695_1184690350539726533_n.jpg\" alt=\"Nov\u00e9 u\u010debnice \u010de\u0161tiny pro d\u011bti s odli\u0161n\u00fdm mate\u0159sk\u00fdm jazykem Praha 6\" class=\"wp-image-1866\" srcset=\"https:\/\/prahasobe.cz\/praha6sobe\/wp-content\/uploads\/sites\/5\/2026\/04\/484816329_643484054937695_1184690350539726533_n.jpg 2048w, https:\/\/prahasobe.cz\/praha6sobe\/wp-content\/uploads\/sites\/5\/2026\/04\/484816329_643484054937695_1184690350539726533_n-300x200.jpg 300w, https:\/\/prahasobe.cz\/praha6sobe\/wp-content\/uploads\/sites\/5\/2026\/04\/484816329_643484054937695_1184690350539726533_n-1024x683.jpg 1024w, https:\/\/prahasobe.cz\/praha6sobe\/wp-content\/uploads\/sites\/5\/2026\/04\/484816329_643484054937695_1184690350539726533_n-768x512.jpg 768w, https:\/\/prahasobe.cz\/praha6sobe\/wp-content\/uploads\/sites\/5\/2026\/04\/484816329_643484054937695_1184690350539726533_n-1536x1024.jpg 1536w\" sizes=\"auto, (max-width: 2048px) 100vw, 2048px\" \/><\/figure>\n\n\n\n<figure class=\"wp-block-image size-large\"><img loading=\"lazy\" decoding=\"async\" width=\"2048\" height=\"1365\" data-id=\"1869\" src=\"http:\/\/prahasobe.cz\/praha6sobe\/wp-content\/uploads\/sites\/5\/2026\/04\/484870396_643483734937727_4311645779090489101_n.jpg\" alt=\"Nov\u00e9 u\u010debnice \u010de\u0161tiny pro d\u011bti s odli\u0161n\u00fdm mate\u0159sk\u00fdm jazykem Praha 6\" class=\"wp-image-1869\" srcset=\"https:\/\/prahasobe.cz\/praha6sobe\/wp-content\/uploads\/sites\/5\/2026\/04\/484870396_643483734937727_4311645779090489101_n.jpg 2048w, https:\/\/prahasobe.cz\/praha6sobe\/wp-content\/uploads\/sites\/5\/2026\/04\/484870396_643483734937727_4311645779090489101_n-300x200.jpg 300w, https:\/\/prahasobe.cz\/praha6sobe\/wp-content\/uploads\/sites\/5\/2026\/04\/484870396_643483734937727_4311645779090489101_n-1024x683.jpg 1024w, https:\/\/prahasobe.cz\/praha6sobe\/wp-content\/uploads\/sites\/5\/2026\/04\/484870396_643483734937727_4311645779090489101_n-768x512.jpg 768w, https:\/\/prahasobe.cz\/praha6sobe\/wp-content\/uploads\/sites\/5\/2026\/04\/484870396_643483734937727_4311645779090489101_n-1536x1024.jpg 1536w\" sizes=\"auto, (max-width: 2048px) 100vw, 2048px\" \/><\/figure>\n\n\n\n<figure class=\"wp-block-image size-large\"><img loading=\"lazy\" decoding=\"async\" width=\"2048\" height=\"1365\" data-id=\"1862\" src=\"http:\/\/prahasobe.cz\/praha6sobe\/wp-content\/uploads\/sites\/5\/2026\/04\/484641303_643484094937691_2104020755301665418_n.jpg\" alt=\"Z\u0160 Marj\u00e1nka Praha 6 projekt v\u00fduky \u010de\u0161tiny pro d\u011bti cizinc\u016f\" class=\"wp-image-1862\" srcset=\"https:\/\/prahasobe.cz\/praha6sobe\/wp-content\/uploads\/sites\/5\/2026\/04\/484641303_643484094937691_2104020755301665418_n.jpg 2048w, https:\/\/prahasobe.cz\/praha6sobe\/wp-content\/uploads\/sites\/5\/2026\/04\/484641303_643484094937691_2104020755301665418_n-300x200.jpg 300w, https:\/\/prahasobe.cz\/praha6sobe\/wp-content\/uploads\/sites\/5\/2026\/04\/484641303_643484094937691_2104020755301665418_n-1024x683.jpg 1024w, https:\/\/prahasobe.cz\/praha6sobe\/wp-content\/uploads\/sites\/5\/2026\/04\/484641303_643484094937691_2104020755301665418_n-768x512.jpg 768w, https:\/\/prahasobe.cz\/praha6sobe\/wp-content\/uploads\/sites\/5\/2026\/04\/484641303_643484094937691_2104020755301665418_n-1536x1024.jpg 1536w\" sizes=\"auto, (max-width: 2048px) 100vw, 2048px\" \/><\/figure>\n\n\n\n<figure class=\"wp-block-image size-large\"><img loading=\"lazy\" decoding=\"async\" width=\"2048\" height=\"1365\" data-id=\"1870\" src=\"http:\/\/prahasobe.cz\/praha6sobe\/wp-content\/uploads\/sites\/5\/2026\/04\/484871511_643484008271033_3708546864195717754_n.jpg\" alt=\"Nov\u00e9 u\u010debnice \u010de\u0161tiny pro d\u011bti s odli\u0161n\u00fdm mate\u0159sk\u00fdm jazykem Praha 6\" class=\"wp-image-1870\" srcset=\"https:\/\/prahasobe.cz\/praha6sobe\/wp-content\/uploads\/sites\/5\/2026\/04\/484871511_643484008271033_3708546864195717754_n.jpg 2048w, https:\/\/prahasobe.cz\/praha6sobe\/wp-content\/uploads\/sites\/5\/2026\/04\/484871511_643484008271033_3708546864195717754_n-300x200.jpg 300w, https:\/\/prahasobe.cz\/praha6sobe\/wp-content\/uploads\/sites\/5\/2026\/04\/484871511_643484008271033_3708546864195717754_n-1024x683.jpg 1024w, https:\/\/prahasobe.cz\/praha6sobe\/wp-content\/uploads\/sites\/5\/2026\/04\/484871511_643484008271033_3708546864195717754_n-768x512.jpg 768w, https:\/\/prahasobe.cz\/praha6sobe\/wp-content\/uploads\/sites\/5\/2026\/04\/484871511_643484008271033_3708546864195717754_n-1536x1024.jpg 1536w\" sizes=\"auto, (max-width: 2048px) 100vw, 2048px\" \/><\/figure>\n\n\n\n<figure class=\"wp-block-image size-large\"><img loading=\"lazy\" decoding=\"async\" width=\"2048\" height=\"1365\" data-id=\"1863\" src=\"http:\/\/prahasobe.cz\/praha6sobe\/wp-content\/uploads\/sites\/5\/2026\/04\/484670023_643483944937706_4399772703580718925_n.jpg\" alt=\"Z\u0160 Marj\u00e1nka Praha 6 projekt v\u00fduky \u010de\u0161tiny pro d\u011bti cizinc\u016f\" class=\"wp-image-1863\" srcset=\"https:\/\/prahasobe.cz\/praha6sobe\/wp-content\/uploads\/sites\/5\/2026\/04\/484670023_643483944937706_4399772703580718925_n.jpg 2048w, https:\/\/prahasobe.cz\/praha6sobe\/wp-content\/uploads\/sites\/5\/2026\/04\/484670023_643483944937706_4399772703580718925_n-300x200.jpg 300w, https:\/\/prahasobe.cz\/praha6sobe\/wp-content\/uploads\/sites\/5\/2026\/04\/484670023_643483944937706_4399772703580718925_n-1024x683.jpg 1024w, https:\/\/prahasobe.cz\/praha6sobe\/wp-content\/uploads\/sites\/5\/2026\/04\/484670023_643483944937706_4399772703580718925_n-768x512.jpg 768w, https:\/\/prahasobe.cz\/praha6sobe\/wp-content\/uploads\/sites\/5\/2026\/04\/484670023_643483944937706_4399772703580718925_n-1536x1024.jpg 1536w\" sizes=\"auto, (max-width: 2048px) 100vw, 2048px\" \/><\/figure>\n\n\n\n<figure class=\"wp-block-image size-large\"><img loading=\"lazy\" decoding=\"async\" width=\"2048\" height=\"1365\" data-id=\"1865\" src=\"http:\/\/prahasobe.cz\/praha6sobe\/wp-content\/uploads\/sites\/5\/2026\/04\/484810381_643484178271016_2110641186402803003_n.jpg\" alt=\"Z\u0160 Marj\u00e1nka Praha 6 projekt v\u00fduky \u010de\u0161tiny pro d\u011bti cizinc\u016f\" class=\"wp-image-1865\" srcset=\"https:\/\/prahasobe.cz\/praha6sobe\/wp-content\/uploads\/sites\/5\/2026\/04\/484810381_643484178271016_2110641186402803003_n.jpg 2048w, https:\/\/prahasobe.cz\/praha6sobe\/wp-content\/uploads\/sites\/5\/2026\/04\/484810381_643484178271016_2110641186402803003_n-300x200.jpg 300w, https:\/\/prahasobe.cz\/praha6sobe\/wp-content\/uploads\/sites\/5\/2026\/04\/484810381_643484178271016_2110641186402803003_n-1024x683.jpg 1024w, https:\/\/prahasobe.cz\/praha6sobe\/wp-content\/uploads\/sites\/5\/2026\/04\/484810381_643484178271016_2110641186402803003_n-768x512.jpg 768w, https:\/\/prahasobe.cz\/praha6sobe\/wp-content\/uploads\/sites\/5\/2026\/04\/484810381_643484178271016_2110641186402803003_n-1536x1024.jpg 1536w\" sizes=\"auto, (max-width: 2048px) 100vw, 2048px\" \/><\/figure>\n\n\n\n<figure class=\"wp-block-image size-large\"><img loading=\"lazy\" decoding=\"async\" width=\"2048\" height=\"1365\" data-id=\"1868\" src=\"http:\/\/prahasobe.cz\/praha6sobe\/wp-content\/uploads\/sites\/5\/2026\/04\/484868507_643483481604419_2281402656766134469_n.jpg\" alt=\"Nov\u00e9 u\u010debnice \u010de\u0161tiny pro d\u011bti s odli\u0161n\u00fdm mate\u0159sk\u00fdm jazykem Praha 6\" class=\"wp-image-1868\" srcset=\"https:\/\/prahasobe.cz\/praha6sobe\/wp-content\/uploads\/sites\/5\/2026\/04\/484868507_643483481604419_2281402656766134469_n.jpg 2048w, https:\/\/prahasobe.cz\/praha6sobe\/wp-content\/uploads\/sites\/5\/2026\/04\/484868507_643483481604419_2281402656766134469_n-300x200.jpg 300w, https:\/\/prahasobe.cz\/praha6sobe\/wp-content\/uploads\/sites\/5\/2026\/04\/484868507_643483481604419_2281402656766134469_n-1024x683.jpg 1024w, https:\/\/prahasobe.cz\/praha6sobe\/wp-content\/uploads\/sites\/5\/2026\/04\/484868507_643483481604419_2281402656766134469_n-768x512.jpg 768w, https:\/\/prahasobe.cz\/praha6sobe\/wp-content\/uploads\/sites\/5\/2026\/04\/484868507_643483481604419_2281402656766134469_n-1536x1024.jpg 1536w\" sizes=\"auto, (max-width: 2048px) 100vw, 2048px\" \/><\/figure>\n\n\n\n<figure class=\"wp-block-image size-large\"><img loading=\"lazy\" decoding=\"async\" width=\"2048\" height=\"1365\" data-id=\"1867\" src=\"http:\/\/prahasobe.cz\/praha6sobe\/wp-content\/uploads\/sites\/5\/2026\/04\/484831551_643484224937678_7260665714275642179_n.jpg\" alt=\"Nov\u00e9 u\u010debnice \u010de\u0161tiny pro d\u011bti s odli\u0161n\u00fdm mate\u0159sk\u00fdm jazykem Praha 6\" class=\"wp-image-1867\" srcset=\"https:\/\/prahasobe.cz\/praha6sobe\/wp-content\/uploads\/sites\/5\/2026\/04\/484831551_643484224937678_7260665714275642179_n.jpg 2048w, https:\/\/prahasobe.cz\/praha6sobe\/wp-content\/uploads\/sites\/5\/2026\/04\/484831551_643484224937678_7260665714275642179_n-300x200.jpg 300w, https:\/\/prahasobe.cz\/praha6sobe\/wp-content\/uploads\/sites\/5\/2026\/04\/484831551_643484224937678_7260665714275642179_n-1024x683.jpg 1024w, https:\/\/prahasobe.cz\/praha6sobe\/wp-content\/uploads\/sites\/5\/2026\/04\/484831551_643484224937678_7260665714275642179_n-768x512.jpg 768w, https:\/\/prahasobe.cz\/praha6sobe\/wp-content\/uploads\/sites\/5\/2026\/04\/484831551_643484224937678_7260665714275642179_n-1536x1024.jpg 1536w\" sizes=\"auto, (max-width: 2048px) 100vw, 2048px\" \/><\/figure>\n<\/figure>\n","protected":false},"excerpt":{"rendered":"<p>Praha 6 dlouhodob\u011b podporuje integraci d\u011bt\u00ed, pro kter\u00e9 nen\u00ed \u010de\u0161tina mate\u0159sk\u00fdm jazykem. A&nbsp;te\u010f p\u0159ich\u00e1z\u00edme s&nbsp;obrovskou novinkou \u2013 nov\u00e9 u\u010debnice \u010de\u0161tiny vytvo\u0159en\u00e9 p\u0159\u00edmo pro n\u011b! D\u00edky podpo\u0159e Prahy 6, Ministerstvo vnitra a&nbsp;UNHCR, the UN Refugee Agency se poda\u0159ilo vytvo\u0159it t\u0159i propojen\u00e9 u\u010debnice, kter\u00e9 pom\u00e1haj\u00ed d\u011btem osvojit si \u010de\u0161tinu p\u0159irozenou a&nbsp;hravou formou. Obsahuj\u00ed ilustrovan\u00e9 obr\u00e1zky, slovn\u00ed\u010dek, leporela, [&hellip;]<\/p>\n","protected":false},"author":9,"featured_media":1871,"comment_status":"open","ping_status":"open","sticky":false,"template":"","format":"standard","meta":{"_acf_changed":false,"inline_featured_image":false,"footnotes":""},"categories":[4],"tags":[],"class_list":["post-1860","post","type-post","status-publish","format-standard","has-post-thumbnail","hentry","category-news"],"acf":[],"aioseo_notices":[],"distributor_meta":false,"distributor_terms":false,"distributor_media":false,"distributor_original_site_name":"Praha6Sob\u011b","distributor_original_site_url":"https:\/\/prahasobe.cz\/praha6sobe","push-errors":false,"_links":{"self":[{"href":"https:\/\/prahasobe.cz\/praha6sobe\/wp-json\/wp\/v2\/posts\/1860","targetHints":{"allow":["GET"]}}],"collection":[{"href":"https:\/\/prahasobe.cz\/praha6sobe\/wp-json\/wp\/v2\/posts"}],"about":[{"href":"https:\/\/prahasobe.cz\/praha6sobe\/wp-json\/wp\/v2\/types\/post"}],"author":[{"embeddable":true,"href":"https:\/\/prahasobe.cz\/praha6sobe\/wp-json\/wp\/v2\/users\/9"}],"replies":[{"embeddable":true,"href":"https:\/\/prahasobe.cz\/praha6sobe\/wp-json\/wp\/v2\/comments?post=1860"}],"version-history":[{"count":1,"href":"https:\/\/prahasobe.cz\/praha6sobe\/wp-json\/wp\/v2\/posts\/1860\/revisions"}],"predecessor-version":[{"id":1872,"href":"https:\/\/prahasobe.cz\/praha6sobe\/wp-json\/wp\/v2\/posts\/1860\/revisions\/1872"}],"wp:featuredmedia":[{"embeddable":true,"href":"https:\/\/prahasobe.cz\/praha6sobe\/wp-json\/wp\/v2\/media\/1871"}],"wp:attachment":[{"href":"https:\/\/prahasobe.cz\/praha6sobe\/wp-json\/wp\/v2\/media?parent=1860"}],"wp:term":[{"taxonomy":"category","embeddable":true,"href":"https:\/\/prahasobe.cz\/praha6sobe\/wp-json\/wp\/v2\/categories?post=1860"},{"taxonomy":"post_tag","embeddable":true,"href":"https:\/\/prahasobe.cz\/praha6sobe\/wp-json\/wp\/v2\/tags?post=1860"}],"curies":[{"name":"wp","href":"https:\/\/api.w.org\/{rel}","templated":true}]}}