{"id":1833,"date":"2026-04-13T10:13:07","date_gmt":"2026-04-13T10:13:07","guid":{"rendered":"https:\/\/prahasobe.cz\/praha6sobe\/?p=1833"},"modified":"2026-04-13T10:13:41","modified_gmt":"2026-04-13T10:13:41","slug":"praha-6-sobe-a-zeleni-praha-6-spojuji-sve-sily-pro-komunalni-volby","status":"publish","type":"post","link":"https:\/\/prahasobe.cz\/praha6sobe\/2026\/04\/13\/praha-6-sobe-a-zeleni-praha-6-spojuji-sve-sily-pro-komunalni-volby\/","title":{"rendered":"Praha 6 sob\u011b a&nbsp;Zelen\u00ed Praha 6 spojuj\u00ed sv\u00e9 s\u00edly pro komun\u00e1ln\u00ed volby"},"content":{"rendered":"\n<p>Poj\u010fme naplnit D\u017eb\u00e1n, \u0159\u00edkaj\u00ed.<\/p>\n\n\n\n<p><br>V podzimn\u00edch komun\u00e1ln\u00edch volb\u00e1ch v&nbsp;Praze 6 postav\u00ed Praha sob\u011b a&nbsp;Strana zelen\u00fdch spole\u010dnou<br>kandid\u00e1tku. Spolupr\u00e1ce obou uskupen\u00ed stoj\u00ed na sd\u00edlen\u00fdch hodnot\u00e1ch \u2013 ochran\u011b ve\u0159ejn\u00e9ho prostoru,<br>kvalitn\u00edm \u017eivotn\u00edm prost\u0159ed\u00ed i&nbsp;aktivn\u00edm zapojen\u00ed obyvatel do rozhodov\u00e1n\u00ed o&nbsp;budoucnosti m\u011bstsk\u00e9<br>\u010d\u00e1sti.<\/p>\n\n\n\n<p><br>\u201cNa Praze 6 u\u017e dnes spolupracujeme na konkr\u00e9tn\u00edch v\u011bcech a&nbsp;d\u00e1v\u00e1 n\u00e1m smysl tuto zku\u0161enost<br>p\u0159en\u00e9st i&nbsp;do voleb. Chceme nab\u00eddnout jasnou a&nbsp;srozumitelnou alternativu, kter\u00e1 se op\u00edr\u00e1 o&nbsp;zku\u0161enost<br>z radnice i&nbsp;o&nbsp;ka\u017edodenn\u00ed kontakt s&nbsp;lidmi v&nbsp;ulic\u00edch,\u201c uv\u00e1d\u00ed Mariana \u010capkov\u00e1 (Praha sob\u011b), l\u00eddryn\u011b<br>spole\u010dn\u00e9 kandid\u00e1tky, kandid\u00e1tka na starostku m\u011bstsk\u00e9 \u010d\u00e1sti a&nbsp;st\u00e1vaj\u00edc\u00ed m\u00edstostarostka Prahy 6 pro<br>\u0161kolstv\u00ed.<\/p>\n\n\n\n<p><br>K symbolick\u00e9mu ohl\u00e1\u0161en\u00ed spole\u010dn\u00e9 kandidatury do\u0161lo v&nbsp;r\u00e1mci \u00faklidu okol\u00ed vodn\u00ed n\u00e1dr\u017ee D\u017eb\u00e1n.<br>\u201eD\u017eb\u00e1n je unik\u00e1tn\u00ed lokalita s&nbsp;obrovsk\u00fdm potenci\u00e1lem. Jej\u00ed stav bohu\u017eel dlouhodob\u011b neuspokojiv\u00fd v<br>d\u016fsledku netransparentn\u00edho prodeje pozemk\u016f v&nbsp;jej\u00edm okol\u00ed, k&nbsp;n\u011bmu\u017e do\u0161lo v&nbsp;roce 2013, uv\u00e1d\u00ed Petr<br>Palack\u00fd (Zelen\u00ed), radn\u00ed Prahy 6 pro \u017eivotn\u00ed prost\u0159ed\u00ed a&nbsp;klima, \u010d\u00edslo 2 spole\u010dn\u00e9 kandid\u00e1tky. \u201eJenom<br>d\u00edky velk\u00e9mu ob\u010dansk\u00e9mu \u00fasil\u00ed se poda\u0159ilo uchr\u00e1nit toto \u00fazem\u00ed v&nbsp;bezprost\u0159edn\u00ed bl\u00edzkosti Divok\u00e9<br>\u0160\u00e1rky od necitliv\u00e9 developersk\u00e9 z\u00e1stavby. Ale to nesta\u010d\u00ed. Chceme D\u017eb\u00e1n vr\u00e1tit lidem jako kvalitn\u00ed<br>ve\u0159ejn\u00fd prostor. Za t\u00edm \u00fa\u010delem budeme sb\u00edrat podporu pro v\u00fdkup pozemk\u016f b\u00fdval\u00e9 pl\u00e1\u017ee zp\u011bt do<br>ve\u0159ejn\u00e9ho majetku,\u201d dod\u00e1v\u00e1.<\/p>\n\n\n\n<p><br>Start petice \u201ePoj\u010fme naplnit D\u017eb\u00e1n\u201c<\/p>\n\n\n\n<p><br>Petice \u201cPoj\u010fme naplnit D\u017eb\u00e1n\u201d upozor\u0148uje na dlouhodob\u011b nevyhovuj\u00edc\u00ed stav are\u00e1lu D\u017eb\u00e1nu a<br>po\u017eaduje zejm\u00e9na:<\/p>\n\n\n\n<p><br>\u25cf zachov\u00e1n\u00ed \u00fazem\u00ed bez bytov\u00e9 v\u00fdstavby,<br>\u25cf n\u00e1vrat kl\u00ed\u010dov\u00fdch \u010d\u00e1st\u00ed are\u00e1lu do ve\u0159ejn\u00e9ho vlastnictv\u00ed,<br>\u25cf rekonstrukci koupali\u0161t\u011b a&nbsp;citliv\u00fd rozvoj cel\u00e9ho \u00fazem\u00ed s&nbsp;ohledem na pot\u0159eby obyvatel.<\/p>\n\n\n\n<p><br>Ned\u00edlnou sou\u010d\u00e1st\u00ed iniciativy je tak\u00e9 aktivn\u00ed zapojen\u00ed ve\u0159ejnosti \u2013 lid\u00e9 budou moci ovlivnit, jak by m\u011bl<br>D\u017eb\u00e1n v&nbsp;budoucnu vypadat a&nbsp;jak\u00e9 aktivity by zde cht\u011bli realizovat.<\/p>\n\n\n\n<p><br>Navrhovan\u00e9 sm\u011bry rozvoje zahrnuj\u00ed nap\u0159\u00edklad:<br>\u25cf vznik p\u0159\u00edrodn\u00edho amfite\u00e1tru pro kulturn\u00ed akce,<br>\u25cf vytvo\u0159en\u00ed archeoparku p\u0159ipom\u00ednaj\u00edc\u00edho mimo jin\u00e9 historii hradi\u0161t\u011b \u0160\u00e1rka,<br>\u25cf rozvoj \u0161etrn\u00e9ho sportovn\u011b-rekrea\u010dn\u00edho z\u00e1zem\u00ed pro v\u0161echny generace.<\/p>\n\n\n\n<p>\u201eD\u017eb\u00e1n m\u00e1 obrovsk\u00fd potenci\u00e1l st\u00e1t se jedn\u00edm z&nbsp;nejkr\u00e1sn\u011bj\u0161\u00edch p\u0159\u00edrodn\u011b rekrea\u010dn\u00edch m\u00edst v&nbsp;Praze. Na\u0161\u00ed<br>prioritou je ochrana zelen\u011b a&nbsp;citliv\u00fd rozvoj \u00fazem\u00ed bez dal\u0161\u00ed z\u00e1stavby. Petic\u00ed z\u00e1rove\u0148 d\u00e1v\u00e1me lidem<br>mo\u017enost \u0159\u00edct, co p\u0159esn\u011b tu cht\u011bj\u00ed, a&nbsp;to je podle n\u00e1s z\u00e1klad dobr\u00e9 politiky,\u201c dod\u00e1v\u00e1 Mariana \u010capkov\u00e1.<\/p>\n\n\n\n<p><br>Dobrovoln\u00edci a&nbsp;podporovatel\u00e9 Prahy sob\u011b i&nbsp;Zelen\u00fdch budou na ja\u0159e i&nbsp;v&nbsp;l\u00e9t\u011b pravideln\u011b vyr\u00e1\u017eet do ulic<br>Prahy 6, kde budou sb\u00edrat podpisy pod petici a&nbsp;diskutovat s&nbsp;obyvateli o&nbsp;budoucnosti D\u017eb\u00e1nu i<br>m\u011bstsk\u00e9 \u010d\u00e1sti.<\/p>\n\n\n\n<div style=\"height:20px\" aria-hidden=\"true\" class=\"wp-block-spacer\"><\/div>\n\n\n\n<figure class=\"wp-block-gallery has-nested-images columns-default is-cropped wp-block-gallery-1 is-layout-flex wp-block-gallery-is-layout-flex\">\n<figure class=\"wp-block-image size-large\"><img loading=\"lazy\" decoding=\"async\" width=\"1280\" height=\"853\" data-id=\"1835\" src=\"http:\/\/prahasobe.cz\/praha6sobe\/wp-content\/uploads\/sites\/5\/2026\/04\/photo_2026-04-13-11.54.39.jpeg\" alt=\"Dobrovoln\u00edci ukl\u00edz\u00ed are\u00e1l D\u017eb\u00e1n Praha 6 b\u011bhem komunitn\u00ed akce\" class=\"wp-image-1835\" srcset=\"https:\/\/prahasobe.cz\/praha6sobe\/wp-content\/uploads\/sites\/5\/2026\/04\/photo_2026-04-13-11.54.39.jpeg 1280w, https:\/\/prahasobe.cz\/praha6sobe\/wp-content\/uploads\/sites\/5\/2026\/04\/photo_2026-04-13-11.54.39-300x200.jpeg 300w, https:\/\/prahasobe.cz\/praha6sobe\/wp-content\/uploads\/sites\/5\/2026\/04\/photo_2026-04-13-11.54.39-1024x682.jpeg 1024w, https:\/\/prahasobe.cz\/praha6sobe\/wp-content\/uploads\/sites\/5\/2026\/04\/photo_2026-04-13-11.54.39-768x512.jpeg 768w\" sizes=\"auto, (max-width: 1280px) 100vw, 1280px\" \/><\/figure>\n\n\n\n<figure class=\"wp-block-image size-large\"><img loading=\"lazy\" decoding=\"async\" width=\"1280\" height=\"853\" data-id=\"1836\" src=\"http:\/\/prahasobe.cz\/praha6sobe\/wp-content\/uploads\/sites\/5\/2026\/04\/photo_2026-04-13-11.54.40.jpeg\" alt=\"Dobrovoln\u00edci ukl\u00edz\u00ed are\u00e1l D\u017eb\u00e1n Praha 6 b\u011bhem komunitn\u00ed akce\" class=\"wp-image-1836\" srcset=\"https:\/\/prahasobe.cz\/praha6sobe\/wp-content\/uploads\/sites\/5\/2026\/04\/photo_2026-04-13-11.54.40.jpeg 1280w, https:\/\/prahasobe.cz\/praha6sobe\/wp-content\/uploads\/sites\/5\/2026\/04\/photo_2026-04-13-11.54.40-300x200.jpeg 300w, https:\/\/prahasobe.cz\/praha6sobe\/wp-content\/uploads\/sites\/5\/2026\/04\/photo_2026-04-13-11.54.40-1024x682.jpeg 1024w, https:\/\/prahasobe.cz\/praha6sobe\/wp-content\/uploads\/sites\/5\/2026\/04\/photo_2026-04-13-11.54.40-768x512.jpeg 768w\" sizes=\"auto, (max-width: 1280px) 100vw, 1280px\" \/><\/figure>\n\n\n\n<figure class=\"wp-block-image size-large\"><img loading=\"lazy\" decoding=\"async\" width=\"1280\" height=\"853\" data-id=\"1838\" src=\"http:\/\/prahasobe.cz\/praha6sobe\/wp-content\/uploads\/sites\/5\/2026\/04\/photo_2026-04-13-11.54.41.jpeg\" alt=\"\u00daklid okol\u00ed vodn\u00ed n\u00e1dr\u017ee D\u017eb\u00e1n Praha 6 iniciovan\u00fd Praha 6 sob\u011b a Zelen\u00ed\" class=\"wp-image-1838\" srcset=\"https:\/\/prahasobe.cz\/praha6sobe\/wp-content\/uploads\/sites\/5\/2026\/04\/photo_2026-04-13-11.54.41.jpeg 1280w, https:\/\/prahasobe.cz\/praha6sobe\/wp-content\/uploads\/sites\/5\/2026\/04\/photo_2026-04-13-11.54.41-300x200.jpeg 300w, https:\/\/prahasobe.cz\/praha6sobe\/wp-content\/uploads\/sites\/5\/2026\/04\/photo_2026-04-13-11.54.41-1024x682.jpeg 1024w, https:\/\/prahasobe.cz\/praha6sobe\/wp-content\/uploads\/sites\/5\/2026\/04\/photo_2026-04-13-11.54.41-768x512.jpeg 768w\" sizes=\"auto, (max-width: 1280px) 100vw, 1280px\" \/><\/figure>\n\n\n\n<figure class=\"wp-block-image size-large\"><img loading=\"lazy\" decoding=\"async\" width=\"1280\" height=\"853\" data-id=\"1837\" src=\"http:\/\/prahasobe.cz\/praha6sobe\/wp-content\/uploads\/sites\/5\/2026\/04\/photo_2026-04-13-11.54.41-1.jpeg\" alt=\"\u00daklid okol\u00ed vodn\u00ed n\u00e1dr\u017ee D\u017eb\u00e1n Praha 6 iniciovan\u00fd Praha 6 sob\u011b a Zelen\u00ed\" class=\"wp-image-1837\" srcset=\"https:\/\/prahasobe.cz\/praha6sobe\/wp-content\/uploads\/sites\/5\/2026\/04\/photo_2026-04-13-11.54.41-1.jpeg 1280w, https:\/\/prahasobe.cz\/praha6sobe\/wp-content\/uploads\/sites\/5\/2026\/04\/photo_2026-04-13-11.54.41-1-300x200.jpeg 300w, https:\/\/prahasobe.cz\/praha6sobe\/wp-content\/uploads\/sites\/5\/2026\/04\/photo_2026-04-13-11.54.41-1-1024x682.jpeg 1024w, https:\/\/prahasobe.cz\/praha6sobe\/wp-content\/uploads\/sites\/5\/2026\/04\/photo_2026-04-13-11.54.41-1-768x512.jpeg 768w\" sizes=\"auto, (max-width: 1280px) 100vw, 1280px\" \/><\/figure>\n\n\n\n<figure class=\"wp-block-image size-large\"><img loading=\"lazy\" decoding=\"async\" width=\"1280\" height=\"853\" data-id=\"1839\" src=\"http:\/\/prahasobe.cz\/praha6sobe\/wp-content\/uploads\/sites\/5\/2026\/04\/photo_2026-04-13-11.54.42.jpeg\" alt=\"\u00daklid okol\u00ed vodn\u00ed n\u00e1dr\u017ee D\u017eb\u00e1n Praha 6 iniciovan\u00fd Praha 6 sob\u011b a Zelen\u00ed\" class=\"wp-image-1839\" srcset=\"https:\/\/prahasobe.cz\/praha6sobe\/wp-content\/uploads\/sites\/5\/2026\/04\/photo_2026-04-13-11.54.42.jpeg 1280w, https:\/\/prahasobe.cz\/praha6sobe\/wp-content\/uploads\/sites\/5\/2026\/04\/photo_2026-04-13-11.54.42-300x200.jpeg 300w, https:\/\/prahasobe.cz\/praha6sobe\/wp-content\/uploads\/sites\/5\/2026\/04\/photo_2026-04-13-11.54.42-1024x682.jpeg 1024w, https:\/\/prahasobe.cz\/praha6sobe\/wp-content\/uploads\/sites\/5\/2026\/04\/photo_2026-04-13-11.54.42-768x512.jpeg 768w\" sizes=\"auto, (max-width: 1280px) 100vw, 1280px\" \/><\/figure>\n\n\n\n<figure class=\"wp-block-image size-large\"><img loading=\"lazy\" decoding=\"async\" width=\"1280\" height=\"853\" data-id=\"1840\" src=\"http:\/\/prahasobe.cz\/praha6sobe\/wp-content\/uploads\/sites\/5\/2026\/04\/photo_2026-04-13-11.54.43-1.jpeg\" alt=\"\u00daklid okol\u00ed vodn\u00ed n\u00e1dr\u017ee D\u017eb\u00e1n Praha 6 iniciovan\u00fd Praha 6 sob\u011b a Zelen\u00ed\" class=\"wp-image-1840\" srcset=\"https:\/\/prahasobe.cz\/praha6sobe\/wp-content\/uploads\/sites\/5\/2026\/04\/photo_2026-04-13-11.54.43-1.jpeg 1280w, https:\/\/prahasobe.cz\/praha6sobe\/wp-content\/uploads\/sites\/5\/2026\/04\/photo_2026-04-13-11.54.43-1-300x200.jpeg 300w, https:\/\/prahasobe.cz\/praha6sobe\/wp-content\/uploads\/sites\/5\/2026\/04\/photo_2026-04-13-11.54.43-1-1024x682.jpeg 1024w, https:\/\/prahasobe.cz\/praha6sobe\/wp-content\/uploads\/sites\/5\/2026\/04\/photo_2026-04-13-11.54.43-1-768x512.jpeg 768w\" sizes=\"auto, (max-width: 1280px) 100vw, 1280px\" \/><\/figure>\n\n\n\n<figure class=\"wp-block-image size-large\"><img loading=\"lazy\" decoding=\"async\" width=\"1280\" height=\"853\" data-id=\"1841\" src=\"http:\/\/prahasobe.cz\/praha6sobe\/wp-content\/uploads\/sites\/5\/2026\/04\/photo_2026-04-13-11.54.43.jpeg\" alt=\"\u00daklid okol\u00ed vodn\u00ed n\u00e1dr\u017ee D\u017eb\u00e1n Praha 6 iniciovan\u00fd Praha 6 sob\u011b a Zelen\u00ed\" class=\"wp-image-1841\" srcset=\"https:\/\/prahasobe.cz\/praha6sobe\/wp-content\/uploads\/sites\/5\/2026\/04\/photo_2026-04-13-11.54.43.jpeg 1280w, https:\/\/prahasobe.cz\/praha6sobe\/wp-content\/uploads\/sites\/5\/2026\/04\/photo_2026-04-13-11.54.43-300x200.jpeg 300w, https:\/\/prahasobe.cz\/praha6sobe\/wp-content\/uploads\/sites\/5\/2026\/04\/photo_2026-04-13-11.54.43-1024x682.jpeg 1024w, https:\/\/prahasobe.cz\/praha6sobe\/wp-content\/uploads\/sites\/5\/2026\/04\/photo_2026-04-13-11.54.43-768x512.jpeg 768w\" sizes=\"auto, (max-width: 1280px) 100vw, 1280px\" \/><\/figure>\n\n\n\n<figure class=\"wp-block-image size-large\"><img loading=\"lazy\" decoding=\"async\" width=\"1280\" height=\"853\" data-id=\"1842\" src=\"http:\/\/prahasobe.cz\/praha6sobe\/wp-content\/uploads\/sites\/5\/2026\/04\/photo_2026-04-13-11.54.44.jpeg\" alt=\"\u00daklid okol\u00ed vodn\u00ed n\u00e1dr\u017ee D\u017eb\u00e1n Praha 6 iniciovan\u00fd Praha 6 sob\u011b a Zelen\u00ed\" class=\"wp-image-1842\" srcset=\"https:\/\/prahasobe.cz\/praha6sobe\/wp-content\/uploads\/sites\/5\/2026\/04\/photo_2026-04-13-11.54.44.jpeg 1280w, https:\/\/prahasobe.cz\/praha6sobe\/wp-content\/uploads\/sites\/5\/2026\/04\/photo_2026-04-13-11.54.44-300x200.jpeg 300w, https:\/\/prahasobe.cz\/praha6sobe\/wp-content\/uploads\/sites\/5\/2026\/04\/photo_2026-04-13-11.54.44-1024x682.jpeg 1024w, https:\/\/prahasobe.cz\/praha6sobe\/wp-content\/uploads\/sites\/5\/2026\/04\/photo_2026-04-13-11.54.44-768x512.jpeg 768w\" sizes=\"auto, (max-width: 1280px) 100vw, 1280px\" \/><\/figure>\n\n\n\n<figure class=\"wp-block-image size-large\"><img loading=\"lazy\" decoding=\"async\" width=\"1280\" height=\"853\" data-id=\"1843\" src=\"http:\/\/prahasobe.cz\/praha6sobe\/wp-content\/uploads\/sites\/5\/2026\/04\/photo_2026-04-13-11.54.45-1.jpeg\" alt=\"\u00daklid okol\u00ed vodn\u00ed n\u00e1dr\u017ee D\u017eb\u00e1n Praha 6 iniciovan\u00fd Praha 6 sob\u011b a Zelen\u00ed\" class=\"wp-image-1843\" srcset=\"https:\/\/prahasobe.cz\/praha6sobe\/wp-content\/uploads\/sites\/5\/2026\/04\/photo_2026-04-13-11.54.45-1.jpeg 1280w, https:\/\/prahasobe.cz\/praha6sobe\/wp-content\/uploads\/sites\/5\/2026\/04\/photo_2026-04-13-11.54.45-1-300x200.jpeg 300w, https:\/\/prahasobe.cz\/praha6sobe\/wp-content\/uploads\/sites\/5\/2026\/04\/photo_2026-04-13-11.54.45-1-1024x682.jpeg 1024w, https:\/\/prahasobe.cz\/praha6sobe\/wp-content\/uploads\/sites\/5\/2026\/04\/photo_2026-04-13-11.54.45-1-768x512.jpeg 768w\" sizes=\"auto, (max-width: 1280px) 100vw, 1280px\" \/><\/figure>\n\n\n\n<figure class=\"wp-block-image size-large\"><img loading=\"lazy\" decoding=\"async\" width=\"1280\" height=\"853\" data-id=\"1844\" src=\"http:\/\/prahasobe.cz\/praha6sobe\/wp-content\/uploads\/sites\/5\/2026\/04\/photo_2026-04-13-11.54.45.jpeg\" alt=\"Dobrovoln\u00edci ukl\u00edz\u00ed are\u00e1l D\u017eb\u00e1n Praha 6 b\u011bhem komunitn\u00ed akce\" class=\"wp-image-1844\" srcset=\"https:\/\/prahasobe.cz\/praha6sobe\/wp-content\/uploads\/sites\/5\/2026\/04\/photo_2026-04-13-11.54.45.jpeg 1280w, https:\/\/prahasobe.cz\/praha6sobe\/wp-content\/uploads\/sites\/5\/2026\/04\/photo_2026-04-13-11.54.45-300x200.jpeg 300w, https:\/\/prahasobe.cz\/praha6sobe\/wp-content\/uploads\/sites\/5\/2026\/04\/photo_2026-04-13-11.54.45-1024x682.jpeg 1024w, https:\/\/prahasobe.cz\/praha6sobe\/wp-content\/uploads\/sites\/5\/2026\/04\/photo_2026-04-13-11.54.45-768x512.jpeg 768w\" sizes=\"auto, (max-width: 1280px) 100vw, 1280px\" \/><\/figure>\n\n\n\n<figure class=\"wp-block-image size-large\"><img loading=\"lazy\" decoding=\"async\" width=\"1280\" height=\"853\" data-id=\"1845\" src=\"http:\/\/prahasobe.cz\/praha6sobe\/wp-content\/uploads\/sites\/5\/2026\/04\/photo_2026-04-13-11.54.46-1.jpeg\" alt=\"Dobrovoln\u00edci ukl\u00edz\u00ed are\u00e1l D\u017eb\u00e1n Praha 6 b\u011bhem komunitn\u00ed akce\" class=\"wp-image-1845\" srcset=\"https:\/\/prahasobe.cz\/praha6sobe\/wp-content\/uploads\/sites\/5\/2026\/04\/photo_2026-04-13-11.54.46-1.jpeg 1280w, https:\/\/prahasobe.cz\/praha6sobe\/wp-content\/uploads\/sites\/5\/2026\/04\/photo_2026-04-13-11.54.46-1-300x200.jpeg 300w, https:\/\/prahasobe.cz\/praha6sobe\/wp-content\/uploads\/sites\/5\/2026\/04\/photo_2026-04-13-11.54.46-1-1024x682.jpeg 1024w, https:\/\/prahasobe.cz\/praha6sobe\/wp-content\/uploads\/sites\/5\/2026\/04\/photo_2026-04-13-11.54.46-1-768x512.jpeg 768w\" sizes=\"auto, (max-width: 1280px) 100vw, 1280px\" \/><\/figure>\n\n\n\n<figure class=\"wp-block-image size-large\"><img loading=\"lazy\" decoding=\"async\" width=\"1280\" height=\"853\" data-id=\"1846\" src=\"http:\/\/prahasobe.cz\/praha6sobe\/wp-content\/uploads\/sites\/5\/2026\/04\/photo_2026-04-13-11.54.46.jpeg\" alt=\"Dobrovoln\u00edci ukl\u00edz\u00ed are\u00e1l D\u017eb\u00e1n Praha 6 b\u011bhem komunitn\u00ed akce\" class=\"wp-image-1846\" srcset=\"https:\/\/prahasobe.cz\/praha6sobe\/wp-content\/uploads\/sites\/5\/2026\/04\/photo_2026-04-13-11.54.46.jpeg 1280w, https:\/\/prahasobe.cz\/praha6sobe\/wp-content\/uploads\/sites\/5\/2026\/04\/photo_2026-04-13-11.54.46-300x200.jpeg 300w, https:\/\/prahasobe.cz\/praha6sobe\/wp-content\/uploads\/sites\/5\/2026\/04\/photo_2026-04-13-11.54.46-1024x682.jpeg 1024w, https:\/\/prahasobe.cz\/praha6sobe\/wp-content\/uploads\/sites\/5\/2026\/04\/photo_2026-04-13-11.54.46-768x512.jpeg 768w\" sizes=\"auto, (max-width: 1280px) 100vw, 1280px\" \/><\/figure>\n\n\n\n<figure class=\"wp-block-image size-large\"><img loading=\"lazy\" decoding=\"async\" width=\"1280\" height=\"853\" data-id=\"1847\" src=\"http:\/\/prahasobe.cz\/praha6sobe\/wp-content\/uploads\/sites\/5\/2026\/04\/photo_2026-04-13-11.54.47.jpeg\" alt=\"Dobrovoln\u00edci ukl\u00edz\u00ed are\u00e1l D\u017eb\u00e1n Praha 6 b\u011bhem komunitn\u00ed akce\" class=\"wp-image-1847\" srcset=\"https:\/\/prahasobe.cz\/praha6sobe\/wp-content\/uploads\/sites\/5\/2026\/04\/photo_2026-04-13-11.54.47.jpeg 1280w, https:\/\/prahasobe.cz\/praha6sobe\/wp-content\/uploads\/sites\/5\/2026\/04\/photo_2026-04-13-11.54.47-300x200.jpeg 300w, https:\/\/prahasobe.cz\/praha6sobe\/wp-content\/uploads\/sites\/5\/2026\/04\/photo_2026-04-13-11.54.47-1024x682.jpeg 1024w, https:\/\/prahasobe.cz\/praha6sobe\/wp-content\/uploads\/sites\/5\/2026\/04\/photo_2026-04-13-11.54.47-768x512.jpeg 768w\" sizes=\"auto, (max-width: 1280px) 100vw, 1280px\" \/><\/figure>\n\n\n\n<figure class=\"wp-block-image size-large\"><img loading=\"lazy\" decoding=\"async\" width=\"1280\" height=\"853\" data-id=\"1848\" src=\"http:\/\/prahasobe.cz\/praha6sobe\/wp-content\/uploads\/sites\/5\/2026\/04\/photo_2026-04-13-11.54.48.jpeg\" alt=\"Dobrovoln\u00edci ukl\u00edz\u00ed are\u00e1l D\u017eb\u00e1n Praha 6 b\u011bhem komunitn\u00ed akce\" class=\"wp-image-1848\" srcset=\"https:\/\/prahasobe.cz\/praha6sobe\/wp-content\/uploads\/sites\/5\/2026\/04\/photo_2026-04-13-11.54.48.jpeg 1280w, https:\/\/prahasobe.cz\/praha6sobe\/wp-content\/uploads\/sites\/5\/2026\/04\/photo_2026-04-13-11.54.48-300x200.jpeg 300w, https:\/\/prahasobe.cz\/praha6sobe\/wp-content\/uploads\/sites\/5\/2026\/04\/photo_2026-04-13-11.54.48-1024x682.jpeg 1024w, https:\/\/prahasobe.cz\/praha6sobe\/wp-content\/uploads\/sites\/5\/2026\/04\/photo_2026-04-13-11.54.48-768x512.jpeg 768w\" sizes=\"auto, (max-width: 1280px) 100vw, 1280px\" \/><\/figure>\n<\/figure>\n","protected":false},"excerpt":{"rendered":"<p>Poj\u010fme naplnit D\u017eb\u00e1n, \u0159\u00edkaj\u00ed. V&nbsp;podzimn\u00edch komun\u00e1ln\u00edch volb\u00e1ch v&nbsp;Praze 6 postav\u00ed Praha sob\u011b a&nbsp;Strana zelen\u00fdch spole\u010dnoukandid\u00e1tku. Spolupr\u00e1ce obou uskupen\u00ed stoj\u00ed na sd\u00edlen\u00fdch hodnot\u00e1ch \u2013 ochran\u011b ve\u0159ejn\u00e9ho prostoru,kvalitn\u00edm \u017eivotn\u00edm prost\u0159ed\u00ed i&nbsp;aktivn\u00edm zapojen\u00ed obyvatel do rozhodov\u00e1n\u00ed o&nbsp;budoucnosti m\u011bstsk\u00e9\u010d\u00e1sti. \u201cNa Praze 6 u\u017e dnes spolupracujeme na konkr\u00e9tn\u00edch v\u011bcech a&nbsp;d\u00e1v\u00e1 n\u00e1m smysl tuto zku\u0161enostp\u0159en\u00e9st i&nbsp;do voleb. Chceme nab\u00eddnout jasnou [&hellip;]<\/p>\n","protected":false},"author":9,"featured_media":1850,"comment_status":"open","ping_status":"open","sticky":false,"template":"","format":"standard","meta":{"_acf_changed":false,"inline_featured_image":false,"footnotes":""},"categories":[4],"tags":[],"class_list":["post-1833","post","type-post","status-publish","format-standard","has-post-thumbnail","hentry","category-news"],"acf":[],"aioseo_notices":[],"distributor_meta":false,"distributor_terms":false,"distributor_media":false,"distributor_original_site_name":"Praha6Sob\u011b","distributor_original_site_url":"https:\/\/prahasobe.cz\/praha6sobe","push-errors":false,"_links":{"self":[{"href":"https:\/\/prahasobe.cz\/praha6sobe\/wp-json\/wp\/v2\/posts\/1833","targetHints":{"allow":["GET"]}}],"collection":[{"href":"https:\/\/prahasobe.cz\/praha6sobe\/wp-json\/wp\/v2\/posts"}],"about":[{"href":"https:\/\/prahasobe.cz\/praha6sobe\/wp-json\/wp\/v2\/types\/post"}],"author":[{"embeddable":true,"href":"https:\/\/prahasobe.cz\/praha6sobe\/wp-json\/wp\/v2\/users\/9"}],"replies":[{"embeddable":true,"href":"https:\/\/prahasobe.cz\/praha6sobe\/wp-json\/wp\/v2\/comments?post=1833"}],"version-history":[{"count":3,"href":"https:\/\/prahasobe.cz\/praha6sobe\/wp-json\/wp\/v2\/posts\/1833\/revisions"}],"predecessor-version":[{"id":1852,"href":"https:\/\/prahasobe.cz\/praha6sobe\/wp-json\/wp\/v2\/posts\/1833\/revisions\/1852"}],"wp:featuredmedia":[{"embeddable":true,"href":"https:\/\/prahasobe.cz\/praha6sobe\/wp-json\/wp\/v2\/media\/1850"}],"wp:attachment":[{"href":"https:\/\/prahasobe.cz\/praha6sobe\/wp-json\/wp\/v2\/media?parent=1833"}],"wp:term":[{"taxonomy":"category","embeddable":true,"href":"https:\/\/prahasobe.cz\/praha6sobe\/wp-json\/wp\/v2\/categories?post=1833"},{"taxonomy":"post_tag","embeddable":true,"href":"https:\/\/prahasobe.cz\/praha6sobe\/wp-json\/wp\/v2\/tags?post=1833"}],"curies":[{"name":"wp","href":"https:\/\/api.w.org\/{rel}","templated":true}]}}