{"id":1831,"date":"2025-03-20T12:05:00","date_gmt":"2025-03-20T12:05:00","guid":{"rendered":"https:\/\/prahasobe.cz\/praha6sobe\/?p=1831"},"modified":"2026-04-13T10:32:35","modified_gmt":"2026-04-13T10:32:35","slug":"stavime-novou-skolku-na-cervenem-vrchu","status":"publish","type":"post","link":"https:\/\/prahasobe.cz\/praha6sobe\/2025\/03\/20\/stavime-novou-skolku-na-cervenem-vrchu\/","title":{"rendered":"Stav\u00edme novou \u0161kolku na \u010cerven\u00e9m vrchu"},"content":{"rendered":"\n<p>M\u00e1me skv\u011blou zpr\u00e1vu pro v\u0161echny rodi\u010de i&nbsp;d\u011bti ve Vokovic\u00edch! <img loading=\"lazy\" decoding=\"async\" height=\"16\" width=\"16\" src=\"https:\/\/static.xx.fbcdn.net\/images\/emoji.php\/v9\/tb\/2\/16\/1f499.png\" alt=\"\ud83d\udc99\"> Rada m\u011bstsk\u00e9 \u010d\u00e1sti schv\u00e1lila v\u00fdstavbu nov\u00e9 mate\u0159sk\u00e9 \u0161koly v&nbsp;are\u00e1lu Z\u0160 \u010cerven\u00fd Vrch. To znamen\u00e1 v\u00edce m\u00edst pro p\u0159ed\u0161kol\u00e1ky, modern\u00ed z\u00e1zem\u00ed a&nbsp;kvalitn\u00ed vzd\u011bl\u00e1vac\u00ed prost\u0159ed\u00ed.<\/p>\n\n\n\n<div style=\"height:20px\" aria-hidden=\"true\" class=\"wp-block-spacer\"><\/div>\n\n\n\n<p>\u201eZaji\u0161t\u011bn\u00ed dostate\u010dn\u00e9 kapacity v&nbsp;mate\u0159sk\u00fdch \u0161kol\u00e1ch je pro n\u00e1s prioritou. Rodi\u010de mus\u00ed m\u00edt jistotu, \u017ee jejich d\u011bti z\u00edskaj\u00ed kvalitn\u00ed p\u0159ed\u0161koln\u00ed vzd\u011bl\u00e1n\u00ed v&nbsp;dostupn\u00e9 lokalit\u011b. \u201cdod\u00e1v\u00e1 Mariana \u010capkov\u00e1 &#8211; m\u00edstostarostka Prahy 6.<\/p>\n\n\n\n<p>JAK BUDE NOV\u00c1 \u0160KOLKA VYPADAT?<\/p>\n\n\n\n<p>Tahle \u0161kolka nebude jen oby\u010dejn\u00e1 budova. Bude to modern\u00ed, chytr\u00fd a&nbsp;ekologick\u00fd prostor, kde se budou d\u011bti c\u00edtit skv\u011ble. \u0160pi\u010dkov\u00fd design zajistila architektonick\u00e1 sout\u011b\u017e, kde se se\u0161lo 21 n\u00e1vrh\u016f! Vyhr\u00e1l ateli\u00e9r re:architekti studio, s.r.o., kter\u00fd navrhl \u0161kolku, co zapadne do prost\u0159ed\u00ed, bude energeticky \u00fasporn\u00e1 a&nbsp;nab\u00eddne d\u011btem inspirativn\u00ed prostor.<\/p>\n\n\n\n<p>JAK TO BUDE PROB\u00cdHAT?<\/p>\n\n\n\n<p><img loading=\"lazy\" decoding=\"async\" height=\"16\" width=\"16\" alt=\"\ud83d\udcdd\" src=\"https:\/\/static.xx.fbcdn.net\/images\/emoji.php\/v9\/t6b\/2\/16\/1f4dd.png\"> Kl\u00ed\u010dov\u00e9 miln\u00edky:<\/p>\n\n\n\n<p><img loading=\"lazy\" decoding=\"async\" height=\"16\" width=\"16\" alt=\"\u2714\" src=\"https:\/\/static.xx.fbcdn.net\/images\/emoji.php\/v9\/td2\/2\/16\/2714.png\"> Duben 2025 \u2013 Uzav\u0159en\u00ed smlouvy o&nbsp;d\u00edlo se stavebn\u00ed firmou<\/p>\n\n\n\n<p><img loading=\"lazy\" decoding=\"async\" height=\"16\" width=\"16\" alt=\"\u2714\" src=\"https:\/\/static.xx.fbcdn.net\/images\/emoji.php\/v9\/td2\/2\/16\/2714.png\"> L\u00e9to\/podzim 2025 \u2013 Zah\u00e1jen\u00ed stavby<\/p>\n\n\n\n<p><img loading=\"lazy\" decoding=\"async\" height=\"16\" width=\"16\" alt=\"\u2714\" src=\"https:\/\/static.xx.fbcdn.net\/images\/emoji.php\/v9\/td2\/2\/16\/2714.png\"> Pr\u016fb\u011bh roku 2026 \u2013 Dokon\u010dovac\u00ed pr\u00e1ce<\/p>\n\n\n\n<p><img loading=\"lazy\" decoding=\"async\" height=\"16\" width=\"16\" alt=\"\u2714\" src=\"https:\/\/static.xx.fbcdn.net\/images\/emoji.php\/v9\/td2\/2\/16\/2714.png\"> Podzim 2026 \u2013 Otev\u0159en\u00ed nov\u00e9 \u0161kolky pro d\u011bti<\/p>\n\n\n\n<p>KOLIK TO BUDE ST\u00c1T?<\/p>\n\n\n\n<p>Celkov\u00e1 vysout\u011b\u017een\u00e1 cena \u010din\u00ed 113,6 milionu K\u010d bez DPH. Financov\u00e1n\u00ed je zaji\u0161t\u011bno z&nbsp;kapit\u00e1lov\u00fdch v\u00fddaj\u016f rozpo\u010dtu m\u011bstsk\u00e9 \u010d\u00e1sti. K&nbsp;tomu se sna\u017e\u00edme z\u00edskat dotaci z&nbsp;Moderniza\u010dn\u00edho fondu, co\u017e by mohlo pomoci pokr\u00fdt \u010d\u00e1st n\u00e1klad\u016f.<\/p>\n\n\n\n<p>\u0160KOLSTV\u00cd JE INVESTICE DO BUDOUCNOSTI<\/p>\n\n\n\n<p>Tento projekt nen\u00ed jen o&nbsp;jedn\u00e9 \u0161kolce \u2013 je to jasn\u00fd d\u016fkaz, \u017ee Praha 6 pod na\u0161\u00edm veden\u00edm dlouhodob\u011b investuje do vzd\u011bl\u00e1v\u00e1n\u00ed a&nbsp;modernizace \u0161kolsk\u00e9 infrastruktury. K&nbsp;ji\u017e realizovan\u00fdm nebo rozpracovan\u00fdm projekt\u016fm, jako jsou M\u0160 Vokovice, M\u0160 Libock\u00e1, vila Charlotta \u010di&nbsp;nov\u00e1 budova Z\u0160 B\u00edl\u00e1 v&nbsp;ulici Na Koc\u00ednce, se nyn\u00ed p\u0159id\u00e1v\u00e1 dal\u0161\u00ed v\u00fdznamn\u00e1 stavba \u2013 zcela nov\u00e1 mate\u0159sk\u00e1 \u0161kola na \u010cerven\u00e9m vrchu. Ta nejen roz\u0161\u00ed\u0159\u00ed kapacitu pro p\u0159ed\u0161koln\u00ed d\u011bti, ale z\u00e1rove\u0148 p\u0159inese kvalitn\u00ed architekturu, modern\u00ed vzd\u011bl\u00e1vac\u00ed prost\u0159ed\u00ed a&nbsp;ekologicky \u0161etrn\u00fd provoz. Rodi\u010de z\u00edskaj\u00ed v\u011bt\u0161\u00ed jistotu p\u0159i&nbsp;hled\u00e1n\u00ed \u0161kolky, d\u011bti pak inspirativn\u00ed m\u00edsto pro sv\u00e9 prvn\u00ed kr\u016f\u010dky ve vzd\u011bl\u00e1v\u00e1n\u00ed. <img loading=\"lazy\" decoding=\"async\" height=\"16\" width=\"16\" alt=\"\ud83c\udf92\" src=\"https:\/\/static.xx.fbcdn.net\/images\/emoji.php\/v9\/t43\/2\/16\/1f392.png\"><img loading=\"lazy\" decoding=\"async\" height=\"16\" width=\"16\" alt=\"\ud83c\udfe1\" src=\"https:\/\/static.xx.fbcdn.net\/images\/emoji.php\/v9\/t16\/2\/16\/1f3e1.png\"><\/p>\n\n\n\n<p><img loading=\"lazy\" decoding=\"async\" height=\"16\" width=\"16\" src=\"https:\/\/static.xx.fbcdn.net\/images\/emoji.php\/v9\/tfc\/2\/16\/1f4f7.png\" alt=\"\ud83d\udcf7\"> Vizualizace: re:architekti studio s.r.o.<\/p>\n\n\n\n<div style=\"height:20px\" aria-hidden=\"true\" class=\"wp-block-spacer\"><\/div>\n\n\n\n<figure class=\"wp-block-gallery has-nested-images columns-default is-cropped wp-block-gallery-1 is-layout-flex wp-block-gallery-is-layout-flex\">\n<figure class=\"wp-block-image size-large\"><img loading=\"lazy\" decoding=\"async\" width=\"1440\" height=\"960\" data-id=\"1853\" src=\"http:\/\/prahasobe.cz\/praha6sobe\/wp-content\/uploads\/sites\/5\/2026\/04\/485280071_647808031171964_5138926486289827081_n-2.jpg\" alt=\"Vizualizace nov\u00e9 mate\u0159sk\u00e9 \u0161koly \u010cerven\u00fd Vrch Praha 6 modern\u00ed budova \u0161kolky\" class=\"wp-image-1853\" srcset=\"https:\/\/prahasobe.cz\/praha6sobe\/wp-content\/uploads\/sites\/5\/2026\/04\/485280071_647808031171964_5138926486289827081_n-2.jpg 1440w, https:\/\/prahasobe.cz\/praha6sobe\/wp-content\/uploads\/sites\/5\/2026\/04\/485280071_647808031171964_5138926486289827081_n-2-300x200.jpg 300w, https:\/\/prahasobe.cz\/praha6sobe\/wp-content\/uploads\/sites\/5\/2026\/04\/485280071_647808031171964_5138926486289827081_n-2-1024x683.jpg 1024w, https:\/\/prahasobe.cz\/praha6sobe\/wp-content\/uploads\/sites\/5\/2026\/04\/485280071_647808031171964_5138926486289827081_n-2-768x512.jpg 768w\" sizes=\"auto, (max-width: 1440px) 100vw, 1440px\" \/><\/figure>\n\n\n\n<figure class=\"wp-block-image size-large\"><img loading=\"lazy\" decoding=\"async\" width=\"1440\" height=\"960\" data-id=\"1854\" src=\"http:\/\/prahasobe.cz\/praha6sobe\/wp-content\/uploads\/sites\/5\/2026\/04\/485393188_647808014505299_4984262031235567208_n-2.jpg\" alt=\"Vizualizace nov\u00e9 mate\u0159sk\u00e9 \u0161koly \u010cerven\u00fd Vrch Praha 6 modern\u00ed budova \u0161kolky\" class=\"wp-image-1854\" srcset=\"https:\/\/prahasobe.cz\/praha6sobe\/wp-content\/uploads\/sites\/5\/2026\/04\/485393188_647808014505299_4984262031235567208_n-2.jpg 1440w, https:\/\/prahasobe.cz\/praha6sobe\/wp-content\/uploads\/sites\/5\/2026\/04\/485393188_647808014505299_4984262031235567208_n-2-300x200.jpg 300w, https:\/\/prahasobe.cz\/praha6sobe\/wp-content\/uploads\/sites\/5\/2026\/04\/485393188_647808014505299_4984262031235567208_n-2-1024x683.jpg 1024w, https:\/\/prahasobe.cz\/praha6sobe\/wp-content\/uploads\/sites\/5\/2026\/04\/485393188_647808014505299_4984262031235567208_n-2-768x512.jpg 768w\" sizes=\"auto, (max-width: 1440px) 100vw, 1440px\" \/><\/figure>\n\n\n\n<figure class=\"wp-block-image size-large\"><img loading=\"lazy\" decoding=\"async\" width=\"1440\" height=\"862\" data-id=\"1855\" src=\"http:\/\/prahasobe.cz\/praha6sobe\/wp-content\/uploads\/sites\/5\/2026\/04\/485405518_647808024505298_5661362412033150448_n-2.jpg\" alt=\"Vizualizace nov\u00e9 mate\u0159sk\u00e9 \u0161koly \u010cerven\u00fd Vrch Praha 6 modern\u00ed budova \u0161kolky\" class=\"wp-image-1855\" srcset=\"https:\/\/prahasobe.cz\/praha6sobe\/wp-content\/uploads\/sites\/5\/2026\/04\/485405518_647808024505298_5661362412033150448_n-2.jpg 1440w, https:\/\/prahasobe.cz\/praha6sobe\/wp-content\/uploads\/sites\/5\/2026\/04\/485405518_647808024505298_5661362412033150448_n-2-300x180.jpg 300w, https:\/\/prahasobe.cz\/praha6sobe\/wp-content\/uploads\/sites\/5\/2026\/04\/485405518_647808024505298_5661362412033150448_n-2-1024x613.jpg 1024w, https:\/\/prahasobe.cz\/praha6sobe\/wp-content\/uploads\/sites\/5\/2026\/04\/485405518_647808024505298_5661362412033150448_n-2-768x460.jpg 768w\" sizes=\"auto, (max-width: 1440px) 100vw, 1440px\" \/><\/figure>\n\n\n\n<figure class=\"wp-block-image size-large\"><img loading=\"lazy\" decoding=\"async\" width=\"1440\" height=\"861\" data-id=\"1856\" src=\"http:\/\/prahasobe.cz\/praha6sobe\/wp-content\/uploads\/sites\/5\/2026\/04\/485696211_647808034505297_4604856565085219224_n-2.jpg\" alt=\"Vizualizace nov\u00e9 mate\u0159sk\u00e9 \u0161koly \u010cerven\u00fd Vrch Praha 6 modern\u00ed budova \u0161kolky\" class=\"wp-image-1856\" srcset=\"https:\/\/prahasobe.cz\/praha6sobe\/wp-content\/uploads\/sites\/5\/2026\/04\/485696211_647808034505297_4604856565085219224_n-2.jpg 1440w, https:\/\/prahasobe.cz\/praha6sobe\/wp-content\/uploads\/sites\/5\/2026\/04\/485696211_647808034505297_4604856565085219224_n-2-300x179.jpg 300w, https:\/\/prahasobe.cz\/praha6sobe\/wp-content\/uploads\/sites\/5\/2026\/04\/485696211_647808034505297_4604856565085219224_n-2-1024x612.jpg 1024w, https:\/\/prahasobe.cz\/praha6sobe\/wp-content\/uploads\/sites\/5\/2026\/04\/485696211_647808034505297_4604856565085219224_n-2-768x459.jpg 768w\" sizes=\"auto, (max-width: 1440px) 100vw, 1440px\" \/><\/figure>\n\n\n\n<figure class=\"wp-block-image size-large\"><img loading=\"lazy\" decoding=\"async\" width=\"1440\" height=\"960\" data-id=\"1857\" src=\"http:\/\/prahasobe.cz\/praha6sobe\/wp-content\/uploads\/sites\/5\/2026\/04\/486000736_647808027838631_1443703527468354058_n-2.jpg\" alt=\"Vizualizace nov\u00e9 mate\u0159sk\u00e9 \u0161koly \u010cerven\u00fd Vrch Praha 6 modern\u00ed budova \u0161kolky\" class=\"wp-image-1857\" srcset=\"https:\/\/prahasobe.cz\/praha6sobe\/wp-content\/uploads\/sites\/5\/2026\/04\/486000736_647808027838631_1443703527468354058_n-2.jpg 1440w, https:\/\/prahasobe.cz\/praha6sobe\/wp-content\/uploads\/sites\/5\/2026\/04\/486000736_647808027838631_1443703527468354058_n-2-300x200.jpg 300w, https:\/\/prahasobe.cz\/praha6sobe\/wp-content\/uploads\/sites\/5\/2026\/04\/486000736_647808027838631_1443703527468354058_n-2-1024x683.jpg 1024w, https:\/\/prahasobe.cz\/praha6sobe\/wp-content\/uploads\/sites\/5\/2026\/04\/486000736_647808027838631_1443703527468354058_n-2-768x512.jpg 768w\" sizes=\"auto, (max-width: 1440px) 100vw, 1440px\" \/><\/figure>\n<\/figure>\n","protected":false},"excerpt":{"rendered":"<p>M\u00e1me skv\u011blou zpr\u00e1vu pro v\u0161echny rodi\u010de i&nbsp;d\u011bti ve Vokovic\u00edch! Rada m\u011bstsk\u00e9 \u010d\u00e1sti schv\u00e1lila v\u00fdstavbu nov\u00e9 mate\u0159sk\u00e9 \u0161koly v&nbsp;are\u00e1lu Z\u0160 \u010cerven\u00fd Vrch. To znamen\u00e1 v\u00edce m\u00edst pro p\u0159ed\u0161kol\u00e1ky, modern\u00ed z\u00e1zem\u00ed a&nbsp;kvalitn\u00ed vzd\u011bl\u00e1vac\u00ed prost\u0159ed\u00ed. \u201eZaji\u0161t\u011bn\u00ed dostate\u010dn\u00e9 kapacity v&nbsp;mate\u0159sk\u00fdch \u0161kol\u00e1ch je pro n\u00e1s prioritou. Rodi\u010de mus\u00ed m\u00edt jistotu, \u017ee jejich d\u011bti z\u00edskaj\u00ed kvalitn\u00ed p\u0159ed\u0161koln\u00ed vzd\u011bl\u00e1n\u00ed v&nbsp;dostupn\u00e9 lokalit\u011b. \u201cdod\u00e1v\u00e1 [&hellip;]<\/p>\n","protected":false},"author":9,"featured_media":1858,"comment_status":"open","ping_status":"open","sticky":false,"template":"","format":"standard","meta":{"_acf_changed":false,"inline_featured_image":false,"footnotes":""},"categories":[4],"tags":[],"class_list":["post-1831","post","type-post","status-publish","format-standard","has-post-thumbnail","hentry","category-news"],"acf":[],"aioseo_notices":[],"distributor_meta":false,"distributor_terms":false,"distributor_media":false,"distributor_original_site_name":"Praha6Sob\u011b","distributor_original_site_url":"https:\/\/prahasobe.cz\/praha6sobe","push-errors":false,"_links":{"self":[{"href":"https:\/\/prahasobe.cz\/praha6sobe\/wp-json\/wp\/v2\/posts\/1831","targetHints":{"allow":["GET"]}}],"collection":[{"href":"https:\/\/prahasobe.cz\/praha6sobe\/wp-json\/wp\/v2\/posts"}],"about":[{"href":"https:\/\/prahasobe.cz\/praha6sobe\/wp-json\/wp\/v2\/types\/post"}],"author":[{"embeddable":true,"href":"https:\/\/prahasobe.cz\/praha6sobe\/wp-json\/wp\/v2\/users\/9"}],"replies":[{"embeddable":true,"href":"https:\/\/prahasobe.cz\/praha6sobe\/wp-json\/wp\/v2\/comments?post=1831"}],"version-history":[{"count":2,"href":"https:\/\/prahasobe.cz\/praha6sobe\/wp-json\/wp\/v2\/posts\/1831\/revisions"}],"predecessor-version":[{"id":1859,"href":"https:\/\/prahasobe.cz\/praha6sobe\/wp-json\/wp\/v2\/posts\/1831\/revisions\/1859"}],"wp:featuredmedia":[{"embeddable":true,"href":"https:\/\/prahasobe.cz\/praha6sobe\/wp-json\/wp\/v2\/media\/1858"}],"wp:attachment":[{"href":"https:\/\/prahasobe.cz\/praha6sobe\/wp-json\/wp\/v2\/media?parent=1831"}],"wp:term":[{"taxonomy":"category","embeddable":true,"href":"https:\/\/prahasobe.cz\/praha6sobe\/wp-json\/wp\/v2\/categories?post=1831"},{"taxonomy":"post_tag","embeddable":true,"href":"https:\/\/prahasobe.cz\/praha6sobe\/wp-json\/wp\/v2\/tags?post=1831"}],"curies":[{"name":"wp","href":"https:\/\/api.w.org\/{rel}","templated":true}]}}