{"id":1827,"date":"2025-04-05T11:28:00","date_gmt":"2025-04-05T11:28:00","guid":{"rendered":"https:\/\/prahasobe.cz\/praha6sobe\/?p=1827"},"modified":"2026-04-11T11:28:35","modified_gmt":"2026-04-11T11:28:35","slug":"bavime-se-o-praze-6","status":"publish","type":"post","link":"https:\/\/prahasobe.cz\/praha6sobe\/2025\/04\/05\/bavime-se-o-praze-6\/","title":{"rendered":"Bav\u00edme se o&nbsp;Praze 6"},"content":{"rendered":"\n<p>P\u0158IJ\u010eTE \u0158\u00cdCT, CO V\u00c1S TR\u00c1P\u00cd I&nbsp;CO SE V\u00c1M L\u00cdB\u00cd\u00a0<img loading=\"lazy\" decoding=\"async\" height=\"16\" width=\"16\" src=\"https:\/\/static.xx.fbcdn.net\/images\/emoji.php\/v9\/td\/2\/16\/1f4ac.png\" alt=\"\ud83d\udcac\"><\/p>\n\n\n\n<div style=\"height:20px\" aria-hidden=\"true\" class=\"wp-block-spacer\"><\/div>\n\n\n\n<p>Srde\u010dn\u011b v\u00e1s zveme na s\u00e9rii sousedsk\u00fdch setk\u00e1n\u00ed, kde se potk\u00e1te se z\u00e1stupci radnice a&nbsp;na\u0161imi zastupiteli za Prahu 6 sob\u011b. Bav\u00edme se o&nbsp;tom, co v\u00e1s p\u00e1l\u00ed \u2013 a&nbsp;hled\u00e1me spole\u010dn\u011b \u0159e\u0161en\u00ed.<\/p>\n\n\n\n<div style=\"height:20px\" aria-hidden=\"true\" class=\"wp-block-spacer\"><\/div>\n\n\n\n<p><img loading=\"lazy\" decoding=\"async\" height=\"16\" width=\"16\" src=\"https:\/\/static.xx.fbcdn.net\/images\/emoji.php\/v9\/tf0\/2\/16\/1f449.png\" alt=\"\ud83d\udc49\">\u00a0M\u00e1te ot\u00e1zky ke stavebn\u00edm projekt\u016fm, parkov\u00e1n\u00ed nebo doprav\u011b? Chcete podpo\u0159it vznik zelen\u00fdch ploch, nov\u00fdch h\u0159i\u0161\u0165 nebo kulturn\u00edch akc\u00ed? Nebo si jen chcete p\u0159ij\u00edt popov\u00eddat o&nbsp;tom, co se d\u011bje ve va\u0161\u00ed \u010dtvrti?<br>Kde a&nbsp;kdy se potk\u00e1me:<\/p>\n\n\n\n<div style=\"height:21px\" aria-hidden=\"true\" class=\"wp-block-spacer\"><\/div>\n\n\n\n<p>2.&nbsp;dubna | Bubene\u010d, Loty\u0161sk\u00e9 n\u00e1m\u011bst\u00ed<br>23.&nbsp;dubna | Vokovice\/\u010cerven\u00fd vrch, Park V&nbsp;St\u0159edu<br>14.&nbsp;kv\u011btna | Hanspaulka, Zelen\u00fd pl\u00e1cek u&nbsp;ul. Na Hanspaulce<br>18.&nbsp;\u010dervna | D\u011bdina\/Liboc<br>17.&nbsp;z\u00e1\u0159\u00ed | B\u0159evnov<br>15.&nbsp;\u0159\u00edjna | Dejvice<\/p>\n\n\n\n<div style=\"height:21px\" aria-hidden=\"true\" class=\"wp-block-spacer\"><\/div>\n\n\n\n<p><img loading=\"lazy\" decoding=\"async\" height=\"16\" width=\"16\" alt=\"\ud83d\udd54\" src=\"https:\/\/static.xx.fbcdn.net\/images\/emoji.php\/v9\/t4b\/2\/16\/1f554.png\">&nbsp;v\u017edy od 17:00 do 19:00<\/p>\n\n\n\n<p><img loading=\"lazy\" decoding=\"async\" height=\"16\" width=\"16\" src=\"https:\/\/static.xx.fbcdn.net\/images\/emoji.php\/v9\/t12\/2\/16\/2615.png\" alt=\"\u2615\">\u00a0Na m\u00edst\u011b pro v\u00e1s bude p\u0159ipraveno ob\u010derstven\u00ed ve form\u011b vody a&nbsp;k\u00e1vy. Tak\u00e9 bude k&nbsp;dispozici tradi\u010dn\u00ed mapa s&nbsp;hlavn\u00edmi diskusn\u00edmi body v&nbsp;konkr\u00e9tn\u00edm \u00fazem\u00ed.<\/p>\n\n\n\n<div style=\"height:20px\" aria-hidden=\"true\" class=\"wp-block-spacer\"><\/div>\n\n\n\n<p><img loading=\"lazy\" decoding=\"async\" height=\"16\" width=\"16\" src=\"https:\/\/static.xx.fbcdn.net\/images\/emoji.php\/v9\/t2a\/2\/16\/1f465.png\" alt=\"\ud83d\udc65\">\u00a0P\u0159ij\u010fte se setkat s&nbsp;na\u0161\u00ed m\u00edstostarostkou Marianou \u010capkovou a&nbsp;dal\u0161\u00edmi zastupiteli. A\u0165 u\u017e m\u00e1te na srdci konkr\u00e9tn\u00ed t\u00e9ma, kter\u00e9 chcete probrat, nebo se prost\u011b chcete p\u0159ipojit, vychutnat si k\u00e1vu a&nbsp;poslouchat, co se d\u011bje kolem, budeme velmi r\u00e1di, kdy\u017e se na setk\u00e1n\u00ed uvid\u00edme.<\/p>\n\n\n\n<div style=\"height:19px\" aria-hidden=\"true\" class=\"wp-block-spacer\"><\/div>\n\n\n\n<figure class=\"wp-block-image size-large\"><img loading=\"lazy\" decoding=\"async\" width=\"819\" height=\"1024\" src=\"http:\/\/prahasobe.cz\/praha6sobe\/wp-content\/uploads\/sites\/5\/2026\/04\/487686624_654194493866651_4581469307591204697_n-819x1024.jpg\" alt=\"Diskuze o doprav\u011b, parkov\u00e1n\u00ed a ve\u0159ejn\u00e9m prostoru Praha 6\" class=\"wp-image-1828\" srcset=\"https:\/\/prahasobe.cz\/praha6sobe\/wp-content\/uploads\/sites\/5\/2026\/04\/487686624_654194493866651_4581469307591204697_n-819x1024.jpg 819w, https:\/\/prahasobe.cz\/praha6sobe\/wp-content\/uploads\/sites\/5\/2026\/04\/487686624_654194493866651_4581469307591204697_n-240x300.jpg 240w, https:\/\/prahasobe.cz\/praha6sobe\/wp-content\/uploads\/sites\/5\/2026\/04\/487686624_654194493866651_4581469307591204697_n-768x960.jpg 768w, https:\/\/prahasobe.cz\/praha6sobe\/wp-content\/uploads\/sites\/5\/2026\/04\/487686624_654194493866651_4581469307591204697_n.jpg 1080w\" sizes=\"auto, (max-width: 819px) 100vw, 819px\" \/><\/figure>\n","protected":false},"excerpt":{"rendered":"<p>P\u0158IJ\u010eTE \u0158\u00cdCT, CO V\u00c1S TR\u00c1P\u00cd I&nbsp;CO SE V\u00c1M L\u00cdB\u00cd\u00a0 Srde\u010dn\u011b v\u00e1s zveme na s\u00e9rii sousedsk\u00fdch setk\u00e1n\u00ed, kde se potk\u00e1te se z\u00e1stupci radnice a&nbsp;na\u0161imi zastupiteli za Prahu 6 sob\u011b. Bav\u00edme se o&nbsp;tom, co v\u00e1s p\u00e1l\u00ed \u2013 a&nbsp;hled\u00e1me spole\u010dn\u011b \u0159e\u0161en\u00ed. \u00a0M\u00e1te ot\u00e1zky ke stavebn\u00edm projekt\u016fm, parkov\u00e1n\u00ed nebo doprav\u011b? Chcete podpo\u0159it vznik zelen\u00fdch ploch, nov\u00fdch h\u0159i\u0161\u0165 nebo kulturn\u00edch [&hellip;]<\/p>\n","protected":false},"author":9,"featured_media":1829,"comment_status":"open","ping_status":"open","sticky":false,"template":"","format":"standard","meta":{"_acf_changed":false,"inline_featured_image":false,"footnotes":""},"categories":[4],"tags":[],"class_list":["post-1827","post","type-post","status-publish","format-standard","has-post-thumbnail","hentry","category-news"],"acf":[],"aioseo_notices":[],"distributor_meta":false,"distributor_terms":false,"distributor_media":false,"distributor_original_site_name":"Praha6Sob\u011b","distributor_original_site_url":"https:\/\/prahasobe.cz\/praha6sobe","push-errors":false,"_links":{"self":[{"href":"https:\/\/prahasobe.cz\/praha6sobe\/wp-json\/wp\/v2\/posts\/1827","targetHints":{"allow":["GET"]}}],"collection":[{"href":"https:\/\/prahasobe.cz\/praha6sobe\/wp-json\/wp\/v2\/posts"}],"about":[{"href":"https:\/\/prahasobe.cz\/praha6sobe\/wp-json\/wp\/v2\/types\/post"}],"author":[{"embeddable":true,"href":"https:\/\/prahasobe.cz\/praha6sobe\/wp-json\/wp\/v2\/users\/9"}],"replies":[{"embeddable":true,"href":"https:\/\/prahasobe.cz\/praha6sobe\/wp-json\/wp\/v2\/comments?post=1827"}],"version-history":[{"count":1,"href":"https:\/\/prahasobe.cz\/praha6sobe\/wp-json\/wp\/v2\/posts\/1827\/revisions"}],"predecessor-version":[{"id":1830,"href":"https:\/\/prahasobe.cz\/praha6sobe\/wp-json\/wp\/v2\/posts\/1827\/revisions\/1830"}],"wp:featuredmedia":[{"embeddable":true,"href":"https:\/\/prahasobe.cz\/praha6sobe\/wp-json\/wp\/v2\/media\/1829"}],"wp:attachment":[{"href":"https:\/\/prahasobe.cz\/praha6sobe\/wp-json\/wp\/v2\/media?parent=1827"}],"wp:term":[{"taxonomy":"category","embeddable":true,"href":"https:\/\/prahasobe.cz\/praha6sobe\/wp-json\/wp\/v2\/categories?post=1827"},{"taxonomy":"post_tag","embeddable":true,"href":"https:\/\/prahasobe.cz\/praha6sobe\/wp-json\/wp\/v2\/tags?post=1827"}],"curies":[{"name":"wp","href":"https:\/\/api.w.org\/{rel}","templated":true}]}}