{"id":1795,"date":"2025-04-09T08:51:00","date_gmt":"2025-04-09T08:51:00","guid":{"rendered":"https:\/\/prahasobe.cz\/praha6sobe\/?p=1795"},"modified":"2026-04-11T10:29:22","modified_gmt":"2026-04-11T10:29:22","slug":"ohlednuti-za-setkanim-bavime-se-o-bubenci","status":"publish","type":"post","link":"https:\/\/prahasobe.cz\/praha6sobe\/2025\/04\/09\/ohlednuti-za-setkanim-bavime-se-o-bubenci\/","title":{"rendered":"Ohl\u00e9dnut\u00ed za setk\u00e1n\u00edm Bav\u00edme se o&nbsp;Buben\u010di!"},"content":{"rendered":"\n<p>D\u011bkujeme v\u0161em, kdo dorazili do parku Loty\u0161sk\u00e1 diskutovat s&nbsp;na\u0161imi zastupiteli za Prahu 6 sob\u011b o&nbsp;budoucnosti Buben\u010de a&nbsp;cel\u00e9 na\u0161\u00ed m\u011bstsk\u00e9 \u010d\u00e1sti. D\u00edky va\u0161\u00ed zp\u011btn\u00e9 vazb\u011b, post\u0159eh\u016fm i&nbsp;otev\u0159en\u00e9mu dialogu m\u016f\u017eeme l\u00e9pe reagovat na to, co je pro \u017eivot v&nbsp;Praze 6 skute\u010dn\u011b d\u016fle\u017eit\u00e9. <img loading=\"lazy\" decoding=\"async\" height=\"16\" width=\"16\" src=\"https:\/\/static.xx.fbcdn.net\/images\/emoji.php\/v9\/t7f\/2\/16\/1f3d9.png\" alt=\"\ud83c\udfd9\ufe0f\"><img loading=\"lazy\" decoding=\"async\" height=\"16\" width=\"16\" src=\"https:\/\/static.xx.fbcdn.net\/images\/emoji.php\/v9\/td\/2\/16\/1f4ac.png\" alt=\"\ud83d\udcac\"><\/p>\n\n\n\n<div style=\"height:20px\" aria-hidden=\"true\" class=\"wp-block-spacer\"><\/div>\n\n\n\n<p>Jedn\u00edm z&nbsp;hlavn\u00edch t\u00e9mat byla pl\u00e1novan\u00e1 rekonstrukce ulice \u010cs. arm\u00e1dy, ale mluvili jsme i&nbsp;o&nbsp;revitalizaci samotn\u00e9ho parku Loty\u0161sk\u00e1, pam\u00e1tn\u00edku Pra\u017esk\u00e9ho povst\u00e1n\u00ed, budoucnosti are\u00e1lu LDN Chittussiho, Hrad\u010dansk\u00e9m rozhran\u00ed a&nbsp;tak\u00e9 o&nbsp;provozu \u00dast\u0159edn\u00ed \u010dist\u00edrny odpadn\u00edch vod.<\/p>\n\n\n\n<div style=\"height:20px\" aria-hidden=\"true\" class=\"wp-block-spacer\"><\/div>\n\n\n\n<p><strong><img loading=\"lazy\" decoding=\"async\" height=\"16\" width=\"16\" src=\"https:\/\/static.xx.fbcdn.net\/images\/emoji.php\/v9\/td8\/2\/16\/1f4e2.png\" alt=\"\ud83d\udce2\"> A&nbsp;pokud jste to tentokr\u00e1t nestihli \u2013 nic nen\u00ed ztraceno!<\/strong><\/p>\n\n\n\n<p>Zveme v\u00e1s na pokra\u010dov\u00e1n\u00ed s\u00e9rie sousedsk\u00fdch setk\u00e1n\u00ed Bav\u00edme se o\u2026 kde se m\u016f\u017eete osobn\u011b potkat s&nbsp;na\u0161\u00ed <a href=\"https:\/\/www.facebook.com\/capkovamariana?__cft__[0]=AZYtvNBrBVf_xaaluSUQajNThCzGW217WA5vkcIpm2VHi-lo-aj3cQS5kO4zE7EdimRMm-KRDcc2rku6YSG-UkDqvU_FZBT9OfCJ-YbuROWPBLrBJY3v4_1R13BFdhOaywBORxLTK5KjKrtz4ziHH1EMNE1vvIEqSIUadEsWveuQWw&amp;__tn__=-]K-R\">Mariana \u010capkov\u00e1 &#8211; m\u00edstostarostka Prahy 6<\/a> a&nbsp;dal\u0161\u00edmi zastupiteli za Prahu 6 sob\u011b. P\u0159ij\u010fte \u0159\u00edct, co v\u00e1s tr\u00e1p\u00ed, co se v\u00e1m l\u00edb\u00ed, nebo si jen d\u00e1t kafe a&nbsp;popov\u00eddat si o&nbsp;tom, co se d\u011bje ve va\u0161\u00ed \u010dtvrti.<\/p>\n\n\n\n<div style=\"height:20px\" aria-hidden=\"true\" class=\"wp-block-spacer\"><\/div>\n\n\n\n<p><strong><img loading=\"lazy\" decoding=\"async\" height=\"16\" width=\"16\" src=\"https:\/\/static.xx.fbcdn.net\/images\/emoji.php\/v9\/tcc\/2\/16\/1f4cd.png\" alt=\"\ud83d\udccd\">Dal\u0161\u00ed term\u00edny:<\/strong><\/p>\n\n\n\n<p>23.&nbsp;dubna | Vokovice\/\u010cerven\u00fd vrch, Park V&nbsp;St\u0159edu<\/p>\n\n\n\n<p>14.&nbsp;kv\u011btna | Hanspaulka, Zelen\u00fd pl\u00e1cek u&nbsp;ul. Na Hanspaulce<\/p>\n\n\n\n<p>18.&nbsp;\u010dervna | D\u011bdina\/Liboc<\/p>\n\n\n\n<p>17.&nbsp;z\u00e1\u0159\u00ed | B\u0159evnov<\/p>\n\n\n\n<p>15.&nbsp;\u0159\u00edjna | Dejvice<\/p>\n\n\n\n<p><img loading=\"lazy\" decoding=\"async\" height=\"16\" width=\"16\" src=\"https:\/\/static.xx.fbcdn.net\/images\/emoji.php\/v9\/t4b\/2\/16\/1f554.png\" alt=\"\ud83d\udd54\"> v\u017edy od 17:00 do 19:00<\/p>\n\n\n\n<div style=\"height:20px\" aria-hidden=\"true\" class=\"wp-block-spacer\"><\/div>\n\n\n\n<p><img loading=\"lazy\" decoding=\"async\" height=\"16\" width=\"16\" src=\"https:\/\/static.xx.fbcdn.net\/images\/emoji.php\/v9\/t12\/2\/16\/2615.png\" alt=\"\u2615\"> Na m\u00edst\u011b v\u00e1s \u010dek\u00e1 k\u00e1va, voda a&nbsp;tradi\u010dn\u00ed mapa s&nbsp;hlavn\u00edmi diskusn\u00edmi body. T\u011b\u0161\u00edme se na v\u00e1s!<\/p>\n\n\n\n<div style=\"height:20px\" aria-hidden=\"true\" class=\"wp-block-spacer\"><\/div>\n\n\n\n<figure class=\"wp-block-gallery has-nested-images columns-default is-cropped wp-block-gallery-1 is-layout-flex wp-block-gallery-is-layout-flex\">\n<figure class=\"wp-block-image size-large\"><img loading=\"lazy\" decoding=\"async\" width=\"1280\" height=\"960\" data-id=\"1807\" src=\"http:\/\/prahasobe.cz\/praha6sobe\/wp-content\/uploads\/sites\/5\/2026\/04\/photo_2026-04-11-12.19.48.jpeg\" alt=\"Diskuze s obyvateli Buben\u010de o budoucnosti Prahy 6\" class=\"wp-image-1807\" srcset=\"https:\/\/prahasobe.cz\/praha6sobe\/wp-content\/uploads\/sites\/5\/2026\/04\/photo_2026-04-11-12.19.48.jpeg 1280w, https:\/\/prahasobe.cz\/praha6sobe\/wp-content\/uploads\/sites\/5\/2026\/04\/photo_2026-04-11-12.19.48-300x225.jpeg 300w, https:\/\/prahasobe.cz\/praha6sobe\/wp-content\/uploads\/sites\/5\/2026\/04\/photo_2026-04-11-12.19.48-1024x768.jpeg 1024w, https:\/\/prahasobe.cz\/praha6sobe\/wp-content\/uploads\/sites\/5\/2026\/04\/photo_2026-04-11-12.19.48-768x576.jpeg 768w\" sizes=\"auto, (max-width: 1280px) 100vw, 1280px\" \/><\/figure>\n\n\n\n<figure class=\"wp-block-image size-large\"><img loading=\"lazy\" decoding=\"async\" width=\"960\" height=\"1280\" data-id=\"1808\" src=\"http:\/\/prahasobe.cz\/praha6sobe\/wp-content\/uploads\/sites\/5\/2026\/04\/photo_2026-04-11-12.19.49.jpeg\" alt=\"Diskuze s obyvateli Buben\u010de o budoucnosti Prahy 6\" class=\"wp-image-1808\" srcset=\"https:\/\/prahasobe.cz\/praha6sobe\/wp-content\/uploads\/sites\/5\/2026\/04\/photo_2026-04-11-12.19.49.jpeg 960w, https:\/\/prahasobe.cz\/praha6sobe\/wp-content\/uploads\/sites\/5\/2026\/04\/photo_2026-04-11-12.19.49-225x300.jpeg 225w, https:\/\/prahasobe.cz\/praha6sobe\/wp-content\/uploads\/sites\/5\/2026\/04\/photo_2026-04-11-12.19.49-768x1024.jpeg 768w\" sizes=\"auto, (max-width: 960px) 100vw, 960px\" \/><\/figure>\n\n\n\n<figure class=\"wp-block-image size-large\"><img loading=\"lazy\" decoding=\"async\" width=\"1280\" height=\"960\" data-id=\"1809\" src=\"http:\/\/prahasobe.cz\/praha6sobe\/wp-content\/uploads\/sites\/5\/2026\/04\/photo_2026-04-11-12.19.50.jpeg\" alt=\"Diskuze s obyvateli Buben\u010de o budoucnosti Prahy 6\" class=\"wp-image-1809\" srcset=\"https:\/\/prahasobe.cz\/praha6sobe\/wp-content\/uploads\/sites\/5\/2026\/04\/photo_2026-04-11-12.19.50.jpeg 1280w, https:\/\/prahasobe.cz\/praha6sobe\/wp-content\/uploads\/sites\/5\/2026\/04\/photo_2026-04-11-12.19.50-300x225.jpeg 300w, https:\/\/prahasobe.cz\/praha6sobe\/wp-content\/uploads\/sites\/5\/2026\/04\/photo_2026-04-11-12.19.50-1024x768.jpeg 1024w, https:\/\/prahasobe.cz\/praha6sobe\/wp-content\/uploads\/sites\/5\/2026\/04\/photo_2026-04-11-12.19.50-768x576.jpeg 768w\" sizes=\"auto, (max-width: 1280px) 100vw, 1280px\" \/><\/figure>\n\n\n\n<figure class=\"wp-block-image size-large\"><img loading=\"lazy\" decoding=\"async\" width=\"1280\" height=\"960\" data-id=\"1810\" src=\"http:\/\/prahasobe.cz\/praha6sobe\/wp-content\/uploads\/sites\/5\/2026\/04\/photo_2026-04-11-12.19.52.jpeg\" alt=\"Diskuze s obyvateli Buben\u010de o budoucnosti Prahy 6\" class=\"wp-image-1810\" srcset=\"https:\/\/prahasobe.cz\/praha6sobe\/wp-content\/uploads\/sites\/5\/2026\/04\/photo_2026-04-11-12.19.52.jpeg 1280w, https:\/\/prahasobe.cz\/praha6sobe\/wp-content\/uploads\/sites\/5\/2026\/04\/photo_2026-04-11-12.19.52-300x225.jpeg 300w, https:\/\/prahasobe.cz\/praha6sobe\/wp-content\/uploads\/sites\/5\/2026\/04\/photo_2026-04-11-12.19.52-1024x768.jpeg 1024w, https:\/\/prahasobe.cz\/praha6sobe\/wp-content\/uploads\/sites\/5\/2026\/04\/photo_2026-04-11-12.19.52-768x576.jpeg 768w\" sizes=\"auto, (max-width: 1280px) 100vw, 1280px\" \/><\/figure>\n\n\n\n<figure class=\"wp-block-image size-large\"><img loading=\"lazy\" decoding=\"async\" width=\"1280\" height=\"960\" data-id=\"1811\" src=\"http:\/\/prahasobe.cz\/praha6sobe\/wp-content\/uploads\/sites\/5\/2026\/04\/photo_2026-04-11-12.19.38-1.jpeg\" alt=\"Diskuze s obyvateli Buben\u010de o budoucnosti Prahy 6\" class=\"wp-image-1811\" srcset=\"https:\/\/prahasobe.cz\/praha6sobe\/wp-content\/uploads\/sites\/5\/2026\/04\/photo_2026-04-11-12.19.38-1.jpeg 1280w, https:\/\/prahasobe.cz\/praha6sobe\/wp-content\/uploads\/sites\/5\/2026\/04\/photo_2026-04-11-12.19.38-1-300x225.jpeg 300w, https:\/\/prahasobe.cz\/praha6sobe\/wp-content\/uploads\/sites\/5\/2026\/04\/photo_2026-04-11-12.19.38-1-1024x768.jpeg 1024w, https:\/\/prahasobe.cz\/praha6sobe\/wp-content\/uploads\/sites\/5\/2026\/04\/photo_2026-04-11-12.19.38-1-768x576.jpeg 768w\" sizes=\"auto, (max-width: 1280px) 100vw, 1280px\" \/><\/figure>\n\n\n\n<figure class=\"wp-block-image size-large\"><img loading=\"lazy\" decoding=\"async\" width=\"1280\" height=\"1099\" data-id=\"1812\" src=\"http:\/\/prahasobe.cz\/praha6sobe\/wp-content\/uploads\/sites\/5\/2026\/04\/photo_2026-04-11-12.19.40-1.jpeg\" alt=\"Diskuze s obyvateli Buben\u010de o budoucnosti Prahy 6\" class=\"wp-image-1812\" srcset=\"https:\/\/prahasobe.cz\/praha6sobe\/wp-content\/uploads\/sites\/5\/2026\/04\/photo_2026-04-11-12.19.40-1.jpeg 1280w, https:\/\/prahasobe.cz\/praha6sobe\/wp-content\/uploads\/sites\/5\/2026\/04\/photo_2026-04-11-12.19.40-1-300x258.jpeg 300w, https:\/\/prahasobe.cz\/praha6sobe\/wp-content\/uploads\/sites\/5\/2026\/04\/photo_2026-04-11-12.19.40-1-1024x879.jpeg 1024w, https:\/\/prahasobe.cz\/praha6sobe\/wp-content\/uploads\/sites\/5\/2026\/04\/photo_2026-04-11-12.19.40-1-768x659.jpeg 768w\" sizes=\"auto, (max-width: 1280px) 100vw, 1280px\" \/><\/figure>\n\n\n\n<figure class=\"wp-block-image size-large\"><img loading=\"lazy\" decoding=\"async\" width=\"1280\" height=\"960\" data-id=\"1813\" src=\"http:\/\/prahasobe.cz\/praha6sobe\/wp-content\/uploads\/sites\/5\/2026\/04\/photo_2026-04-11-12.19.41-1.jpeg\" alt=\"Diskuze s obyvateli Buben\u010de o budoucnosti Prahy 6\" class=\"wp-image-1813\" srcset=\"https:\/\/prahasobe.cz\/praha6sobe\/wp-content\/uploads\/sites\/5\/2026\/04\/photo_2026-04-11-12.19.41-1.jpeg 1280w, https:\/\/prahasobe.cz\/praha6sobe\/wp-content\/uploads\/sites\/5\/2026\/04\/photo_2026-04-11-12.19.41-1-300x225.jpeg 300w, https:\/\/prahasobe.cz\/praha6sobe\/wp-content\/uploads\/sites\/5\/2026\/04\/photo_2026-04-11-12.19.41-1-1024x768.jpeg 1024w, https:\/\/prahasobe.cz\/praha6sobe\/wp-content\/uploads\/sites\/5\/2026\/04\/photo_2026-04-11-12.19.41-1-768x576.jpeg 768w\" sizes=\"auto, (max-width: 1280px) 100vw, 1280px\" \/><\/figure>\n\n\n\n<figure class=\"wp-block-image size-large\"><img loading=\"lazy\" decoding=\"async\" width=\"1280\" height=\"960\" data-id=\"1814\" src=\"http:\/\/prahasobe.cz\/praha6sobe\/wp-content\/uploads\/sites\/5\/2026\/04\/photo_2026-04-11-12.19.42-1.jpeg\" alt=\"Sousedsk\u00e9 setk\u00e1n\u00ed Bav\u00edme se o Buben\u010di Praha 6 v parku Loty\u0161sk\u00e1\" class=\"wp-image-1814\" srcset=\"https:\/\/prahasobe.cz\/praha6sobe\/wp-content\/uploads\/sites\/5\/2026\/04\/photo_2026-04-11-12.19.42-1.jpeg 1280w, https:\/\/prahasobe.cz\/praha6sobe\/wp-content\/uploads\/sites\/5\/2026\/04\/photo_2026-04-11-12.19.42-1-300x225.jpeg 300w, https:\/\/prahasobe.cz\/praha6sobe\/wp-content\/uploads\/sites\/5\/2026\/04\/photo_2026-04-11-12.19.42-1-1024x768.jpeg 1024w, https:\/\/prahasobe.cz\/praha6sobe\/wp-content\/uploads\/sites\/5\/2026\/04\/photo_2026-04-11-12.19.42-1-768x576.jpeg 768w\" sizes=\"auto, (max-width: 1280px) 100vw, 1280px\" \/><\/figure>\n\n\n\n<figure class=\"wp-block-image size-large\"><img loading=\"lazy\" decoding=\"async\" width=\"960\" height=\"1280\" data-id=\"1815\" src=\"http:\/\/prahasobe.cz\/praha6sobe\/wp-content\/uploads\/sites\/5\/2026\/04\/photo_2026-04-11-12.19.43-1.jpeg\" alt=\"Sousedsk\u00e9 setk\u00e1n\u00ed Bav\u00edme se o Buben\u010di Praha 6 v parku Loty\u0161sk\u00e1\" class=\"wp-image-1815\" srcset=\"https:\/\/prahasobe.cz\/praha6sobe\/wp-content\/uploads\/sites\/5\/2026\/04\/photo_2026-04-11-12.19.43-1.jpeg 960w, https:\/\/prahasobe.cz\/praha6sobe\/wp-content\/uploads\/sites\/5\/2026\/04\/photo_2026-04-11-12.19.43-1-225x300.jpeg 225w, https:\/\/prahasobe.cz\/praha6sobe\/wp-content\/uploads\/sites\/5\/2026\/04\/photo_2026-04-11-12.19.43-1-768x1024.jpeg 768w\" sizes=\"auto, (max-width: 960px) 100vw, 960px\" \/><\/figure>\n\n\n\n<figure class=\"wp-block-image size-large\"><img loading=\"lazy\" decoding=\"async\" width=\"1280\" height=\"960\" data-id=\"1816\" src=\"http:\/\/prahasobe.cz\/praha6sobe\/wp-content\/uploads\/sites\/5\/2026\/04\/photo_2026-04-11-12.19.35.jpeg\" alt=\"Sousedsk\u00e9 setk\u00e1n\u00ed Bav\u00edme se o Buben\u010di Praha 6 v parku Loty\u0161sk\u00e1\" class=\"wp-image-1816\" srcset=\"https:\/\/prahasobe.cz\/praha6sobe\/wp-content\/uploads\/sites\/5\/2026\/04\/photo_2026-04-11-12.19.35.jpeg 1280w, https:\/\/prahasobe.cz\/praha6sobe\/wp-content\/uploads\/sites\/5\/2026\/04\/photo_2026-04-11-12.19.35-300x225.jpeg 300w, https:\/\/prahasobe.cz\/praha6sobe\/wp-content\/uploads\/sites\/5\/2026\/04\/photo_2026-04-11-12.19.35-1024x768.jpeg 1024w, https:\/\/prahasobe.cz\/praha6sobe\/wp-content\/uploads\/sites\/5\/2026\/04\/photo_2026-04-11-12.19.35-768x576.jpeg 768w\" sizes=\"auto, (max-width: 1280px) 100vw, 1280px\" \/><\/figure>\n\n\n\n<figure class=\"wp-block-image size-large\"><img loading=\"lazy\" decoding=\"async\" width=\"1280\" height=\"960\" data-id=\"1817\" src=\"http:\/\/prahasobe.cz\/praha6sobe\/wp-content\/uploads\/sites\/5\/2026\/04\/photo_2026-04-11-12.19.36.jpeg\" alt=\"Sousedsk\u00e9 setk\u00e1n\u00ed Bav\u00edme se o Buben\u010di Praha 6 v parku Loty\u0161sk\u00e1\" class=\"wp-image-1817\" srcset=\"https:\/\/prahasobe.cz\/praha6sobe\/wp-content\/uploads\/sites\/5\/2026\/04\/photo_2026-04-11-12.19.36.jpeg 1280w, https:\/\/prahasobe.cz\/praha6sobe\/wp-content\/uploads\/sites\/5\/2026\/04\/photo_2026-04-11-12.19.36-300x225.jpeg 300w, https:\/\/prahasobe.cz\/praha6sobe\/wp-content\/uploads\/sites\/5\/2026\/04\/photo_2026-04-11-12.19.36-1024x768.jpeg 1024w, https:\/\/prahasobe.cz\/praha6sobe\/wp-content\/uploads\/sites\/5\/2026\/04\/photo_2026-04-11-12.19.36-768x576.jpeg 768w\" sizes=\"auto, (max-width: 1280px) 100vw, 1280px\" \/><\/figure>\n\n\n\n<figure class=\"wp-block-image size-large\"><img loading=\"lazy\" decoding=\"async\" width=\"1280\" height=\"960\" data-id=\"1818\" src=\"http:\/\/prahasobe.cz\/praha6sobe\/wp-content\/uploads\/sites\/5\/2026\/04\/photo_2026-04-11-12.19.37.jpeg\" alt=\"Sousedsk\u00e9 setk\u00e1n\u00ed Bav\u00edme se o Buben\u010di Praha 6 v parku Loty\u0161sk\u00e1\" class=\"wp-image-1818\" srcset=\"https:\/\/prahasobe.cz\/praha6sobe\/wp-content\/uploads\/sites\/5\/2026\/04\/photo_2026-04-11-12.19.37.jpeg 1280w, https:\/\/prahasobe.cz\/praha6sobe\/wp-content\/uploads\/sites\/5\/2026\/04\/photo_2026-04-11-12.19.37-300x225.jpeg 300w, https:\/\/prahasobe.cz\/praha6sobe\/wp-content\/uploads\/sites\/5\/2026\/04\/photo_2026-04-11-12.19.37-1024x768.jpeg 1024w, https:\/\/prahasobe.cz\/praha6sobe\/wp-content\/uploads\/sites\/5\/2026\/04\/photo_2026-04-11-12.19.37-768x576.jpeg 768w\" sizes=\"auto, (max-width: 1280px) 100vw, 1280px\" \/><\/figure>\n<\/figure>\n","protected":false},"excerpt":{"rendered":"<p>D\u011bkujeme v\u0161em, kdo dorazili do parku Loty\u0161sk\u00e1 diskutovat s&nbsp;na\u0161imi zastupiteli za Prahu 6 sob\u011b o&nbsp;budoucnosti Buben\u010de a&nbsp;cel\u00e9 na\u0161\u00ed m\u011bstsk\u00e9 \u010d\u00e1sti. D\u00edky va\u0161\u00ed zp\u011btn\u00e9 vazb\u011b, post\u0159eh\u016fm i&nbsp;otev\u0159en\u00e9mu dialogu m\u016f\u017eeme l\u00e9pe reagovat na to, co je pro \u017eivot v&nbsp;Praze 6 skute\u010dn\u011b d\u016fle\u017eit\u00e9. Jedn\u00edm z&nbsp;hlavn\u00edch t\u00e9mat byla pl\u00e1novan\u00e1 rekonstrukce ulice \u010cs. arm\u00e1dy, ale mluvili jsme i&nbsp;o&nbsp;revitalizaci samotn\u00e9ho parku [&hellip;]<\/p>\n","protected":false},"author":9,"featured_media":1819,"comment_status":"open","ping_status":"open","sticky":false,"template":"","format":"standard","meta":{"_acf_changed":false,"inline_featured_image":false,"footnotes":""},"categories":[4],"tags":[],"class_list":["post-1795","post","type-post","status-publish","format-standard","has-post-thumbnail","hentry","category-news"],"acf":[],"aioseo_notices":[],"distributor_meta":false,"distributor_terms":false,"distributor_media":false,"distributor_original_site_name":"Praha6Sob\u011b","distributor_original_site_url":"https:\/\/prahasobe.cz\/praha6sobe","push-errors":false,"_links":{"self":[{"href":"https:\/\/prahasobe.cz\/praha6sobe\/wp-json\/wp\/v2\/posts\/1795","targetHints":{"allow":["GET"]}}],"collection":[{"href":"https:\/\/prahasobe.cz\/praha6sobe\/wp-json\/wp\/v2\/posts"}],"about":[{"href":"https:\/\/prahasobe.cz\/praha6sobe\/wp-json\/wp\/v2\/types\/post"}],"author":[{"embeddable":true,"href":"https:\/\/prahasobe.cz\/praha6sobe\/wp-json\/wp\/v2\/users\/9"}],"replies":[{"embeddable":true,"href":"https:\/\/prahasobe.cz\/praha6sobe\/wp-json\/wp\/v2\/comments?post=1795"}],"version-history":[{"count":1,"href":"https:\/\/prahasobe.cz\/praha6sobe\/wp-json\/wp\/v2\/posts\/1795\/revisions"}],"predecessor-version":[{"id":1820,"href":"https:\/\/prahasobe.cz\/praha6sobe\/wp-json\/wp\/v2\/posts\/1795\/revisions\/1820"}],"wp:featuredmedia":[{"embeddable":true,"href":"https:\/\/prahasobe.cz\/praha6sobe\/wp-json\/wp\/v2\/media\/1819"}],"wp:attachment":[{"href":"https:\/\/prahasobe.cz\/praha6sobe\/wp-json\/wp\/v2\/media?parent=1795"}],"wp:term":[{"taxonomy":"category","embeddable":true,"href":"https:\/\/prahasobe.cz\/praha6sobe\/wp-json\/wp\/v2\/categories?post=1795"},{"taxonomy":"post_tag","embeddable":true,"href":"https:\/\/prahasobe.cz\/praha6sobe\/wp-json\/wp\/v2\/tags?post=1795"}],"curies":[{"name":"wp","href":"https:\/\/api.w.org\/{rel}","templated":true}]}}