{"id":1772,"date":"2025-04-27T12:37:00","date_gmt":"2025-04-27T12:37:00","guid":{"rendered":"https:\/\/prahasobe.cz\/praha6sobe\/?p=1772"},"modified":"2026-04-09T12:49:01","modified_gmt":"2026-04-09T12:49:01","slug":"ohlednuti-za-setkanim-bavime-se-o-vokovicich","status":"publish","type":"post","link":"https:\/\/prahasobe.cz\/praha6sobe\/2025\/04\/27\/ohlednuti-za-setkanim-bavime-se-o-vokovicich\/","title":{"rendered":"Ohl\u00e9dnut\u00ed za setk\u00e1n\u00edm Bav\u00edme se o&nbsp;Vokovic\u00edch!"},"content":{"rendered":"\n<p>D\u011bkujeme v\u0161em, kdo dorazili do parku V&nbsp;St\u0159edu diskutovat s&nbsp;na\u0161imi zastupiteli za Prahu 6 sob\u011b o&nbsp;budoucnosti Vokovic, \u010cerven\u00e9ho vrchu i&nbsp;cel\u00e9 na\u0161\u00ed m\u011bstsk\u00e9 \u010d\u00e1sti. D\u00edky va\u0161\u00ed zp\u011btn\u00e9 vazb\u011b, post\u0159eh\u016fm i&nbsp;otev\u0159en\u00e9mu dialogu m\u016f\u017eeme l\u00e9pe reagovat na to, co je pro \u017eivot v&nbsp;Praze 6 skute\u010dn\u011b d\u016fle\u017eit\u00e9.<\/p>\n\n\n\n<div style=\"height:20px\" aria-hidden=\"true\" class=\"wp-block-spacer\"><\/div>\n\n\n\n<p>Jedn\u00edm z&nbsp;hlavn\u00edch t\u00e9mat byla revitalizace h\u0159i\u0161t\u011b Egyptsk\u00e1 a&nbsp;jeho okol\u00ed, ale mluvili jsme i&nbsp;o&nbsp;prom\u011bn\u011b b\u00fdval\u00e9ho Strnadova zahradnictv\u00ed, propojen\u00ed ve\u0159ejn\u00e9ho prostoru na ose \u010cerven\u00fd vrch, nav\u00fd\u0161en\u00ed kapacit \u0161kolek, v\u00fdstavb\u011b projektu \u0160\u00e1rka by Crestyl a&nbsp;souvisej\u00edc\u00edch dopravn\u00edch opat\u0159en\u00edch, o&nbsp;are\u00e1lu D\u017eb\u00e1n, z\u00e1mku Veleslav\u00edn i&nbsp;o&nbsp;roz\u0161\u00ed\u0159en\u00ed Horom\u011b\u0159ick\u00e9 ulice.<\/p>\n\n\n\n<div style=\"height:20px\" aria-hidden=\"true\" class=\"wp-block-spacer\"><\/div>\n\n\n\n<p>A pokud jste to tentokr\u00e1t nestihli \u2013 nic nen\u00ed ztraceno!<\/p>\n\n\n\n<p>Zveme v\u00e1s na pokra\u010dov\u00e1n\u00ed s\u00e9rie sousedsk\u00fdch setk\u00e1n\u00ed Bav\u00edme se o\u2026, kde se m\u016f\u017eete osobn\u011b potkat s&nbsp;na\u0161\u00ed <a href=\"https:\/\/www.facebook.com\/capkovamariana?__cft__[0]=AZYV3sFdLWDct92QBELXUT_A12PsapMwVM-_P2m7hq6DF6rN-DgTRX1oFHwIUYBx_v3mQqmDRg_fY5DO9EnltrGuISrjoLrMgRex0l5nNURTZq9SLsflbE2Xx5DHc4SFA5pEHqsBP7MEOVGBKMQfEw96d6IP7BynFlTd4Hrduf5XuQ&amp;__tn__=-]K-R\">Mariana \u010capkov\u00e1 &#8211; m\u00edstostarostka Prahy 6<\/a> a&nbsp;dal\u0161\u00edmi zastupiteli za Prahu 6 sob\u011b. P\u0159ij\u010fte \u0159\u00edct, co v\u00e1s tr\u00e1p\u00ed, co se v\u00e1m l\u00edb\u00ed, nebo si jen d\u00e1t kafe a&nbsp;popov\u00eddat si o&nbsp;tom, co se d\u011bje ve va\u0161\u00ed \u010dtvrti.<\/p>\n\n\n\n<div style=\"height:20px\" aria-hidden=\"true\" class=\"wp-block-spacer\"><\/div>\n\n\n\n<p><strong><img loading=\"lazy\" decoding=\"async\" height=\"16\" width=\"16\" src=\"https:\/\/static.xx.fbcdn.net\/images\/emoji.php\/v9\/tcc\/2\/16\/1f4cd.png\" alt=\"\ud83d\udccd\">Dal\u0161\u00ed term\u00edny:<\/strong><\/p>\n\n\n\n<p>14.&nbsp;kv\u011btna | Hanspaulka, Zelen\u00fd pl\u00e1cek u&nbsp;ul. Na Hanspaulce<\/p>\n\n\n\n<p>18.&nbsp;\u010dervna | D\u011bdina\/Liboc<\/p>\n\n\n\n<p>17.&nbsp;z\u00e1\u0159\u00ed | B\u0159evnov<\/p>\n\n\n\n<p>15.&nbsp;\u0159\u00edjna | Dejvice<\/p>\n\n\n\n<p><img loading=\"lazy\" decoding=\"async\" height=\"16\" width=\"16\" src=\"https:\/\/static.xx.fbcdn.net\/images\/emoji.php\/v9\/t4b\/2\/16\/1f554.png\" alt=\"\ud83d\udd54\"> v\u017edy od 17:00 do 19:00<\/p>\n\n\n\n<div style=\"height:20px\" aria-hidden=\"true\" class=\"wp-block-spacer\"><\/div>\n\n\n\n<p><img loading=\"lazy\" decoding=\"async\" height=\"16\" width=\"16\" src=\"https:\/\/static.xx.fbcdn.net\/images\/emoji.php\/v9\/t12\/2\/16\/2615.png\" alt=\"\u2615\"> \u010cek\u00e1 na v\u00e1s tradi\u010dn\u011b k\u00e1va, voda a&nbsp;mapa se v\u0161\u00edm d\u016fle\u017eit\u00fdm. P\u0159ij\u010fte \u0159\u00edct, co v\u00e1s p\u00e1l\u00ed \u2013 nebo co se v\u00e1m l\u00edb\u00ed. T\u011b\u0161\u00edme se na v\u00e1s!<\/p>\n\n\n\n<div style=\"height:20px\" aria-hidden=\"true\" class=\"wp-block-spacer\"><\/div>\n\n\n\n<figure class=\"wp-block-gallery has-nested-images columns-default is-cropped wp-block-gallery-1 is-layout-flex wp-block-gallery-is-layout-flex\">\n<figure class=\"wp-block-image size-large\"><img loading=\"lazy\" decoding=\"async\" width=\"1280\" height=\"960\" data-id=\"1777\" src=\"http:\/\/prahasobe.cz\/praha6sobe\/wp-content\/uploads\/sites\/5\/2026\/04\/photo_2026-04-09-14.40.44.jpeg\" alt=\"Komunitn\u00ed setk\u00e1n\u00ed v parku V St\u0159edu Praha 6 Vokovice\" class=\"wp-image-1777\" srcset=\"https:\/\/prahasobe.cz\/praha6sobe\/wp-content\/uploads\/sites\/5\/2026\/04\/photo_2026-04-09-14.40.44.jpeg 1280w, https:\/\/prahasobe.cz\/praha6sobe\/wp-content\/uploads\/sites\/5\/2026\/04\/photo_2026-04-09-14.40.44-300x225.jpeg 300w, https:\/\/prahasobe.cz\/praha6sobe\/wp-content\/uploads\/sites\/5\/2026\/04\/photo_2026-04-09-14.40.44-1024x768.jpeg 1024w, https:\/\/prahasobe.cz\/praha6sobe\/wp-content\/uploads\/sites\/5\/2026\/04\/photo_2026-04-09-14.40.44-768x576.jpeg 768w\" sizes=\"auto, (max-width: 1280px) 100vw, 1280px\" \/><\/figure>\n\n\n\n<figure class=\"wp-block-image size-large\"><img loading=\"lazy\" decoding=\"async\" width=\"960\" height=\"1280\" data-id=\"1779\" src=\"http:\/\/prahasobe.cz\/praha6sobe\/wp-content\/uploads\/sites\/5\/2026\/04\/photo_2026-04-09-14.40.45.jpeg\" alt=\"Komunitn\u00ed setk\u00e1n\u00ed v parku V St\u0159edu Praha 6 Vokovice\" class=\"wp-image-1779\" srcset=\"https:\/\/prahasobe.cz\/praha6sobe\/wp-content\/uploads\/sites\/5\/2026\/04\/photo_2026-04-09-14.40.45.jpeg 960w, https:\/\/prahasobe.cz\/praha6sobe\/wp-content\/uploads\/sites\/5\/2026\/04\/photo_2026-04-09-14.40.45-225x300.jpeg 225w, https:\/\/prahasobe.cz\/praha6sobe\/wp-content\/uploads\/sites\/5\/2026\/04\/photo_2026-04-09-14.40.45-768x1024.jpeg 768w\" sizes=\"auto, (max-width: 960px) 100vw, 960px\" \/><\/figure>\n\n\n\n<figure class=\"wp-block-image size-large\"><img loading=\"lazy\" decoding=\"async\" width=\"1280\" height=\"960\" data-id=\"1780\" src=\"http:\/\/prahasobe.cz\/praha6sobe\/wp-content\/uploads\/sites\/5\/2026\/04\/photo_2026-04-09-14.40.46.jpeg\" alt=\"Diskuze s obyvateli Vokovic a \u010cerven\u00e9ho vrchu Praha 6\" class=\"wp-image-1780\" srcset=\"https:\/\/prahasobe.cz\/praha6sobe\/wp-content\/uploads\/sites\/5\/2026\/04\/photo_2026-04-09-14.40.46.jpeg 1280w, https:\/\/prahasobe.cz\/praha6sobe\/wp-content\/uploads\/sites\/5\/2026\/04\/photo_2026-04-09-14.40.46-300x225.jpeg 300w, https:\/\/prahasobe.cz\/praha6sobe\/wp-content\/uploads\/sites\/5\/2026\/04\/photo_2026-04-09-14.40.46-1024x768.jpeg 1024w, https:\/\/prahasobe.cz\/praha6sobe\/wp-content\/uploads\/sites\/5\/2026\/04\/photo_2026-04-09-14.40.46-768x576.jpeg 768w\" sizes=\"auto, (max-width: 1280px) 100vw, 1280px\" \/><\/figure>\n\n\n\n<figure class=\"wp-block-image size-large\"><img loading=\"lazy\" decoding=\"async\" width=\"1280\" height=\"960\" data-id=\"1781\" src=\"http:\/\/prahasobe.cz\/praha6sobe\/wp-content\/uploads\/sites\/5\/2026\/04\/photo_2026-04-09-14.40.47.jpeg\" alt=\"Diskuze s obyvateli Vokovic a \u010cerven\u00e9ho vrchu Praha 6\" class=\"wp-image-1781\" srcset=\"https:\/\/prahasobe.cz\/praha6sobe\/wp-content\/uploads\/sites\/5\/2026\/04\/photo_2026-04-09-14.40.47.jpeg 1280w, https:\/\/prahasobe.cz\/praha6sobe\/wp-content\/uploads\/sites\/5\/2026\/04\/photo_2026-04-09-14.40.47-300x225.jpeg 300w, https:\/\/prahasobe.cz\/praha6sobe\/wp-content\/uploads\/sites\/5\/2026\/04\/photo_2026-04-09-14.40.47-1024x768.jpeg 1024w, https:\/\/prahasobe.cz\/praha6sobe\/wp-content\/uploads\/sites\/5\/2026\/04\/photo_2026-04-09-14.40.47-768x576.jpeg 768w\" sizes=\"auto, (max-width: 1280px) 100vw, 1280px\" \/><\/figure>\n\n\n\n<figure class=\"wp-block-image size-large\"><img loading=\"lazy\" decoding=\"async\" width=\"1280\" height=\"960\" data-id=\"1782\" src=\"http:\/\/prahasobe.cz\/praha6sobe\/wp-content\/uploads\/sites\/5\/2026\/04\/photo_2026-04-09-14.40.48-1.jpeg\" alt=\"Diskuze s obyvateli Vokovic a \u010cerven\u00e9ho vrchu Praha 6\" class=\"wp-image-1782\" srcset=\"https:\/\/prahasobe.cz\/praha6sobe\/wp-content\/uploads\/sites\/5\/2026\/04\/photo_2026-04-09-14.40.48-1.jpeg 1280w, https:\/\/prahasobe.cz\/praha6sobe\/wp-content\/uploads\/sites\/5\/2026\/04\/photo_2026-04-09-14.40.48-1-300x225.jpeg 300w, https:\/\/prahasobe.cz\/praha6sobe\/wp-content\/uploads\/sites\/5\/2026\/04\/photo_2026-04-09-14.40.48-1-1024x768.jpeg 1024w, https:\/\/prahasobe.cz\/praha6sobe\/wp-content\/uploads\/sites\/5\/2026\/04\/photo_2026-04-09-14.40.48-1-768x576.jpeg 768w\" sizes=\"auto, (max-width: 1280px) 100vw, 1280px\" \/><\/figure>\n\n\n\n<figure class=\"wp-block-image size-large\"><img loading=\"lazy\" decoding=\"async\" width=\"1280\" height=\"960\" data-id=\"1783\" src=\"http:\/\/prahasobe.cz\/praha6sobe\/wp-content\/uploads\/sites\/5\/2026\/04\/photo_2026-04-09-14.40.48.jpeg\" alt=\"Diskuze s obyvateli Vokovic a \u010cerven\u00e9ho vrchu Praha 6\" class=\"wp-image-1783\" srcset=\"https:\/\/prahasobe.cz\/praha6sobe\/wp-content\/uploads\/sites\/5\/2026\/04\/photo_2026-04-09-14.40.48.jpeg 1280w, https:\/\/prahasobe.cz\/praha6sobe\/wp-content\/uploads\/sites\/5\/2026\/04\/photo_2026-04-09-14.40.48-300x225.jpeg 300w, https:\/\/prahasobe.cz\/praha6sobe\/wp-content\/uploads\/sites\/5\/2026\/04\/photo_2026-04-09-14.40.48-1024x768.jpeg 1024w, https:\/\/prahasobe.cz\/praha6sobe\/wp-content\/uploads\/sites\/5\/2026\/04\/photo_2026-04-09-14.40.48-768x576.jpeg 768w\" sizes=\"auto, (max-width: 1280px) 100vw, 1280px\" \/><\/figure>\n\n\n\n<figure class=\"wp-block-image size-large\"><img loading=\"lazy\" decoding=\"async\" width=\"960\" height=\"1280\" data-id=\"1784\" src=\"http:\/\/prahasobe.cz\/praha6sobe\/wp-content\/uploads\/sites\/5\/2026\/04\/photo_2026-04-09-14.40.49.jpeg\" alt=\"Diskuze s obyvateli Vokovic a \u010cerven\u00e9ho vrchu Praha 6\" class=\"wp-image-1784\" srcset=\"https:\/\/prahasobe.cz\/praha6sobe\/wp-content\/uploads\/sites\/5\/2026\/04\/photo_2026-04-09-14.40.49.jpeg 960w, https:\/\/prahasobe.cz\/praha6sobe\/wp-content\/uploads\/sites\/5\/2026\/04\/photo_2026-04-09-14.40.49-225x300.jpeg 225w, https:\/\/prahasobe.cz\/praha6sobe\/wp-content\/uploads\/sites\/5\/2026\/04\/photo_2026-04-09-14.40.49-768x1024.jpeg 768w\" sizes=\"auto, (max-width: 960px) 100vw, 960px\" \/><\/figure>\n\n\n\n<figure class=\"wp-block-image size-large\"><img loading=\"lazy\" decoding=\"async\" width=\"960\" height=\"1280\" data-id=\"1785\" src=\"http:\/\/prahasobe.cz\/praha6sobe\/wp-content\/uploads\/sites\/5\/2026\/04\/photo_2026-04-09-14.40.50-1.jpeg\" alt=\"\" class=\"wp-image-1785\" srcset=\"https:\/\/prahasobe.cz\/praha6sobe\/wp-content\/uploads\/sites\/5\/2026\/04\/photo_2026-04-09-14.40.50-1.jpeg 960w, https:\/\/prahasobe.cz\/praha6sobe\/wp-content\/uploads\/sites\/5\/2026\/04\/photo_2026-04-09-14.40.50-1-225x300.jpeg 225w, https:\/\/prahasobe.cz\/praha6sobe\/wp-content\/uploads\/sites\/5\/2026\/04\/photo_2026-04-09-14.40.50-1-768x1024.jpeg 768w\" sizes=\"auto, (max-width: 960px) 100vw, 960px\" \/><\/figure>\n\n\n\n<figure class=\"wp-block-image size-large\"><img loading=\"lazy\" decoding=\"async\" width=\"960\" height=\"1280\" data-id=\"1786\" src=\"http:\/\/prahasobe.cz\/praha6sobe\/wp-content\/uploads\/sites\/5\/2026\/04\/photo_2026-04-09-14.40.50.jpeg\" alt=\"Sousedsk\u00e9 setk\u00e1n\u00ed Bav\u00edme se o Vokovic\u00edch Praha 6\" class=\"wp-image-1786\" srcset=\"https:\/\/prahasobe.cz\/praha6sobe\/wp-content\/uploads\/sites\/5\/2026\/04\/photo_2026-04-09-14.40.50.jpeg 960w, https:\/\/prahasobe.cz\/praha6sobe\/wp-content\/uploads\/sites\/5\/2026\/04\/photo_2026-04-09-14.40.50-225x300.jpeg 225w, https:\/\/prahasobe.cz\/praha6sobe\/wp-content\/uploads\/sites\/5\/2026\/04\/photo_2026-04-09-14.40.50-768x1024.jpeg 768w\" sizes=\"auto, (max-width: 960px) 100vw, 960px\" \/><\/figure>\n\n\n\n<figure class=\"wp-block-image size-large\"><img loading=\"lazy\" decoding=\"async\" width=\"960\" height=\"1280\" data-id=\"1787\" src=\"http:\/\/prahasobe.cz\/praha6sobe\/wp-content\/uploads\/sites\/5\/2026\/04\/photo_2026-04-09-14.40.52-1.jpeg\" alt=\"Sousedsk\u00e9 setk\u00e1n\u00ed Bav\u00edme se o Vokovic\u00edch Praha 6\" class=\"wp-image-1787\" srcset=\"https:\/\/prahasobe.cz\/praha6sobe\/wp-content\/uploads\/sites\/5\/2026\/04\/photo_2026-04-09-14.40.52-1.jpeg 960w, https:\/\/prahasobe.cz\/praha6sobe\/wp-content\/uploads\/sites\/5\/2026\/04\/photo_2026-04-09-14.40.52-1-225x300.jpeg 225w, https:\/\/prahasobe.cz\/praha6sobe\/wp-content\/uploads\/sites\/5\/2026\/04\/photo_2026-04-09-14.40.52-1-768x1024.jpeg 768w\" sizes=\"auto, (max-width: 960px) 100vw, 960px\" \/><\/figure>\n\n\n\n<figure class=\"wp-block-image size-large\"><img loading=\"lazy\" decoding=\"async\" width=\"960\" height=\"1280\" data-id=\"1788\" src=\"http:\/\/prahasobe.cz\/praha6sobe\/wp-content\/uploads\/sites\/5\/2026\/04\/photo_2026-04-09-14.40.52.jpeg\" alt=\"Sousedsk\u00e9 setk\u00e1n\u00ed Bav\u00edme se o Vokovic\u00edch Praha 6\" class=\"wp-image-1788\" srcset=\"https:\/\/prahasobe.cz\/praha6sobe\/wp-content\/uploads\/sites\/5\/2026\/04\/photo_2026-04-09-14.40.52.jpeg 960w, https:\/\/prahasobe.cz\/praha6sobe\/wp-content\/uploads\/sites\/5\/2026\/04\/photo_2026-04-09-14.40.52-225x300.jpeg 225w, https:\/\/prahasobe.cz\/praha6sobe\/wp-content\/uploads\/sites\/5\/2026\/04\/photo_2026-04-09-14.40.52-768x1024.jpeg 768w\" sizes=\"auto, (max-width: 960px) 100vw, 960px\" \/><\/figure>\n\n\n\n<figure class=\"wp-block-image size-large\"><img loading=\"lazy\" decoding=\"async\" width=\"1280\" height=\"960\" data-id=\"1789\" src=\"http:\/\/prahasobe.cz\/praha6sobe\/wp-content\/uploads\/sites\/5\/2026\/04\/photo_2026-04-09-14.40.42.jpeg\" alt=\"Sousedsk\u00e9 setk\u00e1n\u00ed Bav\u00edme se o Vokovic\u00edch Praha 6\" class=\"wp-image-1789\" srcset=\"https:\/\/prahasobe.cz\/praha6sobe\/wp-content\/uploads\/sites\/5\/2026\/04\/photo_2026-04-09-14.40.42.jpeg 1280w, https:\/\/prahasobe.cz\/praha6sobe\/wp-content\/uploads\/sites\/5\/2026\/04\/photo_2026-04-09-14.40.42-300x225.jpeg 300w, https:\/\/prahasobe.cz\/praha6sobe\/wp-content\/uploads\/sites\/5\/2026\/04\/photo_2026-04-09-14.40.42-1024x768.jpeg 1024w, https:\/\/prahasobe.cz\/praha6sobe\/wp-content\/uploads\/sites\/5\/2026\/04\/photo_2026-04-09-14.40.42-768x576.jpeg 768w\" sizes=\"auto, (max-width: 1280px) 100vw, 1280px\" \/><\/figure>\n\n\n\n<figure class=\"wp-block-image size-large\"><img loading=\"lazy\" decoding=\"async\" width=\"1280\" height=\"960\" data-id=\"1790\" src=\"http:\/\/prahasobe.cz\/praha6sobe\/wp-content\/uploads\/sites\/5\/2026\/04\/photo_2026-04-09-14.40.44-1.jpeg\" alt=\"Sousedsk\u00e9 setk\u00e1n\u00ed Bav\u00edme se o Vokovic\u00edch Praha 6\" class=\"wp-image-1790\" srcset=\"https:\/\/prahasobe.cz\/praha6sobe\/wp-content\/uploads\/sites\/5\/2026\/04\/photo_2026-04-09-14.40.44-1.jpeg 1280w, https:\/\/prahasobe.cz\/praha6sobe\/wp-content\/uploads\/sites\/5\/2026\/04\/photo_2026-04-09-14.40.44-1-300x225.jpeg 300w, https:\/\/prahasobe.cz\/praha6sobe\/wp-content\/uploads\/sites\/5\/2026\/04\/photo_2026-04-09-14.40.44-1-1024x768.jpeg 1024w, https:\/\/prahasobe.cz\/praha6sobe\/wp-content\/uploads\/sites\/5\/2026\/04\/photo_2026-04-09-14.40.44-1-768x576.jpeg 768w\" sizes=\"auto, (max-width: 1280px) 100vw, 1280px\" \/><\/figure>\n<\/figure>\n","protected":false},"excerpt":{"rendered":"<p>D\u011bkujeme v\u0161em, kdo dorazili do parku V&nbsp;St\u0159edu diskutovat s&nbsp;na\u0161imi zastupiteli za Prahu 6 sob\u011b o&nbsp;budoucnosti Vokovic, \u010cerven\u00e9ho vrchu i&nbsp;cel\u00e9 na\u0161\u00ed m\u011bstsk\u00e9 \u010d\u00e1sti. D\u00edky va\u0161\u00ed zp\u011btn\u00e9 vazb\u011b, post\u0159eh\u016fm i&nbsp;otev\u0159en\u00e9mu dialogu m\u016f\u017eeme l\u00e9pe reagovat na to, co je pro \u017eivot v&nbsp;Praze 6 skute\u010dn\u011b d\u016fle\u017eit\u00e9. Jedn\u00edm z&nbsp;hlavn\u00edch t\u00e9mat byla revitalizace h\u0159i\u0161t\u011b Egyptsk\u00e1 a&nbsp;jeho okol\u00ed, ale mluvili jsme i&nbsp;o&nbsp;prom\u011bn\u011b [&hellip;]<\/p>\n","protected":false},"author":9,"featured_media":1791,"comment_status":"open","ping_status":"open","sticky":false,"template":"","format":"standard","meta":{"_acf_changed":false,"inline_featured_image":false,"footnotes":""},"categories":[4],"tags":[],"class_list":["post-1772","post","type-post","status-publish","format-standard","has-post-thumbnail","hentry","category-news"],"acf":[],"aioseo_notices":[],"distributor_meta":false,"distributor_terms":false,"distributor_media":false,"distributor_original_site_name":"Praha6Sob\u011b","distributor_original_site_url":"https:\/\/prahasobe.cz\/praha6sobe","push-errors":false,"_links":{"self":[{"href":"https:\/\/prahasobe.cz\/praha6sobe\/wp-json\/wp\/v2\/posts\/1772","targetHints":{"allow":["GET"]}}],"collection":[{"href":"https:\/\/prahasobe.cz\/praha6sobe\/wp-json\/wp\/v2\/posts"}],"about":[{"href":"https:\/\/prahasobe.cz\/praha6sobe\/wp-json\/wp\/v2\/types\/post"}],"author":[{"embeddable":true,"href":"https:\/\/prahasobe.cz\/praha6sobe\/wp-json\/wp\/v2\/users\/9"}],"replies":[{"embeddable":true,"href":"https:\/\/prahasobe.cz\/praha6sobe\/wp-json\/wp\/v2\/comments?post=1772"}],"version-history":[{"count":1,"href":"https:\/\/prahasobe.cz\/praha6sobe\/wp-json\/wp\/v2\/posts\/1772\/revisions"}],"predecessor-version":[{"id":1792,"href":"https:\/\/prahasobe.cz\/praha6sobe\/wp-json\/wp\/v2\/posts\/1772\/revisions\/1792"}],"wp:featuredmedia":[{"embeddable":true,"href":"https:\/\/prahasobe.cz\/praha6sobe\/wp-json\/wp\/v2\/media\/1791"}],"wp:attachment":[{"href":"https:\/\/prahasobe.cz\/praha6sobe\/wp-json\/wp\/v2\/media?parent=1772"}],"wp:term":[{"taxonomy":"category","embeddable":true,"href":"https:\/\/prahasobe.cz\/praha6sobe\/wp-json\/wp\/v2\/categories?post=1772"},{"taxonomy":"post_tag","embeddable":true,"href":"https:\/\/prahasobe.cz\/praha6sobe\/wp-json\/wp\/v2\/tags?post=1772"}],"curies":[{"name":"wp","href":"https:\/\/api.w.org\/{rel}","templated":true}]}}